{"id":333251,"date":"2026-08-25T07:25:15","date_gmt":"2026-08-25T07:25:15","guid":{"rendered":"https:\/\/www.europesays.com\/no\/333251\/"},"modified":"2026-08-25T07:25:15","modified_gmt":"2026-08-25T07:25:15","slug":"kona-til-olaf-tufte-etter-dodsfallet-bunnlos-sorg","status":"publish","type":"post","link":"https:\/\/www.europesays.com\/no\/333251\/","title":{"rendered":"Kona til Olaf Tufte etter d\u00f8dsfallet: \u2013 Bunnl\u00f8s sorg"},"content":{"rendered":"\n<p class=\"_lead_145nj_2 _lead_6fko5_53 layout-component text-serif-m layout-normal text-serif-l layout-component layout-wide layout-padded _wide_17hqh_1 layout-padded\">For litt over \u00e9n m\u00e5ned side d\u00f8de Olaf Tufte. N\u00e5 uttaler kona Aina seg for f\u00f8rste gang. <\/p>\n<p><img alt=\" Foto: Fredrik Solstad \/ VG\" class=\"_image_jw3bv_65 layout-component layout-wide\" data-fullscreen- data-track-element-type=\"Article image fullscreen\" data-track-name=\"ImageFullscreen\" fetchpriority=\"high\" decoding=\"sync\" loading=\"eager\" height=\"2867\" itemprop=\"image\"  src=\"https:\/\/www.europesays.com\/no\/wp-content\/uploads\/2026\/08\/79801285-7a7c-3147-a190-e453eb437c21.jpeg\"  style=\"object-position:0% 0%\" width=\"3823\"\/> Foto: Fredrik Solstad \/ VG<\/p>\n<ul aria-hidden=\"true\" class=\"_images_ntbth_112\">\n<li><a class=\"_link_ntbth_117\" href=\"https:\/\/www.vg.no\/forfatter\/marius-medby\" style=\"z-index:1\" title=\"Marius Medby\" rel=\"nofollow noopener\" target=\"_blank\"><img alt=\"Bilde av Marius Medby\" class=\"_image_ntbth_93\" fetchpriority=\"low\" loading=\"lazy\" decoding=\"async\" itemprop=\"image\"  src=\"https:\/\/www.europesays.com\/no\/wp-content\/uploads\/2026\/08\/1787642712_7_7fce7743-7f51-4a52-810a-ae43b183c86f.jpeg\"  width=\"480\"\/><\/a><\/li>\n<\/ul>\n<p> Oppdatert tirsdag 25. august kl. 09:00     <\/p>\n<p class=\"_paragraph_145nj_4 _paragraph_6fko5_10 layout-component text-serif-m layout-normal text-serif-m layout-padded\">I slutten av juli ble <a href=\"https:\/\/www.vg.no\/tag\/olaf-tufte?utm_source=vg-article&amp;utm_medium=auto-tagger&amp;utm_campaign=rrG6B8\" class=\"_link_145nj_39\" rel=\"nofollow noopener\" target=\"_blank\">Olaf Tufte<\/a> funnet bevisstl\u00f8s p\u00e5 g\u00e5rden sin. Han ble fraktet med luftambulansen til Rikshospitalet, men livet sto ikke til \u00e5 redde. <\/p>\n<p class=\"_paragraph_145nj_4 _paragraph_6fko5_10 layout-component text-serif-m layout-normal text-serif-m layout-padded\"><a href=\"https:\/\/www.vg.no\/sport\/i\/V65Oe3\/olaf-tufte-er-doed\" data-track-element-type=\"Link\" data-track-id=\"link:V65Oe3\" class=\"_link_145nj_39\" rel=\"nofollow noopener\" target=\"_blank\">Han d\u00f8de som f\u00f8lge av akutt hjertestans. <\/a><\/p>\n<p class=\"_paragraph_145nj_4 _paragraph_6fko5_10 layout-component text-serif-m layout-normal text-serif-m layout-padded\">Igjen st\u00e5r hans to barn og kone, Aina Tufte. Tirsdag morgen delte hun et innlegg p\u00e5 Facebook om livet etter d\u00f8dsfallet. <\/p>\n<p class=\"_paragraph_145nj_4 _paragraph_6fko5_10 layout-component text-serif-m layout-normal text-serif-m layout-padded\"><strong class=\"_strong_145nj_25\">\u2013 Fem uker med sjokk og en bunnl\u00f8s sorg. Samtidig har livet fortsatt \u00e5 kreve sitt. Det praktiske p\u00e5 g\u00e5rden skal gj\u00f8res, dagene skal leves \u2013 og midt i alt kjenner jeg hvor tydelig Olafs verdier fortsatt er til stede, skriver hun i innlegget. <\/strong><\/p>\n<p><img alt=\"Premierefest p\u00e5 \u00abMesternes Mester\u00bb i 2022.  Foto: Frode Hansen \/ VG\" class=\"_image_jw3bv_65 layout-component layout-normal\" data-fullscreen- data-track-element-type=\"Article image fullscreen\" data-track-name=\"ImageFullscreen\" decoding=\"async\" loading=\"lazy\" height=\"3648\" itemprop=\"image\"  src=\"https:\/\/www.europesays.com\/no\/wp-content\/uploads\/2026\/08\/d6ff36ae-4373-3da9-9ce1-80964bc60d62.jpeg\"  style=\"object-position:0% 0%\" width=\"5092\"\/>Premierefest p\u00e5 \u00abMesternes Mester\u00bb i 2022.  Foto: Frode Hansen \/ VGFlere hilsener <\/p>\n<p class=\"_paragraph_145nj_4 _paragraph_6fko5_10 layout-component text-serif-m layout-normal text-serif-m layout-padded\">Hun forteller at hun har mottatt en overveldende mengde st\u00f8tte fra mennesker over hele landet, i form av ord, handlinger og hilsener. Flere har fortalt om hvordan avd\u00f8de Tufte gjorde inntrykk p\u00e5 dem. <\/p>\n<p class=\"_paragraph_145nj_4 _paragraph_6fko5_10 layout-component text-serif-m layout-normal text-serif-m layout-padded\"><strong class=\"_strong_145nj_25\">\u2013 Kanskje aller mest r\u00f8rer det meg \u00e5 se hvordan dere lar det han sto for, f\u00e5 betydning videre i deres egne liv, skriver hun videre.<\/strong><\/p>\n<p class=\"_paragraph_145nj_4 _paragraph_6fko5_10 layout-component text-serif-m layout-normal text-serif-m layout-padded\">De siste ukene har Aina forst\u00e5tt hvor stort fellesskapet rundt Tufte og familien faktisk er, skriver hun. Hun peker p\u00e5 Olafs verdier, \u00e6rligheten, takknemligheten, arbeidsviljen og at verdiene de to delte ikke skal stoppe selv etter hans d\u00f8dsfall.<\/p>\n<p class=\"_paragraph_145nj_4 _paragraph_6fko5_10 layout-component text-serif-m layout-normal text-serif-m layout-padded\">\u2013 Mange av dere har allerede delt tanker om hvordan. Fortsett gjerne med det. Vi skal lytte, samle de beste ideene og bruke tiden klokt. Dette er ikke slutten p\u00e5 historien om det Olaf sto for. Det er begynnelsen p\u00e5 hvordan vi b\u00e6rer det videre. Sammen.<\/p>\n<p><img alt=\"Olaf Tufte og Aina Tufte i 2008.  Foto: Kristian Helgesen \/ VG\" class=\"_image_jw3bv_65 layout-component layout-normal\" data-fullscreen- data-track-element-type=\"Article image fullscreen\" data-track-name=\"ImageFullscreen\" decoding=\"async\" loading=\"lazy\" height=\"2912\" itemprop=\"image\"  src=\"https:\/\/www.europesays.com\/no\/wp-content\/uploads\/2026\/08\/8253af1b-43ce-3602-92c5-84d52d88a9e7.jpeg\"  style=\"object-position:0% 0%\" width=\"4368\"\/>Olaf Tufte og Aina Tufte i 2008.  Foto: Kristian Helgesen \/ VG\u2013 Fine, gode, mannen min<\/p>\n<p class=\"_paragraph_145nj_4 _paragraph_6fko5_10 layout-component text-serif-m layout-normal text-serif-m layout-padded\"><a href=\"https:\/\/www.vg.no\/nyheter\/i\/rrG6B8\/kona-til-olaf-tufte-etter-doedsfallet-bunnloes-sorg\" data-track-element-type=\"Link\" data-track-id=\"link:rrG6B8\" class=\"_link_145nj_39\" rel=\"nofollow noopener\" target=\"_blank\">Tufte ble gravlagt 31. juli. <\/a><\/p>\n<p class=\"_paragraph_145nj_4 _paragraph_6fko5_10 layout-component text-serif-m layout-normal text-serif-m layout-padded\">\u2013 Kj\u00e6re, fine, gode, mannen min. Du elsket hele meg med hele deg.<\/p>\n<p class=\"_paragraph_145nj_4 _paragraph_6fko5_10 layout-component text-serif-m layout-normal text-serif-m layout-padded\">Slik startet Aina Tuftes tale.<\/p>\n<p class=\"_paragraph_145nj_4 _paragraph_6fko5_10 layout-component text-serif-m layout-normal text-serif-m layout-padded\">\u2013 Jeg ble sett, m\u00f8tt, utfordret, tatt vare p\u00e5 og bygget opp av deg. Hver gang \u00f8ynene v\u00e5re m\u00f8ttes, f\u00f8lte jeg den st\u00f8rste trygghet. Det var en enorm kj\u00e6rlighet i \u00f8ynene dine.<\/p>\n<p class=\"_paragraph_145nj_4 _paragraph_6fko5_10 layout-component text-serif-m layout-normal text-serif-m layout-padded\">\u2013 Vi sa ofte: \u00abDu og jeg, alltid\u00bb. Og vi mente det.<\/p>\n<p class=\"_paragraph_145nj_4 _paragraph_6fko5_10 layout-component text-serif-m layout-normal text-serif-m layout-padded\">P\u00e5 innsiden av kirken var det satt frem arbeidskl\u00e6r, en rodrakt og en trestubbe med en \u00f8ks i.<\/p>\n<p>    <img decoding=\"async\" alt=\"Tips oss illustrasjon\" src=\"https:\/\/www.europesays.com\/no\/wp-content\/uploads\/2026\/08\/1787642715_467_pssst-small.webp\"\/>    <\/p>\n<p class=\"title-serif-s\">Har du tips?<\/p>\n<p class=\"text-sans-m\">Send oss informasjon, bilder eller video.<\/p>\n<p>  <a href=\"https:\/\/www.vg.no\/tips-oss\" rel=\"nofollow noopener\" target=\"_blank\"> Tips oss <\/a>      <\/p>\n","protected":false},"excerpt":{"rendered":"For litt over \u00e9n m\u00e5ned side d\u00f8de Olaf Tufte. N\u00e5 uttaler kona Aina seg for f\u00f8rste gang. Foto:&hellip;\n","protected":false},"author":2,"featured_media":333252,"comment_status":"","ping_status":"","sticky":false,"template":"","format":"standard","meta":{"footnotes":"","_share_on_mastodon":"0"},"categories":[59],"tags":[31,576,30,28,29,11809,6178,83,82],"class_list":["post-333251","post","type-post","status-publish","format-standard","has-post-thumbnail","category-sport","tag-breaking","tag-dodsfall","tag-no","tag-norge","tag-norway","tag-olaf-tufte","tag-sorg","tag-sport","tag-sports"],"share_on_mastodon":{"url":"https:\/\/pubeurope.com\/@no\/117154960879496174","error":""},"_links":{"self":[{"href":"https:\/\/www.europesays.com\/no\/wp-json\/wp\/v2\/posts\/333251","targetHints":{"allow":["GET"]}}],"collection":[{"href":"https:\/\/www.europesays.com\/no\/wp-json\/wp\/v2\/posts"}],"about":[{"href":"https:\/\/www.europesays.com\/no\/wp-json\/wp\/v2\/types\/post"}],"author":[{"embeddable":true,"href":"https:\/\/www.europesays.com\/no\/wp-json\/wp\/v2\/users\/2"}],"replies":[{"embeddable":true,"href":"https:\/\/www.europesays.com\/no\/wp-json\/wp\/v2\/comments?post=333251"}],"version-history":[{"count":0,"href":"https:\/\/www.europesays.com\/no\/wp-json\/wp\/v2\/posts\/333251\/revisions"}],"wp:featuredmedia":[{"embeddable":true,"href":"https:\/\/www.europesays.com\/no\/wp-json\/wp\/v2\/media\/333252"}],"wp:attachment":[{"href":"https:\/\/www.europesays.com\/no\/wp-json\/wp\/v2\/media?parent=333251"}],"wp:term":[{"taxonomy":"category","embeddable":true,"href":"https:\/\/www.europesays.com\/no\/wp-json\/wp\/v2\/categories?post=333251"},{"taxonomy":"post_tag","embeddable":true,"href":"https:\/\/www.europesays.com\/no\/wp-json\/wp\/v2\/tags?post=333251"}],"curies":[{"name":"wp","href":"https:\/\/api.w.org\/{rel}","templated":true}]}}