{"id":33329,"date":"2025-09-12T08:52:24","date_gmt":"2025-09-12T08:52:24","guid":{"rendered":"https:\/\/www.europesays.com\/no\/33329\/"},"modified":"2025-09-12T08:52:24","modified_gmt":"2025-09-12T08:52:24","slug":"ekspert-frykter-signe-gaupset-exit","status":"publish","type":"post","link":"https:\/\/www.europesays.com\/no\/33329\/","title":{"rendered":"Ekspert frykter Signe Gaupset-exit"},"content":{"rendered":"\n<ul class=\"_list_ew2ao_3 _list_64s2r_85 _unordered_ew2ao_99 text-sans-m\">\n<li class=\"_item_ew2ao_30\">20 \u00e5r gamle Signe Gaupset nok et gjennombrudd i EM med to m\u00e5l og to m\u00e5lgivende mot Island.<\/li>\n<li class=\"_item_ew2ao_30\">Storkamp mot Manchester United kan bli publikumsrekord p\u00e5 Brann Stadion.<\/li>\n<li class=\"_item_ew2ao_30\">Ekspert tviler p\u00e5 hvor lenge Brann klarer \u00e5 beholde stortalentet.<\/li>\n<\/ul>\n<p>Vis mer <\/p>\n<p class=\"_paragraph_ew2ao_4 _paragraph_xtcu6_10 layout-component text-serif-m layout-normal text-serif-m layout-padded\">20-\u00e5ringens liv ble nesten endret over natten etter at hun fikk tillit fra start i EM og puttet to m\u00e5l og ga to m\u00e5lgivende mot Island. <\/p>\n<p class=\"_paragraph_ew2ao_4 _paragraph_xtcu6_10 layout-component text-serif-m layout-normal text-serif-m layout-padded\">Hun gikk rett inn hos det norske folk, i utlandet, <a href=\"https:\/\/www.nytimes.com\/athletic\/6519181\/2025\/07\/28\/uefa-womens-euro-2025-best-player-favourite-moments-biggest-disappointments-and-more\/\" class=\"_link_ew2ao_39\" rel=\"nofollow noopener\" target=\"_blank\">blir sammenlignet med Wayne Rooney,<\/a> og innr\u00f8mmer selv at hverdagen har endret seg etter at hun kom tilbake til Bergen og startet oppkj\u00f8ringen med Brann. <\/p>\n<p class=\"_paragraph_ew2ao_4 _paragraph_xtcu6_10 layout-component text-serif-m layout-normal text-serif-m layout-padded\">\u2013 Jeg merker jo at det er st\u00f8rre interesse og at det er flere som har f\u00e5tt opp \u00f8yene for meg. Jeg blir stoppet mer p\u00e5 gaten enn tidligere, sier Gaupset til VG. <\/p>\n<p><img decoding=\"async\" alt=\"Bilde av Signe Gaupset\" class=\"_image_ygndg_42\" height=\"27\" itemprop=\"image\" loading=\"lazy\"  src=\"https:\/\/www.europesays.com\/no\/wp-content\/uploads\/2025\/09\/c05acc43-b1a7-4bea-b472-3ab538319acf\"  width=\"40\"\/><strong class=\"_name_ygndg_51 title-serif-xs\">Signe Gaupset<\/strong><\/p>\n<p class=\"_paragraph_ew2ao_4 text-sans-m _description_ygndg_56\">Brann og Norge<\/p>\n<p class=\"_paragraph_ew2ao_4 _paragraph_xtcu6_10 layout-component text-serif-m layout-normal text-serif-m layout-padded\">Sp\u00f8rs om den interessen ikke blir noe mindre etter storkampen mot Manchester United torsdag, <a href=\"https:\/\/tv.vg.no\/video\/340799\/brann-manchester-united\" class=\"_link_ew2ao_39\" rel=\"nofollow noopener\" target=\"_blank\">som VG Sport+ viser.<\/a> <\/p>\n<p class=\"_paragraph_ew2ao_4 _paragraph_xtcu6_10 layout-component text-serif-m layout-normal text-serif-m layout-padded\">\u2013 Vi skj\u00f8nner at det er l\u00e5nt tid, vi m\u00e5 bare nyte henne s\u00e5 lenge hun er her, sier BAs fotballekspert Jonas Gr\u00f8nner til VG.<\/p>\n<p class=\"_paragraph_ew2ao_4 _paragraph_xtcu6_10 layout-component text-serif-m layout-normal text-serif-m layout-padded\">\u2013 Jeg sa vel f\u00f8r og underveis i EM, at jeg blir sjokkert om hun er Brann-spiller om h\u00f8sten tikker inn. Det at hun fremdeles er det, er en kjempeprestasjon av ledelsen. Det er vel egentlig umulig, sier han. <\/p>\n<p><img decoding=\"async\" alt=\"Bilde av Jonas Gr\u00f8nner\" class=\"_image_ygndg_42\" height=\"40\" itemprop=\"image\" loading=\"lazy\"  src=\"https:\/\/www.europesays.com\/no\/wp-content\/uploads\/2025\/09\/77f9a74b-c655-44ae-ba75-67899a69d8c0\"  width=\"40\"\/><strong class=\"_name_ygndg_51 title-serif-xs\">Jonas Gr\u00f8nner<\/strong><\/p>\n<p class=\"_paragraph_ew2ao_4 text-sans-m _description_ygndg_56\">Fotballekspert, tidligere fotballspiller i Brann og Aalesund. <\/p>\n<p class=\"_paragraph_ew2ao_4 _paragraph_xtcu6_10 layout-component text-serif-m layout-normal text-serif-m layout-padded\">Interessen for kampen er allerede skyh\u00f8y. Dette blir den mest sette kampen p\u00e5 kvinnesiden i Norge noen gang, bekreftet Brann f\u00e5 timer f\u00f8r kampstart.<\/p>\n<p class=\"_paragraph_ew2ao_4 _paragraph_xtcu6_10 layout-component text-serif-m layout-normal text-serif-m layout-padded\">Brann-fansen er en fordel, mener Gaupset. <\/p>\n<p class=\"_paragraph_ew2ao_4 _paragraph_xtcu6_10 layout-component text-serif-m layout-normal text-serif-m layout-padded\">\u2013 En fullsatt stadion med gale bergensere p\u00e5 tribunen, kan jo sette Manchester United litt ut, sier hun. <\/p>\n<p class=\"_paragraph_ew2ao_4 _paragraph_xtcu6_10 layout-component text-serif-m layout-normal text-serif-m layout-padded\">Men hun trekker frem \u00e9n ting til: <\/p>\n<p class=\"_paragraph_ew2ao_4 _paragraph_xtcu6_10 layout-component text-serif-m layout-normal text-serif-m layout-padded\">\u2013 Vi har erfaring fra Champions League-fotball tidligere, og de har jo ikke spilt europakamper som vi har, s\u00e5 det kan v\u00e6re en fordel. <\/p>\n<p class=\"_paragraph_ew2ao_4 _paragraph_xtcu6_10 layout-component text-serif-m layout-normal text-serif-m layout-padded\">Selvsagt er det en viss st\u00f8rrelsesforskjell mellom lagene, og det engelske laget herjer tross alt i hjemlig liga.<\/p>\n<p class=\"_paragraph_ew2ao_4 _paragraph_xtcu6_10 layout-component text-serif-m layout-normal text-serif-m layout-padded\">\u2013 United er et bra lag, men det har vi vist at vi \u00f2g er. Vi viste da vi spilte i Europa at vi kan hevde oss mot mange gode lag, lag som mange kanskje tenker er mye bedre. Jeg tror vi har en god sjanse, vi har i hvert fall stor tro p\u00e5 det, sier Gaupset. <\/p>\n<p class=\"_paragraph_ew2ao_4 _paragraph_xtcu6_10 layout-component text-serif-m layout-normal text-serif-m layout-padded\">\u2013 Hva er Branns styrker? <\/p>\n<p class=\"_paragraph_ew2ao_4 _paragraph_xtcu6_10 layout-component text-serif-m layout-normal text-serif-m layout-padded\">\u2013 Vi har v\u00e6rt veldig solide defensivt og sluppet inn lite m\u00e5l. Og s\u00e5 har vi mye offensiv kraft og kreativitet fremover i banen som gj\u00f8r at vi ogs\u00e5 kan skape ting, sier hun.<\/p>\n<p class=\"_paragraph_ew2ao_4 _paragraph_xtcu6_10 layout-component text-serif-m layout-normal text-serif-m layout-padded\">S\u00e5 hjelper det kanskje \u00e5 ha en spiller som flere ganger har vist at hun spiller for de store anledningene &#8230; <\/p>\n<p class=\"_paragraph_ew2ao_4 _paragraph_xtcu6_10 layout-component text-serif-m layout-normal text-serif-m layout-padded\"><strong class=\"_strong_ew2ao_25\">\u2013 Ja, jeg synes jo det er kult \u00e5 spille store kamper. Jeg f\u00f8ler det passer meg bra. Jeg liker \u00e5 ha presset p\u00e5 meg, sier hun. <\/strong><\/p>\n<p class=\"_paragraph_ew2ao_4 _paragraph_xtcu6_10 layout-component text-serif-m layout-normal text-serif-m layout-padded\">\u2013 Hvor mye betyr det for deg og din fremtid i Brann at det blir Champions League-spill i h\u00f8st? <\/p>\n<p class=\"_paragraph_ew2ao_4 _paragraph_xtcu6_10 layout-component text-serif-m layout-normal text-serif-m layout-padded\">\u2013 Jeg har jo veldig lyst \u00e5 spille Champions League igjen og oppleve det eventyret vi var med p\u00e5 for to \u00e5r siden. Det er jo et m\u00e5l, men det avgj\u00f8r ikke om jeg blir i Brann eller ikke, sier hun. <\/p>\n<p class=\"_paragraph_ew2ao_4 _paragraph_xtcu6_10 layout-component text-serif-m layout-normal text-serif-m layout-padded\">P\u00e5 motsatt side torsdag st\u00e5r venninnen Elisabeth Terland, som scoret i serie\u00e5pningen for Manchester United: <\/p>\n<p class=\"_paragraph_ew2ao_4 _paragraph_xtcu6_10 layout-component text-serif-m layout-normal text-serif-m layout-padded\">Agent Tore Pedersen mener at Brann har en t\u00f8ff jobb med \u00e5 holde p\u00e5 stortalentet s\u00e5 mye lenger. <\/p>\n<p class=\"_paragraph_ew2ao_4 _paragraph_xtcu6_10 layout-component text-serif-m layout-normal text-serif-m layout-padded\">\u2013 N\u00e5r hun er s\u00e5 god som hun er, s\u00e5 blir det mye interesse. Det er Brann veldig klar over, sier Pedersen til VG. <\/p>\n<p class=\"_paragraph_ew2ao_4 _paragraph_xtcu6_10 layout-component text-serif-m layout-normal text-serif-m layout-padded\">Fotballekspert Jonas Gr\u00f8nner peker p\u00e5 at overgangssummene i kvinnefotball er p\u00e5 et helt annet niv\u00e5 enn p\u00e5 herresiden. Derfor mener han at den sportslige verdien for klubben er st\u00f8rre enn det \u00f8konomiske, og at de derfor kan holde henne lenger.<\/p>\n<p class=\"_paragraph_ew2ao_4 _paragraph_xtcu6_10 layout-component text-serif-m layout-normal text-serif-m layout-padded\">\u2013 Hadde noen lagt en milliard p\u00e5 bordet for \u00e5 hente henne, s\u00e5 hadde det v\u00e6rt noe annet. Hun er p\u00e5 det niv\u00e5et stjernemessig i Europa. Hun er blant de st\u00f8rste stjernene, sier han.<\/p>\n<p class=\"_paragraph_ew2ao_4 _paragraph_xtcu6_10 layout-component text-serif-m layout-normal text-serif-m layout-padded\">Han er ikke i tvil om at man m\u00e5 nyte \u00f8yeblikket, f\u00f8r hun forsvinner. <\/p>\n<p class=\"_paragraph_ew2ao_4 _paragraph_xtcu6_10 layout-component text-serif-m layout-normal text-serif-m layout-padded\">\u2013 Alle som liker \u00e5 se god fotball og gode fotballspillere, burde dra p\u00e5 Brann Stadion p\u00e5 hver anledning som kommer, for da kan man si \u00abjeg har sett Signe Gaupset spille fotball\u00bb. S\u00e5 kult og s\u00e5 god er hun.<\/p>\n<p class=\"_paragraph_ew2ao_4 _paragraph_xtcu6_10 layout-component text-serif-m layout-normal text-serif-m layout-padded\">\u2013 Hva kan vi forvente av Gaupset?<\/p>\n<p class=\"_paragraph_ew2ao_4 _paragraph_xtcu6_10 layout-component text-serif-m layout-normal text-serif-m layout-padded\">\u2013 Hun vokser seg bare st\u00f8rre og sterkere for hver dag som g\u00e5r, og i takt med den interessen som er i Bergen, er hun i ferd med \u00e5 f\u00e5 seg en unik posisjon. Det er rett og slett bare en skikkelig kvalitetsspiller, sier han. <\/p>\n","protected":false},"excerpt":{"rendered":"20 \u00e5r gamle Signe Gaupset nok et gjennombrudd i EM med to m\u00e5l og to m\u00e5lgivende mot Island.&hellip;\n","protected":false},"author":2,"featured_media":33330,"comment_status":"","ping_status":"","sticky":false,"template":"","format":"standard","meta":{"footnotes":""},"categories":[5],"tags":[20,21,24,25,15,19,22,23,17,18,158,13,30,28,29,14,16,896,26,27],"class_list":{"0":"post-33329","1":"post","2":"type-post","3":"status-publish","4":"format-standard","5":"has-post-thumbnail","7":"category-overskrifter","8":"tag-breaking-news","9":"tag-breakingnews","10":"tag-featured-news","11":"tag-featurednews","12":"tag-headlines","13":"tag-hovedoppslag","14":"tag-latest-news","15":"tag-latestnews","16":"tag-main-news","17":"tag-mainnews","18":"tag-manchester-united","19":"tag-news","20":"tag-no","21":"tag-norge","22":"tag-norway","23":"tag-nyheter","24":"tag-overskrifter","25":"tag-sk-brann-kvinner","26":"tag-top-stories","27":"tag-topstories"},"share_on_mastodon":{"url":"","error":""},"_links":{"self":[{"href":"https:\/\/www.europesays.com\/no\/wp-json\/wp\/v2\/posts\/33329","targetHints":{"allow":["GET"]}}],"collection":[{"href":"https:\/\/www.europesays.com\/no\/wp-json\/wp\/v2\/posts"}],"about":[{"href":"https:\/\/www.europesays.com\/no\/wp-json\/wp\/v2\/types\/post"}],"author":[{"embeddable":true,"href":"https:\/\/www.europesays.com\/no\/wp-json\/wp\/v2\/users\/2"}],"replies":[{"embeddable":true,"href":"https:\/\/www.europesays.com\/no\/wp-json\/wp\/v2\/comments?post=33329"}],"version-history":[{"count":0,"href":"https:\/\/www.europesays.com\/no\/wp-json\/wp\/v2\/posts\/33329\/revisions"}],"wp:featuredmedia":[{"embeddable":true,"href":"https:\/\/www.europesays.com\/no\/wp-json\/wp\/v2\/media\/33330"}],"wp:attachment":[{"href":"https:\/\/www.europesays.com\/no\/wp-json\/wp\/v2\/media?parent=33329"}],"wp:term":[{"taxonomy":"category","embeddable":true,"href":"https:\/\/www.europesays.com\/no\/wp-json\/wp\/v2\/categories?post=33329"},{"taxonomy":"post_tag","embeddable":true,"href":"https:\/\/www.europesays.com\/no\/wp-json\/wp\/v2\/tags?post=33329"}],"curies":[{"name":"wp","href":"https:\/\/api.w.org\/{rel}","templated":true}]}}