{"id":333479,"date":"2026-08-25T11:13:21","date_gmt":"2026-08-25T11:13:21","guid":{"rendered":"https:\/\/www.europesays.com\/no\/333479\/"},"modified":"2026-08-25T11:13:21","modified_gmt":"2026-08-25T11:13:21","slug":"lorenskog-siktede-siktet-for-narkotikakriminalitet","status":"publish","type":"post","link":"https:\/\/www.europesays.com\/no\/333479\/","title":{"rendered":"L\u00f8renskog-siktede siktet for narkotikakriminalitet"},"content":{"rendered":"\n<p class=\"_lead_145nj_2 _lead_6fko5_53 layout-component text-serif-m layout-normal text-serif-l layout-component layout-wide layout-padded _wide_17hqh_1 layout-padded\">Kripos knytter ham til import og omsetning av store mengder narkotika.<\/p>\n<p><img alt=\"59-\u00e5ringen ble tirsdag kveld p\u00e5grepet og siktet for grov narkotikakriminalitet. Han sitter n\u00e5 i Sem fengsel i T\u00f8nsberg. Foto: J\u00f8rgen Braastad \/ VG\" class=\"_image_jw3bv_65 layout-component layout-wide\" data-fullscreen- data-track-element-type=\"Article image fullscreen\" data-track-name=\"ImageFullscreen\" fetchpriority=\"high\" decoding=\"sync\" loading=\"eager\" height=\"5464\" itemprop=\"image\"  src=\"https:\/\/www.europesays.com\/no\/wp-content\/uploads\/2026\/08\/be1c3f28-e0fe-3fbf-b3f4-59fc387d6fed.jpeg\"  style=\"object-position:0% 0%\" width=\"7489\"\/>59-\u00e5ringen ble tirsdag kveld p\u00e5grepet og siktet for grov narkotikakriminalitet. Han sitter n\u00e5 i Sem fengsel i T\u00f8nsberg. Foto: J\u00f8rgen Braastad \/ VG Oppdatert tirsdag 25. august kl. 13:09    <\/p>\n<ul class=\"_list_145nj_3 _list_64s2r_85 _unordered_145nj_106 text-sans-m\">\n<li class=\"_item_145nj_30\">Kripos kobler 59-\u00e5ring til storstilt narkotikahandel, med utgangspunkt i beslag fra \u00d8stfold.<\/li>\n<li class=\"_item_145nj_30\">Mannen er ogs\u00e5 siktet i drapssaken p\u00e5 Anne-Elisabeth Hagen.<\/li>\n<li class=\"_item_145nj_30\">Flere ransakinger b\u00e5de Norge og Sverige.<\/li>\n<li class=\"_item_145nj_30\">Det flere siktede i narkotikasaken.<\/li>\n<li class=\"_item_145nj_30\">59-\u00e5ringen nekter straffskyld og begj\u00e6rer l\u00f8slatelse.<\/li>\n<\/ul>\n<p>Vis mer <\/p>\n<p class=\"_paragraph_145nj_4 _paragraph_6fko5_10 layout-component text-serif-m layout-normal text-serif-m layout-padded\">Politiadvokat Ingvild Myrold i Kripos opplyser at siktelsen mot 59-\u00e5ringen har utspring i et st\u00f8rre <a href=\"https:\/\/www.vg.no\/nyheter\/i\/RjlQXr\/loerenskog-siktet-anklaget-i-narkotikasak-fra-oestfold\" data-track-element-type=\"Link\" data-track-id=\"link:RjlQXr\" class=\"_link_145nj_39\" rel=\"nofollow noopener\" target=\"_blank\">narkotikabeslag gjort i \u00d8stfold<\/a> i mars i \u00e5r.<\/p>\n<p class=\"_paragraph_145nj_4 _paragraph_6fko5_10 layout-component text-serif-m layout-normal text-serif-m layout-padded\">\u2013 Kripos har over tid etterforsket det man mener er et nettverk som importerer, oppbevarer og omsetter narkotika i Norge og vi unders\u00f8ker om denne mannen kan ha hatt en rolle i det, sier Myrold.<\/p>\n<p class=\"_paragraph_145nj_4 _paragraph_6fko5_10 layout-component text-serif-m layout-normal text-serif-m layout-padded\">59-\u00e5ringen er ogs\u00e5 siktet for drap eller medvirkning til drap p\u00e5 Anne-Elisabeth Hagen (68).<\/p>\n<p><img decoding=\"async\" alt=\"Bilde av Anne-Elisabeth Hagen\" class=\"_image_148z4_25\" height=\"34\" itemprop=\"image\" loading=\"lazy\"  src=\"https:\/\/www.europesays.com\/no\/wp-content\/uploads\/2026\/08\/997d3f27-7e4b-35e7-a9b4-fe5eec61033a.jpeg\"  width=\"40\"\/><strong class=\"_name_148z4_34 title-serif-xs\">Anne-Elisabeth Hagen<\/strong><\/p>\n<p class=\"_paragraph_145nj_4 text-sans-m _description_148z4_39\">Forsvant i 2018. Politiet mener at hun er drept.<\/p>\n<p class=\"_paragraph_145nj_4 _paragraph_6fko5_10 layout-component text-serif-m layout-normal text-serif-m layout-padded\">I forrige uke ble han <a href=\"https:\/\/www.vg.no\/nyheter\/i\/RjaPB8\/opplysninger-til-vg-loerenskog-siktet-paagrepet-i-sverige\" data-track-element-type=\"Link\" data-track-id=\"link:RjaPB8\" class=\"_link_145nj_39\" rel=\"nofollow noopener\" target=\"_blank\">p\u00e5grepet i Sverige.<\/a> Bakgrunnen var narkosaken som Kripos n\u00e5 etterforsker \u2013 og det var utstedt en nordisk arrestordre p\u00e5 ham.<\/p>\n<p class=\"_paragraph_145nj_4 _paragraph_6fko5_10 layout-component text-serif-m layout-normal text-serif-m layout-padded\"><strong class=\"_strong_145nj_25\">\u2013 V\u00e5r oppfatning er at det et internasjonalt nettverk, sier Myrold.<\/strong><\/p>\n<p>Politiaksjoner i Norge og Sverige<\/p>\n<p class=\"_paragraph_145nj_4 _paragraph_6fko5_10 layout-component text-serif-m layout-normal text-serif-m layout-padded\">Hun vil ikke g\u00e5 ut med hvilken type eller mengde narkotika som ble beslaglagt, men bekrefter at det dreier seg om en st\u00f8rre mengde. <\/p>\n<p class=\"_paragraph_145nj_4 _paragraph_6fko5_10 layout-component text-serif-m layout-normal text-serif-m layout-padded\">Det er flere siktede i saken, man av hensyn til etterforskningen \u00f8nsker ikke politiadvokaten \u00e5 kommentere antall eller detaljer om disse.<\/p>\n<p><img alt=\"Politiadvokat Ingvild Myrold i Kripos.  Foto: J\u00f8rgen Braastad \/ VG\" class=\"_image_jw3bv_65 layout-component layout-normal\" data-fullscreen- data-track-element-type=\"Article image fullscreen\" data-track-name=\"ImageFullscreen\" decoding=\"async\" loading=\"lazy\" height=\"5464\" itemprop=\"image\"  src=\"https:\/\/www.europesays.com\/no\/wp-content\/uploads\/2026\/08\/0e526f97-7b6c-31e2-9bf6-2d2d49b3a232.jpeg\"  style=\"object-position:0% 0%\" width=\"8192\"\/>Politiadvokat Ingvild Myrold i Kripos.  Foto: J\u00f8rgen Braastad \/ VG<\/p>\n<p class=\"_paragraph_145nj_4 _paragraph_6fko5_10 layout-component text-serif-m layout-normal text-serif-m layout-padded\">Myrold utelukker ikke at flere kan bli p\u00e5grepet, men vil per n\u00e5 ikke si noe konkret om det. <\/p>\n<p class=\"_paragraph_145nj_4 _paragraph_6fko5_10 layout-component text-serif-m layout-normal text-serif-m layout-padded\">Saken etterforskes som en grov narkotikasak, og siktelsen gjelder ogs\u00e5 straffelovens paragraf 79c om organisert kriminalitet. <\/p>\n<p class=\"_paragraph_145nj_4 _paragraph_6fko5_10 layout-component text-serif-m layout-normal text-serif-m layout-padded\">Det er <a href=\"https:\/\/www.vg.no\/nyheter\/i\/aJyBKd\/loerenskog-siktet-paagrepet-i-sverige-politiet-tok-flere-beslag\" data-track-element-type=\"Link\" data-track-id=\"link:aJyBKd\" class=\"_link_145nj_39\" rel=\"nofollow noopener\" target=\"_blank\">gjort beslag i b\u00e5de Sverige og Norge<\/a>.<\/p>\n<p class=\"_paragraph_145nj_4 _paragraph_6fko5_10 layout-component text-serif-m layout-normal text-serif-m layout-padded\">I begge land er det aksjonert mot adresser. Myrold \u00f8nsker ikke \u00e5 si hvor mange steder det er snakk om i Norge, utover at det er snakk om flere.<\/p>\n<p class=\"_paragraph_145nj_4 _paragraph_6fko5_10 layout-component text-serif-m layout-normal text-serif-m layout-padded\">VG skrev mandag om ransaking av en eiendom i Sverige, der beslagene n\u00e5 skal utleveres til Norge.<\/p>\n<p>Vil ha avh\u00f8r<\/p>\n<p class=\"_paragraph_145nj_4 _paragraph_6fko5_10 layout-component text-serif-m layout-normal text-serif-m layout-padded\">\u2013 I forbindelse med etterforskningen s\u00e5 har politiet gjort beslag av gjenstander som vi mener kan belyse det straffbare forholdet \u2013 elektronisk beslag, dokumenter eler annen informasjon, sier Myrold.<\/p>\n<p class=\"_paragraph_145nj_4 _paragraph_6fko5_10 layout-component text-serif-m layout-normal text-serif-m layout-padded\">Politiadvokaten vil ikke g\u00e5 ut med hvilken rolle de mener L\u00f8renskog-siktede skal ha hatt i nettverket \u2013 og understreker at etterforskningen er i en tidlig fase.<\/p>\n<p class=\"_paragraph_145nj_4 _paragraph_6fko5_10 layout-component text-serif-m layout-normal text-serif-m layout-padded\">59-\u00e5ringen har f\u00e5tt et st\u00e5ende tilbud om avh\u00f8r, og Kripos h\u00e5per det kan gjennomf\u00f8res innen kort tid.<\/p>\n<p class=\"_paragraph_145nj_4 _paragraph_6fko5_10 layout-component text-serif-m layout-normal text-serif-m layout-padded\">\u2013 Vi er i dialog med forsvarer hvorvidt han \u00f8nsker \u00e5 avgi forklaring, sier Myrold.<\/p>\n<p>Nekter straffskyld<\/p>\n<p class=\"_paragraph_145nj_4 _paragraph_6fko5_10 layout-component text-serif-m layout-normal text-serif-m layout-padded\">Tirsdag fremstilles 59-\u00e5ringen for varetektsfengsling i Oslo tingrett. <\/p>\n<p class=\"_paragraph_145nj_4 _paragraph_6fko5_10 layout-component text-serif-m layout-normal text-serif-m layout-padded\">Fengslingsm\u00f8tet skjer som en s\u00e5kalt kontorforretning \u2013 noe som betyr at det ikke blir et fysisk rettsm\u00f8te. Kjennelse er ventet tirsdag ettermiddag. <\/p>\n<p class=\"_paragraph_145nj_4 _paragraph_6fko5_10 layout-component text-serif-m layout-normal text-serif-m layout-padded\">VG har v\u00e6rt i kontakt med forsvarer Victoria Holmen. Hun \u00f8nsker ikke \u00e5 kommentere saken.<\/p>\n<p><img decoding=\"async\" alt=\"Bilde av Victoria Holmen\" class=\"_image_148z4_25\" height=\"37\" itemprop=\"image\" loading=\"lazy\"  src=\"https:\/\/www.europesays.com\/no\/wp-content\/uploads\/2026\/08\/0a7250d4-413d-3c69-934a-3a34c9004872.jpeg\"  width=\"40\"\/><strong class=\"_name_148z4_34 title-serif-xs\">Victoria Holmen<\/strong><\/p>\n<p class=\"_paragraph_145nj_4 text-sans-m _description_148z4_39\">Forsvarer<\/p>\n<p class=\"_paragraph_145nj_4 _paragraph_6fko5_10 layout-component text-serif-m layout-normal text-serif-m layout-padded\">Mandag kom Holmen med f\u00f8lgende uttalelse:<\/p>\n<p class=\"_paragraph_145nj_4 _paragraph_6fko5_10 layout-component text-serif-m layout-normal text-serif-m layout-padded\">\u2013 Min klient ble i dag overf\u00f8rt til Norge, hvor han er begj\u00e6rt varetektsfengslet siktet for grov narkotikakriminalitet. Han nekter for befatning med narkotika og erkjenner derfor ikke straffskyld. Han begj\u00e6rer seg da selvsagt l\u00f8slatt.<\/p>\n<p>    <img decoding=\"async\" alt=\"Tips oss illustrasjon\" src=\"https:\/\/www.europesays.com\/no\/wp-content\/uploads\/2026\/08\/1787656401_794_pssst-small.webp\"\/>    <\/p>\n<p class=\"title-serif-s\">Har du tips?<\/p>\n<p class=\"text-sans-m\">Send oss informasjon, bilder eller video.<\/p>\n<p>  <a href=\"https:\/\/www.vg.no\/tips-oss\" rel=\"nofollow noopener\" target=\"_blank\"> Tips oss <\/a>      <\/p>\n","protected":false},"excerpt":{"rendered":"Kripos knytter ham til import og omsetning av store mengder narkotika. 59-\u00e5ringen ble tirsdag kveld p\u00e5grepet og siktet&hellip;\n","protected":false},"author":2,"featured_media":333480,"comment_status":"","ping_status":"","sticky":false,"template":"","format":"standard","meta":{"footnotes":"","_share_on_mastodon":"0"},"categories":[5],"tags":[20,21,24,25,15,19,148,22,23,17,18,13,30,28,29,14,16,26,27],"class_list":["post-333479","post","type-post","status-publish","format-standard","has-post-thumbnail","category-overskrifter","tag-breaking-news","tag-breakingnews","tag-featured-news","tag-featurednews","tag-headlines","tag-hovedoppslag","tag-kriminalitet","tag-latest-news","tag-latestnews","tag-main-news","tag-mainnews","tag-news","tag-no","tag-norge","tag-norway","tag-nyheter","tag-overskrifter","tag-top-stories","tag-topstories"],"share_on_mastodon":{"url":"https:\/\/pubeurope.com\/@no\/117155857591096923","error":""},"_links":{"self":[{"href":"https:\/\/www.europesays.com\/no\/wp-json\/wp\/v2\/posts\/333479","targetHints":{"allow":["GET"]}}],"collection":[{"href":"https:\/\/www.europesays.com\/no\/wp-json\/wp\/v2\/posts"}],"about":[{"href":"https:\/\/www.europesays.com\/no\/wp-json\/wp\/v2\/types\/post"}],"author":[{"embeddable":true,"href":"https:\/\/www.europesays.com\/no\/wp-json\/wp\/v2\/users\/2"}],"replies":[{"embeddable":true,"href":"https:\/\/www.europesays.com\/no\/wp-json\/wp\/v2\/comments?post=333479"}],"version-history":[{"count":0,"href":"https:\/\/www.europesays.com\/no\/wp-json\/wp\/v2\/posts\/333479\/revisions"}],"wp:featuredmedia":[{"embeddable":true,"href":"https:\/\/www.europesays.com\/no\/wp-json\/wp\/v2\/media\/333480"}],"wp:attachment":[{"href":"https:\/\/www.europesays.com\/no\/wp-json\/wp\/v2\/media?parent=333479"}],"wp:term":[{"taxonomy":"category","embeddable":true,"href":"https:\/\/www.europesays.com\/no\/wp-json\/wp\/v2\/categories?post=333479"},{"taxonomy":"post_tag","embeddable":true,"href":"https:\/\/www.europesays.com\/no\/wp-json\/wp\/v2\/tags?post=333479"}],"curies":[{"name":"wp","href":"https:\/\/api.w.org\/{rel}","templated":true}]}}