{"id":333551,"date":"2026-08-25T12:24:36","date_gmt":"2026-08-25T12:24:36","guid":{"rendered":"https:\/\/www.europesays.com\/no\/333551\/"},"modified":"2026-08-25T12:24:36","modified_gmt":"2026-08-25T12:24:36","slug":"fotball-sport-daddys-boy-tilbake-i-norge-etter-tre-kamper-i-georgia","status":"publish","type":"post","link":"https:\/\/www.europesays.com\/no\/333551\/","title":{"rendered":"Fotball, Sport | Daddys Boy tilbake i Norge etter tre kamper i Georgia"},"content":{"rendered":"\n<p>I juli ble kantspilleren Franklin Daddys Boy Nyenetue solgt fra KBK til den georgiske klubben FC Dila Gori, etter et l\u00e5neopphold hos tr\u00f8nderske Ranheim i OBOS-ligaen. Han ble hentet av KBK i 2024, og har 25 kamper for f\u00f8rstelaget bak seg.\u00a0<\/p>\n<p>N\u00e5 melder <a href=\"https:\/\/www.t-a.no\/hjem-fra-georgia-det-var-et-lass-med-rode-flagg\/s\/5-116-2399286\" rel=\"Follow nofollow noopener\" target=\"_blank\">Tr\u00f8nder-Avisa<\/a> at han er tilbake i Ranheim.<\/p>\n<p>\u2013 Jeg kjente ganske tidlig at jeg kom til et sted hvor jeg ikke kom til \u00e5 utvikle meg og oppn\u00e5 det jeg vil. S\u00e5 da tenkte jeg at det var bedre \u00e5 dra tilbake til Ranheim hvor jeg har mange gode opplevelser, og spille fotball igjen, sa Nyenetue til Tr\u00f8nder-Avisa.<\/p>\n<p>Tre kamper<\/p>\n<p>Nyenetue rakk \u00e5 spille tre kamper for FC Dila Gori. I samr\u00e5d med agentene fant han ut at Georgia ikke var riktig sted for han. Han beskriver han fasilitetene og treningsopplegget som \u00abr\u00f8de flagg\u00bb.<\/p>\n<p>\u2013 Det var ganske uproft. Jeg pr\u00f8vde \u00e5 gj\u00f8re det beste ut av det, helt til det ikke gikk, forklarte Nyenetue.<\/p>\n<p>   <img decoding=\"async\" width=\"4653\" height=\"2855\" fetchpriority=\"low\"  loading=\"lazy\"  src=\"https:\/\/www.europesays.com\/no\/wp-content\/uploads\/2026\/08\/DSC_5439.JPG\" alt=\"\" class=\"brick-c-cFOWSL\" style=\"--brick-image-ratio: 4653 \/ 2855;\"\/><\/p>\n<p>      Franklin Daddys Boy Nyenetue med et smil og tommel opp mens han var p\u00e5 utl\u00e5n hos Ranheim. L\u00e5neoppholdet ga mersmak, og han har n\u00e5 signert for klubben.<br \/>\n      Foto: Rune Ed\u00f8y\n    <\/p>\n<p>  Tilbake til Ranheim<\/p>\n<p>Han fikk hevet kontrakten med klubben, og Ranheim kunne derfor hente 25-\u00e5ringen uten \u00e5 betale en overgangssum. Selv er Daddys Boy optimistisk til returen, og h\u00e5per at han f\u00e5r fortsette slik han holdt p\u00e5 mens han var p\u00e5 utl\u00e5n hos trondheimsklubben.<\/p>\n<p>\u2013 Ranheim er en utrolig fin utviklingsarena som har dyktige folk i klubben.<\/p>\n<p>Det er en bra plass for meg \u00e5 v\u00e6re og forh\u00e5pentligvis tar jeg steget videre til et bedre sted, fortsatte Franklin Daddys Boy Nyenetue.<\/p>\n<p>  <a href=\"https:\/\/www.tk.no\/5-51-1884664\" class=\"related-teaser has-image article--c-MkAkR\" rel=\"nofollow noopener\" target=\"_blank\"><\/p>\n<p>    <img decoding=\"async\" width=\"155\"  loading=\"lazy\"  src=\"https:\/\/www.europesays.com\/no\/wp-content\/uploads\/2026\/08\/f1Qx9aQG3lQ.jpg\" alt=\"\" class=\"brick-c-cFOWSL\" style=\"\"\/><\/p>\n<p>\n            Les ogs\u00e5<\/p>\n<p>            Promise ferdig i KBK \u2013 returnerer til V\u00e5lerenga\n        <\/p>\n<p>  <\/a><\/p>\n<p>  <a href=\"https:\/\/www.tk.no\/80-51-859\" class=\"related-teaser has-image article--c-MkAkR\" rel=\"nofollow noopener\" target=\"_blank\"><\/p>\n<p>    <img decoding=\"async\" width=\"155\"  loading=\"lazy\"  src=\"https:\/\/www.europesays.com\/no\/wp-content\/uploads\/2026\/08\/1787660675_833_foland.jpg\" alt=\"\" class=\"brick-c-cFOWSL\" style=\"\"\/><\/p>\n<p>\n            Les ogs\u00e5<\/p>\n<p>            Jobber for fullt for \u00e5 styrke stallen\n        <\/p>\n<p>  <\/a><\/p>\n<p>  <a href=\"https:\/\/www.tk.no\/5-51-1881750\" class=\"related-teaser has-image article--c-MkAkR\" rel=\"nofollow noopener\" target=\"_blank\"><\/p>\n<p>    <img decoding=\"async\" width=\"155\"  loading=\"lazy\"  src=\"https:\/\/www.europesays.com\/no\/wp-content\/uploads\/2026\/08\/IMG_9320.JPG\" alt=\"\" class=\"brick-c-cFOWSL\" style=\"\"\/><\/p>\n<p>\n            Les ogs\u00e5<\/p>\n<p>            TK erfarer: P\u00e5 vei til Georgia\n        <\/p>\n<p>  <\/a><\/p>\n","protected":false},"excerpt":{"rendered":"I juli ble kantspilleren Franklin Daddys Boy Nyenetue solgt fra KBK til den georgiske klubben FC Dila Gori,&hellip;\n","protected":false},"author":2,"featured_media":333552,"comment_status":"","ping_status":"","sticky":false,"template":"","format":"standard","meta":{"footnotes":"","_share_on_mastodon":"0"},"categories":[59],"tags":[36,92,3219,30,28,29,83,82,1510],"class_list":["post-333551","post","type-post","status-publish","format-standard","has-post-thumbnail","category-sport","tag-art","tag-fotball","tag-kbk","tag-no","tag-norge","tag-norway","tag-sport","tag-sports","tag-story"],"share_on_mastodon":{"url":"https:\/\/pubeurope.com\/@no\/117156136693161257","error":""},"_links":{"self":[{"href":"https:\/\/www.europesays.com\/no\/wp-json\/wp\/v2\/posts\/333551","targetHints":{"allow":["GET"]}}],"collection":[{"href":"https:\/\/www.europesays.com\/no\/wp-json\/wp\/v2\/posts"}],"about":[{"href":"https:\/\/www.europesays.com\/no\/wp-json\/wp\/v2\/types\/post"}],"author":[{"embeddable":true,"href":"https:\/\/www.europesays.com\/no\/wp-json\/wp\/v2\/users\/2"}],"replies":[{"embeddable":true,"href":"https:\/\/www.europesays.com\/no\/wp-json\/wp\/v2\/comments?post=333551"}],"version-history":[{"count":0,"href":"https:\/\/www.europesays.com\/no\/wp-json\/wp\/v2\/posts\/333551\/revisions"}],"wp:featuredmedia":[{"embeddable":true,"href":"https:\/\/www.europesays.com\/no\/wp-json\/wp\/v2\/media\/333552"}],"wp:attachment":[{"href":"https:\/\/www.europesays.com\/no\/wp-json\/wp\/v2\/media?parent=333551"}],"wp:term":[{"taxonomy":"category","embeddable":true,"href":"https:\/\/www.europesays.com\/no\/wp-json\/wp\/v2\/categories?post=333551"},{"taxonomy":"post_tag","embeddable":true,"href":"https:\/\/www.europesays.com\/no\/wp-json\/wp\/v2\/tags?post=333551"}],"curies":[{"name":"wp","href":"https:\/\/api.w.org\/{rel}","templated":true}]}}