{"id":333707,"date":"2026-08-25T15:22:14","date_gmt":"2026-08-25T15:22:14","guid":{"rendered":"https:\/\/www.europesays.com\/no\/333707\/"},"modified":"2026-08-25T15:22:14","modified_gmt":"2026-08-25T15:22:14","slug":"helvete-pa-jord","status":"publish","type":"post","link":"https:\/\/www.europesays.com\/no\/333707\/","title":{"rendered":"Helvete p\u00e5 jord"},"content":{"rendered":"<p class=\"kicker \" style=\"\">Afghanistan:\u00a0<\/p>\n<p class=\"subtitle \" style=\"\">Det er fem \u00e5r siden internasjonale styrker trakk seg ut fra Afghanistan. Situasjonen i landet er katastrofal.\u00a0<\/p>\n<p>\n    KABUL: En taliban-kriger holder vakt mens kvinner og barn venter p\u00e5 n\u00f8dhjelp. Foto: AP Photo\/Ebrahim Noroozi\/NTB\n  <\/p>\n<p>L\u00f8rdag var det fem \u00e5r siden Taliban rykket inn i Kabul og tok kontroll over presidentpalasset. Taliban overtok p\u00e5 ny makten i Afghanistan. For afghanerne har det v\u00e6rt fem \u00e5r der landet har sunket dypere og dypere ned i en humanit\u00e6r katastrofe.\u00a0<\/p>\n<p>For kvinnene er situasjonen blitt katastrofal &#8211; et helvete p\u00e5 jord. Da internasjonale styrker trakk seg ut, lovte Taliban \u00e5 opprettholde kvinners rettigheter. Den lovnaden var ren l\u00f8gn. Taliban gikk raskt i gang med systematisk diskriminering av kvinner.\u00a0<\/p>\n<p>Siden Taliban kom tilbake til makten, er det fattet over 100 vedtak som begrenser kvinners rettigheter.\u00a0<\/p>\n<p>Jenter har mistet retten til utdanning. Likestilling er rettslig opphevet. For kvinner er det ulovlig \u00e5 vise seg offentlig uten en mannlig ledsager, en mahram. Vold i ekteskapet er bare kriminalisert hvis det er snakk om alvorlige, fysiske skader. Voldtekt eller partnervold er ikke god nok grunn til \u00e5 be om skilsmisse.\u00a0<\/p>\n<p class=\"no_italic m-no_italic\" data-lab-font_weight=\"\" data-lab-italic=\"\">Kvinner arresteres for sm\u00e5 lovbrudd, som \u00e5 vise seg offentlig uten mahram. Dette f\u00f8rer til frykt og ufrihet. I en <a href=\"https:\/\/unric.org\/no\/afghanistan-verdens-alvorligste-kvinnerettighetskrise\/\" rel=\"nofollow noopener\" target=\"_blank\">FN-unders\u00f8kelse<\/a> blant afghanske kvinner oppgir halvparten at de bare forlater huset \u00e9n til to ganger i m\u00e5neden. I rapporten beskriver sytti prosent av kvinnene sin mentale helse som\u00a0 \u00abd\u00e5rlig\u00bb eller \u00abveldig d\u00e5rlig\u00bb. <\/p>\n<p>All offentlig debatt er kneblet. Avvikende meninger tolereres ikke &#8211; heller ikke innen Taliban. En <a href=\"https:\/\/amnesty.no\/afghanistan-taliban-odelegger-livene-til-kvinner-og-jenter\" rel=\"nofollow noopener\" target=\"_blank\">Amnesty-rapport<\/a> har avdekket hvordan kvinner som protesterer mot undertrykkelsen blir truet, arrestert, internert og torturert. Noen forsvinner for godt.\u00a0<\/p>\n<p>Barneekteskapene \u00f8ker. I mai kom en lovendring som knytter ekteskapsalder opp mot pubertet. Det betyr i praksis at jenter helt ned i ni\u00e5rsalderen kan giftes bort. I tillegg anses en\u00a0\u00abjomfrupikes\u00bb taushet som samtykke til ekteskap.\u00a0<\/p>\n<p>Det legges med andre ord til rette for voldtekt av barn.\u00a0<\/p>\n<p>    <a itemprop=\"url\" href=\"https:\/\/www.dagbladet.no\/meninger\/nei-til-nostalgi\/85016711\" rel=\"nofollow noopener\" target=\"_blank\"><\/p>\n<p>        <img loading=\"lazy\" decoding=\"async\" src=\"https:\/\/www.europesays.com\/no\/wp-content\/uploads\/2026\/08\/85017434.webp\" width=\"180\" height=\"81\" alt=\"\" class=\"lazyload\" style=\"--aspect-ratio-image: 2.22; \"\/><\/p>\n<p>        Nei til nostalgi<\/p>\n<p>    <\/a><\/p>\n<p>Kvinnenes stilling i Afghanistan forverres av den humanit\u00e6re katastrofen i landet. Over seks millioner afghanske flyktninger har returnert &#8211; mange tvangsreturnert fra land som Pakistan og Iran. Flyktningene mangler ofte offisielle papirer, penger og nettverk. Den afghanske staten er ikke rigget for \u00e5 motta s\u00e5 store menneskemengder. If\u00f8lge <a href=\"https:\/\/www.flyktninghjelpen.no\/feature\/slik-er-livet-i-afghanistan-fem-ar-etter-talibans-maktovertakelse\" rel=\"nofollow noopener\" target=\"_blank\">Flyktninghjelpen <\/a>ligger arbeidsledigheten i distriktene med flest eks-flyktninger p\u00e5 80-95 prosent. Mange mangler bosted og m\u00e5 sove p\u00e5 gata.\u00a0<\/p>\n<p>I tillegg har Afghanistan v\u00e6rt rammet av flere naturkatastrofer de siste \u00e5rene. Tusenvis av mennesker har d\u00f8dd eller mistet avlinger, hus og hjem. Krigf\u00f8ring p\u00e5 grensen mellom Afghanistan og Pakistan har sendt over 100 000 mennesker p\u00e5 flukt. \u00a0<\/p>\n<p>Barned\u00f8deligheten i Afghanistan er blant verdens h\u00f8yeste. N\u00f8den f\u00f8rer til flere barneekteskap. Jenter giftes bort for at de skal f\u00e5 nok mat \u00e5 spise.\u00a0<\/p>\n<p>    <a itemprop=\"url\" href=\"https:\/\/borsen.dagbladet.no\/meninger\/gasskraften-er-ikke-spedalsk\/85030222\" rel=\"nofollow noopener\" target=\"_blank\"><\/p>\n<p>        <img loading=\"lazy\" decoding=\"async\" src=\"https:\/\/www.europesays.com\/no\/wp-content\/uploads\/2026\/08\/77250118.webp\" width=\"180\" height=\"81\" alt=\"Nedlagt gasskraftverk p\u00e5 Mongstad utenfor Bergen\" class=\"lazyload\" style=\"--aspect-ratio-image: 2.22; \"\/><\/p>\n<p>        Gasskraften er ikke spedalsk<\/p>\n<p>    <\/a><\/p>\n<p>Afghanistans politiske isolasjon og sviktende dialog med omverdenen gj\u00f8r det ogs\u00e5 mye vanskeligere for det internasjonale samfunnet \u00e5 hjelpe dem som trenger det.\u00a0<\/p>\n<p>Landet er i en forferdelig situasjon. Talibans despotiske og menneskefiendtlige styre er igjen i ferd med \u00e5 \u00f8delegge flere generasjoner med afghanere.\u00a0<\/p>\n","protected":false},"excerpt":{"rendered":"Afghanistan:\u00a0 Det er fem \u00e5r siden internasjonale styrker trakk seg ut fra Afghanistan. Situasjonen i landet er katastrofal.\u00a0&hellip;\n","protected":false},"author":2,"featured_media":333708,"comment_status":"","ping_status":"","sticky":false,"template":"","format":"standard","meta":{"footnotes":"","_share_on_mastodon":"0"},"categories":[12],"tags":[20,21,24,25,15,266,22,23,156,13,30,28,29,14,16,26,27,42,43,44,45],"class_list":["post-333707","post","type-post","status-publish","format-standard","has-post-thumbnail","category-verden","tag-breaking-news","tag-breakingnews","tag-featured-news","tag-featurednews","tag-headlines","tag-kommentar","tag-latest-news","tag-latestnews","tag-meninger","tag-news","tag-no","tag-norge","tag-norway","tag-nyheter","tag-overskrifter","tag-top-stories","tag-topstories","tag-verden","tag-world","tag-world-news","tag-worldnews"],"share_on_mastodon":{"url":"https:\/\/pubeurope.com\/@no\/117156836756115879","error":""},"_links":{"self":[{"href":"https:\/\/www.europesays.com\/no\/wp-json\/wp\/v2\/posts\/333707","targetHints":{"allow":["GET"]}}],"collection":[{"href":"https:\/\/www.europesays.com\/no\/wp-json\/wp\/v2\/posts"}],"about":[{"href":"https:\/\/www.europesays.com\/no\/wp-json\/wp\/v2\/types\/post"}],"author":[{"embeddable":true,"href":"https:\/\/www.europesays.com\/no\/wp-json\/wp\/v2\/users\/2"}],"replies":[{"embeddable":true,"href":"https:\/\/www.europesays.com\/no\/wp-json\/wp\/v2\/comments?post=333707"}],"version-history":[{"count":0,"href":"https:\/\/www.europesays.com\/no\/wp-json\/wp\/v2\/posts\/333707\/revisions"}],"wp:featuredmedia":[{"embeddable":true,"href":"https:\/\/www.europesays.com\/no\/wp-json\/wp\/v2\/media\/333708"}],"wp:attachment":[{"href":"https:\/\/www.europesays.com\/no\/wp-json\/wp\/v2\/media?parent=333707"}],"wp:term":[{"taxonomy":"category","embeddable":true,"href":"https:\/\/www.europesays.com\/no\/wp-json\/wp\/v2\/categories?post=333707"},{"taxonomy":"post_tag","embeddable":true,"href":"https:\/\/www.europesays.com\/no\/wp-json\/wp\/v2\/tags?post=333707"}],"curies":[{"name":"wp","href":"https:\/\/api.w.org\/{rel}","templated":true}]}}