{"id":333729,"date":"2026-08-25T15:59:11","date_gmt":"2026-08-25T15:59:11","guid":{"rendered":"https:\/\/www.europesays.com\/no\/333729\/"},"modified":"2026-08-25T15:59:11","modified_gmt":"2026-08-25T15:59:11","slug":"ulykker-trafikk-toventunnelen-var-stengt-i-nesten-tre-timer-store-materielle-skader","status":"publish","type":"post","link":"https:\/\/www.europesays.com\/no\/333729\/","title":{"rendered":"Ulykker, Trafikk | Toventunnelen var stengt i nesten tre timer: \u2013 Store materielle skader"},"content":{"rendered":"\n<p>Politiet opplyste rett etter kl. 14 tirsdag at de rykket ut til en ulykke hvor bare \u00e9n bil var involvert. Dette f\u00f8rte til at Toventunnelen ble stengt, skrev operasjonsleder Yngvar Fredriksen i politiet i Nordland.\u00a0<\/p>\n<p>Klokken 14.21 oppdaterte han med at n\u00f8detatene var framme p\u00e5 stedet.<\/p>\n<p>\u2013 Kun f\u00f8rer i bilen. Det er store materielle skader. F\u00f8rer er fastklemt, og det jobbes med \u00e5 f\u00e5 f\u00f8rer l\u00f8s. F\u00f8rer er bevisst og snakker, het det fra ham.<\/p>\n<p>iSandnessj\u00f8ens reporter p\u00e5 stedet meldte allerede i 14.30 tiden at k\u00f8en var flere hundre meter lang p\u00e5 Leirfjord-siden.<\/p>\n<p>   <img decoding=\"async\" width=\"505\" height=\"334\" fetchpriority=\"low\"  loading=\"lazy\"  src=\"https:\/\/www.europesays.com\/no\/wp-content\/uploads\/2026\/08\/toventunnelen ulykke.png\" alt=\"\" class=\"brick-c-cFOWSL\" style=\"--brick-image-ratio: 505 \/ 334;\"\/><\/p>\n<p>      Slik s\u00e5 Vegtrafikksentralens kart ut fra kl. 14 til klokken ble rundt 16.45 tirsdag ettermiddag.<br \/>\n      Foto: Skjermdump: Vegtrafikksentralen\n    <\/p>\n<p>Rett f\u00f8r kl. 15.30 oppdaterte politiets operasjonsleder May Wenche Hansen med at f\u00f8reren var frigjort og overtatt av helsepersonell. Politiet hadde ikke noe informasjon om skadegraden til sj\u00e5f\u00f8ren.<\/p>\n<p>Hun opplyste samtidig at politiet gjorde unders\u00f8kelser p\u00e5 stedet og at bilberger var p\u00e5 plass.\u00a0<\/p>\n<p>\u2013 Bilen tas i beslag. Det jobbes med opprydding p\u00e5 stedet, slik at veien kan \u00e5pne igjen, skrev hun.<\/p>\n<p><b>Kl. 16.30 fortalte trafikkoperat\u00f8r Monika Stane hos Vegtrafikksentralen at veibanen m\u00e5 feies f\u00f8r de kan \u00e5pne tunnelen igjen. <\/b><\/p>\n<p><b>\u2013 Dette p\u00e5g\u00e5r n\u00e5, s\u00e5 vi forlenger trafikkmeldingen om stengt tunnel til kl. 17, sa hun.<\/b><\/p>\n<p><b>Men rundt kl. 16.45 er Vegtrafikksentralens kart oppdatert med at tunnelen igjen er \u00e5pnet. <\/b><\/p>\n<p>Politiet oppretter sak p\u00e5 hendelsen.\u00a0<\/p>\n<p>    Vil du se neste video?<\/p>\n<p>    <a href=\"https:\/\/www.isandnessjoen.no\/se-glimt-av-tungtvann-som-spiller-pa-havna\/v\/80-108-859\" class=\"recommend-poster\" data-adp-clicklabel=\"video-recommend\" data-adp-clickvalue=\"poster\" rel=\"nofollow noopener\" target=\"_blank\"><br \/>\n      <img decoding=\"async\" width=\"200\" height=\"200\" loading=\"lazy\" src=\"https:\/\/www.europesays.com\/no\/wp-content\/uploads\/2026\/08\/v-i-9e3ba772-84b4-4f16-b980-9e44479a8ada-1.jpg\" alt=\"\" class=\"brick-c-cFOWSL\" style=\"--brick-image-ratio: 200 \/ 200;\"\/><\/p>\n<p>Se glimt av Tungtvann som spiller p\u00e5 Havna0:14<\/p>\n<p>    <\/a><\/p>\n<p>        Ambulansehelikopter ankommer Toventunnelen tirsdag ettermiddag.<\/p>\n","protected":false},"excerpt":{"rendered":"Politiet opplyste rett etter kl. 14 tirsdag at de rykket ut til en ulykke hvor bare \u00e9n bil&hellip;\n","protected":false},"author":2,"featured_media":333730,"comment_status":"","ping_status":"","sticky":false,"template":"","format":"standard","meta":{"footnotes":"","_share_on_mastodon":"0"},"categories":[10],"tags":[36,20,21,24,25,15,22,23,2688,13,30,28,29,14,16,1510,26,27,224,1204],"class_list":["post-333729","post","type-post","status-publish","format-standard","has-post-thumbnail","category-norge","tag-art","tag-breaking-news","tag-breakingnews","tag-featured-news","tag-featurednews","tag-headlines","tag-latest-news","tag-latestnews","tag-leirfjord","tag-news","tag-no","tag-norge","tag-norway","tag-nyheter","tag-overskrifter","tag-story","tag-top-stories","tag-topstories","tag-trafikk","tag-ulykker"],"share_on_mastodon":{"url":"https:\/\/pubeurope.com\/@no\/117156981694576892","error":""},"_links":{"self":[{"href":"https:\/\/www.europesays.com\/no\/wp-json\/wp\/v2\/posts\/333729","targetHints":{"allow":["GET"]}}],"collection":[{"href":"https:\/\/www.europesays.com\/no\/wp-json\/wp\/v2\/posts"}],"about":[{"href":"https:\/\/www.europesays.com\/no\/wp-json\/wp\/v2\/types\/post"}],"author":[{"embeddable":true,"href":"https:\/\/www.europesays.com\/no\/wp-json\/wp\/v2\/users\/2"}],"replies":[{"embeddable":true,"href":"https:\/\/www.europesays.com\/no\/wp-json\/wp\/v2\/comments?post=333729"}],"version-history":[{"count":0,"href":"https:\/\/www.europesays.com\/no\/wp-json\/wp\/v2\/posts\/333729\/revisions"}],"wp:featuredmedia":[{"embeddable":true,"href":"https:\/\/www.europesays.com\/no\/wp-json\/wp\/v2\/media\/333730"}],"wp:attachment":[{"href":"https:\/\/www.europesays.com\/no\/wp-json\/wp\/v2\/media?parent=333729"}],"wp:term":[{"taxonomy":"category","embeddable":true,"href":"https:\/\/www.europesays.com\/no\/wp-json\/wp\/v2\/categories?post=333729"},{"taxonomy":"post_tag","embeddable":true,"href":"https:\/\/www.europesays.com\/no\/wp-json\/wp\/v2\/tags?post=333729"}],"curies":[{"name":"wp","href":"https:\/\/api.w.org\/{rel}","templated":true}]}}