{"id":333941,"date":"2026-08-25T19:19:19","date_gmt":"2026-08-25T19:19:19","guid":{"rendered":"https:\/\/www.europesays.com\/no\/333941\/"},"modified":"2026-08-25T19:19:19","modified_gmt":"2026-08-25T19:19:19","slug":"kidnappingssaken-politiet-fant-hasj-i-rettssal","status":"publish","type":"post","link":"https:\/\/www.europesays.com\/no\/333941\/","title":{"rendered":"Kidnappingssaken: Politiet fant hasj i rettssal"},"content":{"rendered":"\n<p class=\"_lead_145nj_2 _lead_6fko5_53 layout-component text-serif-m layout-normal text-serif-l layout-component layout-wide layout-padded _wide_17hqh_1 layout-padded\">Politiet ante muffens da 21-\u00e5ringen fikk bolle og sjokomelk fra en medtiltalt.<\/p>\n<p><img alt=\"Det er satt av 29 dager til hovedforhandlingene i saken i Oslo tingrett. Foto: Espen Sj\u00f8lingstad Hoen \/ VG\" class=\"_image_jw3bv_65 layout-component layout-wide\" data-fullscreen- data-track-element-type=\"Article image fullscreen\" data-track-name=\"ImageFullscreen\" fetchpriority=\"high\" decoding=\"sync\" loading=\"eager\" height=\"3264\" itemprop=\"image\"  src=\"https:\/\/www.europesays.com\/no\/wp-content\/uploads\/2026\/08\/277d1a5f-74f4-352a-a2c6-9fddcdd4e46e.jpeg\"  style=\"object-position:0% 0%\" width=\"4896\"\/>Det er satt av 29 dager til hovedforhandlingene i saken i Oslo tingrett. Foto: Espen Sj\u00f8lingstad Hoen \/ VG<\/p>\n<ul aria-hidden=\"true\" class=\"_images_ntbth_112\">\n<li><a class=\"_link_ntbth_117\" href=\"https:\/\/www.vg.no\/forfatter\/bendik-hansen\" style=\"z-index:1\" title=\"Bendik Hansen\" rel=\"nofollow noopener\" target=\"_blank\"><img alt=\"Bilde av Bendik Hansen\" class=\"_image_ntbth_93\" fetchpriority=\"low\" loading=\"lazy\" decoding=\"async\" itemprop=\"image\"  src=\"https:\/\/www.europesays.com\/no\/wp-content\/uploads\/2026\/08\/1787685555_341_f498a906-ba8c-302b-85c6-1b4739261112.png\"  width=\"480\"\/><\/a><\/li>\n<\/ul>\n<p> Oppdatert tirsdag 25. august kl. 20:16     <\/p>\n<p class=\"_paragraph_145nj_4 _paragraph_6fko5_10 layout-component text-serif-m layout-normal text-serif-m layout-padded\">Hendelsen skjedde under en rettssak som startet i forrige uke, der \u00e5tte menn er <a href=\"https:\/\/www.vg.no\/nyheter\/i\/K8a2A7\/oslo-tingrett-aatte-menn-tiltalt-etter-to-frihetsberoevelser\" data-track-element-type=\"Link\" data-track-id=\"link:K8a2A7\" class=\"_link_145nj_39\" rel=\"nofollow noopener\" target=\"_blank\">tiltalt for to kidnappingsfors\u00f8k i 2024<\/a>. <\/p>\n<ul class=\"_list_145nj_3 _list_6fko5_9 _unordered_145nj_106 layout-component text-serif-m layout-normal text-serif-m layout-padded\">\n<li class=\"_item_145nj_30\"><strong class=\"_strong_145nj_25\">Fra 6. til 7. april 2024<\/strong>\u00a0ble en mann holdt fanget i en Frogner-leilighet, if\u00f8lge tiltalen. Han skal ha blitt utsatt for vold, sl\u00e5tt med pistol, truet p\u00e5 livet, f\u00e5tt helt varmt vann over seg og ranet. Seks personer er tiltalt.<\/li>\n<li class=\"_item_145nj_30\"><strong class=\"_strong_145nj_25\">Fra 14. til 16. april 2024<\/strong>\u00a0ble en mann kidnappet og holdt fanget i en leilighet i B\u00e6rum, if\u00f8lge tiltalen. Han skal ha blitt truet med v\u00e5pen, utsatt for vold og ranet. Han ble ogs\u00e5 truet til \u00e5 kle seg naken p\u00e5 film, og dette ble publisert p\u00e5 Snapchat. Fem personer er tiltalt.<\/li>\n<\/ul>\n<p class=\"_paragraph_145nj_4 _paragraph_6fko5_10 layout-component text-serif-m layout-normal text-serif-m layout-padded\">Tre menn p\u00e5 21, 24 og 37 \u00e5r er tiltalt i begge sakene og pekes p\u00e5 som hovedmenn.<\/p>\n<p class=\"_paragraph_145nj_4 _paragraph_6fko5_10 layout-component text-serif-m layout-normal text-serif-m layout-padded\"><strong class=\"_strong_145nj_25\">Og politiet mener ulovlighetene fortsatte i <a href=\"https:\/\/www.vg.no\/tag\/oslo-tingrett?utm_source=vg-article&amp;utm_medium=auto-tagger&amp;utm_campaign=d4bB91\" class=\"_link_145nj_39\" rel=\"nofollow noopener\" target=\"_blank\">Oslo tingrett<\/a> forrige uke:<\/strong><\/p>\n<p class=\"_paragraph_145nj_4 _paragraph_6fko5_10 layout-component text-serif-m layout-normal text-serif-m layout-padded\">En tiltalt fra Frogner-hendelsen overleverte da 18 gram hasj til 21-\u00e5ringen inne i rettssal 227 i retten, if\u00f8lge politiet. <\/p>\n<ul class=\"_list_145nj_3 _list_6fko5_9 _unordered_145nj_106 layout-component text-serif-m layout-normal text-serif-m layout-padded\">\n<li class=\"_item_145nj_30\"><strong class=\"_strong_145nj_25\">Les ogs\u00e5:<\/strong> <a href=\"https:\/\/www.vg.no\/nyheter\/i\/K8a2A7\/oslo-tingrett-aatte-menn-tiltalt-etter-to-frihetsberoevelser\" data-track-element-type=\"Link\" data-track-id=\"link:K8a2A7\" class=\"_link_145nj_39\" rel=\"nofollow noopener\" target=\"_blank\">\u00abJeg skal putte kniven i strupen din\u00bb<\/a><\/li>\n<\/ul>\n<p><img alt=\"Politiadvokatene Mette Kristin Eriksen og Einar Grape er aktorer i saken.  Foto: Bendik Hansen \/ VG\" class=\"_image_jw3bv_65 layout-component layout-normal\" data-fullscreen- data-track-element-type=\"Article image fullscreen\" data-track-name=\"ImageFullscreen\" decoding=\"async\" loading=\"lazy\" height=\"5464\" itemprop=\"image\"  src=\"https:\/\/www.europesays.com\/no\/wp-content\/uploads\/2026\/08\/9e22e029-5978-3e4d-99ee-c658d080445a.jpeg\"  style=\"object-position:0% 0%\" width=\"8192\"\/>Politiadvokatene Mette Kristin Eriksen og Einar Grape er aktorer i saken.  Foto: Bendik Hansen \/ VGTatt p\u00e5 fersk gj\u00e6rning<\/p>\n<p class=\"_paragraph_145nj_4 _paragraph_6fko5_10 layout-component text-serif-m layout-normal text-serif-m layout-padded\">Overleveringen fant sted onsdag forrige uke, like etter en lunsjpause i rettssaken. <\/p>\n<p class=\"_paragraph_145nj_4 _paragraph_6fko5_10 layout-component text-serif-m layout-normal text-serif-m layout-padded\">VG ble vitne til hendelsen, der en av de tiltalte overleverte en gr\u00e5brun papirpose med bakverk til 21-\u00e5ringen.<\/p>\n<p class=\"_paragraph_145nj_4 _paragraph_6fko5_10 layout-component text-serif-m layout-normal text-serif-m layout-padded\">Han fikk ogs\u00e5 en halvliter med Litago sjokolademelk. <\/p>\n<p class=\"_paragraph_145nj_4 _paragraph_6fko5_10 layout-component text-serif-m layout-normal text-serif-m layout-padded\">F\u00f8r han hadde rukket \u00e5 ta en eneste bit av bakverket, tok politiet aff\u00e6re. <\/p>\n<p class=\"_paragraph_145nj_4 _paragraph_6fko5_10 layout-component text-serif-m layout-normal text-serif-m layout-padded\">\u00c9n av politifolkene som var til stede i retten gikk bort til mannen, s\u00e5 oppi posen og kjente p\u00e5 innholdet f\u00f8r den ble tatt fra ham. <\/p>\n<p class=\"_paragraph_145nj_4 _paragraph_6fko5_10 layout-component text-serif-m layout-normal text-serif-m layout-padded\"><strong class=\"_strong_145nj_25\">Denne uken bekrefter politiet at det skal ha v\u00e6rt 18 gram hasj i posen.<\/strong><\/p>\n<p><img alt=\"Tone Haave er dommer i Oslo tingrett.  Foto: Bendik Hansen \/ VG\" class=\"_image_jw3bv_65 layout-component layout-normal\" data-fullscreen- data-track-element-type=\"Article image fullscreen\" data-track-name=\"ImageFullscreen\" decoding=\"async\" loading=\"lazy\" height=\"5464\" itemprop=\"image\"  src=\"https:\/\/www.europesays.com\/no\/wp-content\/uploads\/2026\/08\/fcfeb0e6-4ecc-3697-8a1f-b15e5e3dda69.jpeg\"  style=\"object-position:0% 0%\" width=\"8192\"\/>Tone Haave er dommer i Oslo tingrett.  Foto: Bendik Hansen \/ VGTilleggstiltale<\/p>\n<p class=\"_paragraph_145nj_4 _paragraph_6fko5_10 layout-component text-serif-m layout-normal text-serif-m layout-padded\">VG har v\u00e6rt i kontakt med politiet, som bekrefter at det er tatt ut en tilleggstiltaletilleggstiltaleEn tilleggstiltale er et nytt, supplerende anklagedokument fra p\u00e5talemyndigheten som utvider en allerede eksisterende straffesak med flere straffbare forhold. og at at de \u00f8nsker at denne behandles under hovedforhandlingen i saken. <\/p>\n<p class=\"_paragraph_145nj_4 _paragraph_6fko5_10 layout-component text-serif-m layout-normal text-serif-m layout-padded\">Mannen er tiltalt for ulovlig \u00e5 ha oppbevart narkotika. <\/p>\n<p class=\"_paragraph_145nj_4 _paragraph_6fko5_10 layout-component text-serif-m layout-normal text-serif-m layout-padded\">\u2013 Tiltalte er tiltalt i en alvorlig sak. P\u00e5talemyndigheten ser alvorlig p\u00e5 at han velger \u00e5 beg\u00e5 en ny straffbar handling under hovedforhandlingen, sier aktor Mette Kristin Eriksen til VG. <\/p>\n<ul class=\"_list_145nj_3 _list_6fko5_9 _unordered_145nj_106 layout-component text-serif-m layout-normal text-serif-m layout-padded\">\n<li class=\"_item_145nj_30\"><strong class=\"_strong_145nj_25\">Les ogs\u00e5:<\/strong> <a href=\"https:\/\/www.vg.no\/nyheter\/i\/q6Vly1\/kidnappingssaken-jeg-var-redd-for-det-verste\" data-track-element-type=\"Link\" data-track-id=\"link:q6Vly1\" class=\"_link_145nj_39\" rel=\"nofollow noopener\" target=\"_blank\">Pekt p\u00e5 som hovedmann &#8211; hevder at han ikke s\u00e5 vold<\/a><\/li>\n<\/ul>\n<p><img alt=\"Foto: Terje Pedersen \/ NTB\" class=\"_image_jw3bv_65 layout-component layout-normal\" data-fullscreen- data-track-element-type=\"Article image fullscreen\" data-track-name=\"ImageFullscreen\" decoding=\"async\" loading=\"lazy\" height=\"3555\" itemprop=\"image\"  src=\"https:\/\/www.europesays.com\/no\/wp-content\/uploads\/2026\/08\/d8740364-7dee-3707-b657-47984695a8e3.jpeg\"  style=\"object-position:0% 0%\" width=\"5332\"\/>Foto: Terje Pedersen \/ NTB<\/p>\n<p class=\"_paragraph_145nj_4 _paragraph_6fko5_10 layout-component text-serif-m layout-normal text-serif-m layout-padded\">Advokat Bj\u00f8rn Aksel Henriksen forsvarer den 20 \u00e5r gamle mannen som er tiltalt etter hasj-overleveringen. <\/p>\n<p><img decoding=\"async\" alt=\"Bilde av Bj\u00f8rn Aksel Henriksen\" class=\"_image_148z4_25\" height=\"49\" itemprop=\"image\" loading=\"lazy\"  src=\"https:\/\/www.europesays.com\/no\/wp-content\/uploads\/2026\/08\/eea16b83-e62c-3af8-a4b9-4d8ea95c4c61.jpeg\"  width=\"40\"\/><strong class=\"_name_148z4_34 title-serif-xs\">Bj\u00f8rn Aksel Henriksen<\/strong><\/p>\n<p class=\"_paragraph_145nj_4 text-sans-m _description_148z4_39\">Advokat i Advokatfirmaet Sterri, Rehman og Henriksen.<\/p>\n<p class=\"_paragraph_145nj_4 _paragraph_6fko5_10 layout-component text-serif-m layout-normal text-serif-m layout-padded\">Han sier til VG at hans klient erkjenner straffskyld. <\/p>\n<p class=\"_paragraph_145nj_4 _paragraph_6fko5_10 layout-component text-serif-m layout-normal text-serif-m layout-padded\">VG har v\u00e6rt i kontakt med forsvareren til mannen som politiet mener at fikk hasjen.<\/p>\n<p class=\"_paragraph_145nj_4 _paragraph_6fko5_10 layout-component text-serif-m layout-normal text-serif-m layout-padded\">Han \u00f8nsker ikke \u00e5 kommentere denne saken.<\/p>\n<p>    <img decoding=\"async\" alt=\"Tips oss illustrasjon\" src=\"https:\/\/www.europesays.com\/no\/wp-content\/uploads\/2026\/08\/1787685559_478_pssst-small.webp\"\/>    <\/p>\n<p class=\"title-serif-s\">Har du tips?<\/p>\n<p class=\"text-sans-m\">Send oss informasjon, bilder eller video.<\/p>\n<p>  <a href=\"https:\/\/www.vg.no\/tips-oss\" rel=\"nofollow noopener\" target=\"_blank\"> Tips oss <\/a>      <\/p>\n","protected":false},"excerpt":{"rendered":"Politiet ante muffens da 21-\u00e5ringen fikk bolle og sjokomelk fra en medtiltalt. Det er satt av 29 dager&hellip;\n","protected":false},"author":2,"featured_media":333942,"comment_status":"","ping_status":"","sticky":false,"template":"","format":"standard","meta":{"footnotes":"","_share_on_mastodon":"0"},"categories":[10],"tags":[20,21,24,25,15,148,22,23,13,30,28,29,14,944,16,26,27],"class_list":["post-333941","post","type-post","status-publish","format-standard","has-post-thumbnail","category-norge","tag-breaking-news","tag-breakingnews","tag-featured-news","tag-featurednews","tag-headlines","tag-kriminalitet","tag-latest-news","tag-latestnews","tag-news","tag-no","tag-norge","tag-norway","tag-nyheter","tag-oslo-tingrett","tag-overskrifter","tag-top-stories","tag-topstories"],"share_on_mastodon":{"url":"https:\/\/pubeurope.com\/@no\/117157768199589983","error":""},"_links":{"self":[{"href":"https:\/\/www.europesays.com\/no\/wp-json\/wp\/v2\/posts\/333941","targetHints":{"allow":["GET"]}}],"collection":[{"href":"https:\/\/www.europesays.com\/no\/wp-json\/wp\/v2\/posts"}],"about":[{"href":"https:\/\/www.europesays.com\/no\/wp-json\/wp\/v2\/types\/post"}],"author":[{"embeddable":true,"href":"https:\/\/www.europesays.com\/no\/wp-json\/wp\/v2\/users\/2"}],"replies":[{"embeddable":true,"href":"https:\/\/www.europesays.com\/no\/wp-json\/wp\/v2\/comments?post=333941"}],"version-history":[{"count":0,"href":"https:\/\/www.europesays.com\/no\/wp-json\/wp\/v2\/posts\/333941\/revisions"}],"wp:featuredmedia":[{"embeddable":true,"href":"https:\/\/www.europesays.com\/no\/wp-json\/wp\/v2\/media\/333942"}],"wp:attachment":[{"href":"https:\/\/www.europesays.com\/no\/wp-json\/wp\/v2\/media?parent=333941"}],"wp:term":[{"taxonomy":"category","embeddable":true,"href":"https:\/\/www.europesays.com\/no\/wp-json\/wp\/v2\/categories?post=333941"},{"taxonomy":"post_tag","embeddable":true,"href":"https:\/\/www.europesays.com\/no\/wp-json\/wp\/v2\/tags?post=333941"}],"curies":[{"name":"wp","href":"https:\/\/api.w.org\/{rel}","templated":true}]}}