{"id":334033,"date":"2026-08-25T20:25:43","date_gmt":"2026-08-25T20:25:43","guid":{"rendered":"https:\/\/www.europesays.com\/no\/334033\/"},"modified":"2026-08-25T20:25:43","modified_gmt":"2026-08-25T20:25:43","slug":"sport-fotball-kitolano-klar-for-kbk","status":"publish","type":"post","link":"https:\/\/www.europesays.com\/no\/334033\/","title":{"rendered":"Sport, Fotball | Kitolano klar for KBK"},"content":{"rendered":"\n<p>\u2013 Det f\u00f8les veldig godt \u00e5 komme til KBK, og jeg gleder meg veldig til \u00e5 starte. Jeg har jobbet med Amund Skiri tidligere, og da han ringte var det ikke tvil om at jeg skulle hit. Jeg vet hva han krever, og han har presentert hva som blir rollen min for laget. Jeg ser veldig fram til dette, sier John Kitolano til <a href=\"https:\/\/www.kristiansundbk.no\/nyheter\/kitolano-klar-for-kbk\" rel=\"Follow nofollow noopener\" target=\"_blank\">KBKs hjemmeside<\/a>.<\/p>\n<p>26-\u00e5ringen har signert en kontrakt med varighet ut 2026.<\/p>\n<p>Spilleren fra Gulset i Skien var ikke gammel f\u00f8r han fikk sjansen i norsk toppfotball, og allerede som 19-\u00e5ring ble han hentet fra Odd til Wolverhampton i England. Der spilte han ti kamper p\u00e5 andrelaget f\u00f8r han i 2020 var p\u00e5 utl\u00e5n b\u00e5de i Molde og Odd.\u00a0<\/p>\n<p>I 2021 signerte han en permanent avtale med Odd. Halvveis i 2022-sesongen ble han solgt til Aalesund. Totalt st\u00e5r 26-\u00e5ringen med 93 kamper i Eliteserien for Odd (50), Aalesund (33) og Molde (10). I Lillestr\u00f8m m\u00e5tte han n\u00f8ye seg med \u00e9n cupkamp som innbytter i mars.\u00a0<\/p>\n<p>N\u00e5 blir alts\u00e5 Kristiansund neste stoppested.<\/p>\n<p>\u2013 Jeg har v\u00e6rt litt rundt, og det f\u00f8les veldig godt \u00e5 komme til Kristiansund. Det har ikke blitt s\u00e5 mange kamper i det siste, men jeg har trent godt over tid. Jeg ser fram til \u00e5 komme i gang og spille igjen.<\/p>\n<p>Familie-vibes<\/p>\n<p>Kitolano mener han kan tilf\u00f8re laget offensiv kraft, godt defensivt arbeid og god lagmoral. Han har et godt inntrykk av KBK sett utenfra p\u00e5 forh\u00e5nd.<\/p>\n<p>\u2013 Det virker som en fin klubb, jeg f\u00e5r s\u00e5nn familie-vibes her. Alle vil hverandre godt, st\u00e5r p\u00e5 og jobber sammen.<\/p>\n<p>Sportssjef Eirik Hoseth er forn\u00f8yd med \u00e5 f\u00e5 Kitolano med p\u00e5 laget.<\/p>\n<p>\u2013 Han er en spiller vi kjenner godt fra tiden i Aalesund, hvor vi f\u00e5r inn en offensiv og erfaren venstreback som vil bidra positivt inn i en ung spillergruppe. John er sulten p\u00e5 spilletid og har trent veldig godt i Lillestr\u00f8m over lang tid, og vi tror at dette er en god mulighet for han og KBK, sier Hoseth.<\/p>\n<p>   <img decoding=\"async\" width=\"4902\" height=\"3269\" fetchpriority=\"low\"  loading=\"lazy\"  src=\"https:\/\/www.europesays.com\/no\/wp-content\/uploads\/2026\/08\/Kitolano2.jpg\" alt=\"\" class=\"brick-c-cFOWSL\" style=\"--brick-image-ratio: 4902 \/ 3269;\"\/><\/p>\n<p>      John Kitolano skifter fra gult til bl\u00e5tt.<br \/>\n      Foto: Henning Betten, KBK\n    <\/p>\n<p>  <a href=\"https:\/\/www.tk.no\/80-51-3013\" class=\"related-teaser has-image article--c-MkAkR\" rel=\"nofollow noopener\" target=\"_blank\"><\/p>\n<p>    <img decoding=\"async\" width=\"155\"  loading=\"lazy\"  src=\"https:\/\/www.europesays.com\/no\/wp-content\/uploads\/2026\/08\/NTB_I3OqZML_nqA.jpg\" alt=\"\" class=\"brick-c-cFOWSL\" style=\"\"\/><\/p>\n<p>\n            Les ogs\u00e5<\/p>\n<p>            Vil mer enn gjerne tilbake til KBK\n        <\/p>\n<p>  <\/a><\/p>\n<p>            Gjenst\u00e5ende kamper KBK<\/p>\n<p>HamKam-KBK<\/p>\n<p>KBK-Troms\u00f8<\/p>\n<p>Viking-KBK<\/p>\n<p>KBK-Rosenborg<\/p>\n<p>Bod\u00f8\/Glimt-KBK<\/p>\n<p>KBK-Aalesund<\/p>\n<p>KBK-KFUM Oslo<\/p>\n<p>Sarpsborg 08-KBK<\/p>\n<p>KBK-V\u00e5lerenga<\/p>\n<p>KBK-Sandefjord<\/p>\n<p>Brann-KBK<\/p>\n<p>KBK-Lillestr\u00f8m<\/p>\n<p>Start-KBK<\/p>\n","protected":false},"excerpt":{"rendered":"\u2013 Det f\u00f8les veldig godt \u00e5 komme til KBK, og jeg gleder meg veldig til \u00e5 starte. Jeg&hellip;\n","protected":false},"author":2,"featured_media":334034,"comment_status":"","ping_status":"","sticky":false,"template":"","format":"standard","meta":{"footnotes":"","_share_on_mastodon":"0"},"categories":[59],"tags":[36,92,3219,298,30,28,29,83,82,1510],"class_list":["post-334033","post","type-post","status-publish","format-standard","has-post-thumbnail","category-sport","tag-art","tag-fotball","tag-kbk","tag-kristiansund","tag-no","tag-norge","tag-norway","tag-sport","tag-sports","tag-story"],"share_on_mastodon":{"url":"https:\/\/pubeurope.com\/@no\/117158027762913224","error":""},"_links":{"self":[{"href":"https:\/\/www.europesays.com\/no\/wp-json\/wp\/v2\/posts\/334033","targetHints":{"allow":["GET"]}}],"collection":[{"href":"https:\/\/www.europesays.com\/no\/wp-json\/wp\/v2\/posts"}],"about":[{"href":"https:\/\/www.europesays.com\/no\/wp-json\/wp\/v2\/types\/post"}],"author":[{"embeddable":true,"href":"https:\/\/www.europesays.com\/no\/wp-json\/wp\/v2\/users\/2"}],"replies":[{"embeddable":true,"href":"https:\/\/www.europesays.com\/no\/wp-json\/wp\/v2\/comments?post=334033"}],"version-history":[{"count":0,"href":"https:\/\/www.europesays.com\/no\/wp-json\/wp\/v2\/posts\/334033\/revisions"}],"wp:featuredmedia":[{"embeddable":true,"href":"https:\/\/www.europesays.com\/no\/wp-json\/wp\/v2\/media\/334034"}],"wp:attachment":[{"href":"https:\/\/www.europesays.com\/no\/wp-json\/wp\/v2\/media?parent=334033"}],"wp:term":[{"taxonomy":"category","embeddable":true,"href":"https:\/\/www.europesays.com\/no\/wp-json\/wp\/v2\/categories?post=334033"},{"taxonomy":"post_tag","embeddable":true,"href":"https:\/\/www.europesays.com\/no\/wp-json\/wp\/v2\/tags?post=334033"}],"curies":[{"name":"wp","href":"https:\/\/api.w.org\/{rel}","templated":true}]}}