{"id":334339,"date":"2026-08-26T07:16:17","date_gmt":"2026-08-26T07:16:17","guid":{"rendered":"https:\/\/www.europesays.com\/no\/334339\/"},"modified":"2026-08-26T07:16:17","modified_gmt":"2026-08-26T07:16:17","slug":"kastet-ham-under-bussen","status":"publish","type":"post","link":"https:\/\/www.europesays.com\/no\/334339\/","title":{"rendered":"Kastet ham under bussen"},"content":{"rendered":"<p class=\"kicker \" style=\"\">T\u00f8ff TV 2-melding:<\/p>\n<p class=\"subtitle \" style=\"\">TV 2-duo stilte sp\u00f8rsm\u00e5l ved Bod\u00f8\/Glimt-spiss Andreas Helmersen (28) p\u00e5 direkten. Trener Kjetil Knutsen (57) svarer kontant.<\/p>\n<p>\n    TIL CHAMPIONS LEAGUE: Kjetil Knutsen og Bod\u00f8\/Glimt sjokkerer verden nok en gang. Foto: NTB\n  <\/p>\n<ul>\n<li class=\"lab-bodytext-line font-weight-bold m-font-weight-bold\" data-lab-font_weight=\"font-weight-bold\">Bod\u00f8\/Glimt &#8211; NEC Nijmegen 3-0 (6-1 sammenlagt)<\/li>\n<\/ul>\n<p>BOD\u00d8 (Dagbladet): Bod\u00f8\/Glimt er i Champions League og igjen m\u00e5per fotballverden. N\u00e5 kan det bli alt fra Real Madrid og Barcelona til Arsenal og Manchester United p\u00e5 Aspmyra.<\/p>\n<p>Samtidig melder det seg et vesentlig sp\u00f8rsm\u00e5l:<\/p>\n<p>Da spissen Kasper H\u00f8gh dro til Celtic i sommer, rykket Andreas Helmersen opp som nummer \u00e9n p\u00e5 topp. I g\u00e5r bommet han p\u00e5 flere store sjanser da Bod\u00f8\/Glimt slo NEC Nijmegen 3-0.\u00a0<\/p>\n<p>        <img loading=\"lazy\" decoding=\"async\" src=\"https:\/\/www.europesays.com\/no\/wp-content\/uploads\/2026\/08\/1787728573_85_85061537.webp\" width=\"667\" height=\"434\" alt=\"\" class=\"\" style=\"--aspect-ratio-image: 1.54; \"\/><\/p>\n<p>\n        NEI OG NEI: Andreas Helmersen (nummer to fra venstre) fortviler etter en misbrukt sjanse p\u00e5 Aspmyra. Foto: Mats Torbergsen \/ NTB\n    <\/p>\n<p>P\u00e5 mange m\u00e5ter ble han en \u00abhakkekylling\u00bb hos kommentatorduoen \u00d8yvind Alsaker og Simen Stams\u00f8 M\u00f8ller p\u00e5 TV 2.<\/p>\n<p>Etter rundt ti minutter skj\u00f8t 28-\u00e5ringen langt over m\u00e5l p\u00e5 en stor sjanse.<\/p>\n<p>Alsaker: &#8211; Han har brent tre sv\u00e6re (sjanser, journ. anm.). Vi har spilt ti minutter p\u00e5 Aspmyra. Njaaa &#8230;<\/p>\n<p>Stams\u00f8 M\u00f8ller: &#8211; Som avslutning er det der den st\u00f8rste sjansen. Det er en ren avslutning i full balanse fra elleve meter. Den skal du sette. Den skal du bare sette!<\/p>\n<p>        <img loading=\"lazy\" decoding=\"async\" src=\"https:\/\/www.europesays.com\/no\/wp-content\/uploads\/2026\/08\/1787728573_320_85061539.webp\" width=\"667\" height=\"441\" alt=\"\" class=\"\" style=\"--aspect-ratio-image: 1.51; \"\/><\/p>\n<p>\n        T\u00d8FF OPPGAVE: Andreas Helmersen ble godt passet p\u00e5 av NEC Nijmegen. Foto: NTB\n    <\/p>\n<p>Etter dr\u00f8ye timen headet Helmersen en sjanse over m\u00e5l.<\/p>\n<p>Alsaker: &#8211; Scoringen uteblir for Glimts nummer ni.<\/p>\n<p>Stams\u00f8 M\u00f8ller: &#8211; Det vil seg ikke. Det er nok en m\u00e5lsjanse det der for Andreas Helmersen.<\/p>\n<p>Alsaker: &#8211; Har han det som skal til n\u00e5r Liverpool, Manchester United, PSG og Bayern M\u00fcnchen st\u00e5r p\u00e5 motsatt banehalvdel, Simen?<\/p>\n<p>Stams\u00f8 M\u00f8ller: &#8211; Det er det st\u00f8rste sp\u00f8rsm\u00e5let rundt dette laget. Jeg synes Sondre Auklend begynner \u00e5 levere s\u00e5pass bra at han er Champions League-klar. Resten er mye av det samme.<\/p>\n<p>Helmersen kom fra Egersund til Bod\u00f8\/Glimt i 2024. Han har v\u00e6rt i blant annet Rosenborg, Ranheim og Raufoss. Han har hatt noen briljante \u00f8yeblikk i Glimt. Men sp\u00f8rsm\u00e5let er om han takler rollen som den b\u00e6rende spissen i storkampene som kommer.\u00a0<\/p>\n<p>        <img loading=\"lazy\" decoding=\"async\" src=\"https:\/\/www.europesays.com\/no\/wp-content\/uploads\/2026\/08\/1787728574_688_85061541.webp\" width=\"667\" height=\"454\" alt=\"\" class=\"\" style=\"--aspect-ratio-image: 1.47; \"\/><\/p>\n<p>\n        BREDE SMIL: Trener Kjetil Knutsen tar et godt tak rundt juvelen Patrick Berg etter bragden. Foto: Mats Torbergsen \/ NTB\n    <\/p>\n<p>Dagbladet stilte sp\u00f8rsm\u00e5let til Knutsen p\u00e5 en pressekonferanse i natt.<\/p>\n<p>&#8211; Det var vanskelig, sier Glimt-bossen om arbeidsvilk\u00e5rene til Helmersen i g\u00e5r.<\/p>\n<p>&#8211; Han hadde en mann hengende rundt livet sitt under hele kampen. Han var en X fra forrige kamp som de var mye mer klar over. Han fikk utrolig lite rom. Han var der og kjempet og fightet. Vi har han, Ola Brynhildsen og Mikkel Bro Hansen (p\u00e5 topp, journ. anm.). Det vil alltid v\u00e6re meninger rundt v\u00e5re spillere. Utgangspunktet v\u00e5rt er alltid \u00e5 utvikle de spillerne vi har.<\/p>\n<p>    <a itemprop=\"url\" href=\"https:\/\/www.dagbladet.no\/sport\/da-ville-jeg-hatt-455-mill\/85055965\" rel=\"nofollow noopener\" target=\"_blank\"><\/p>\n<p>        <img loading=\"lazy\" decoding=\"async\" src=\"https:\/\/www.europesays.com\/no\/wp-content\/uploads\/2026\/08\/1787728575_770_85055977.webp\" width=\"147\" height=\"98\" alt=\"\" class=\"lazyload\" style=\"--aspect-ratio-image: 1.50; \"\/><\/p>\n<p>        &#8211; Da ville jeg hatt 455 mill.<\/p>\n<p>    <\/a><\/p>\n<p class=\"dropcap m-dropcap italic m-italic\" data-lab-dropcap=\"dropcap\" data-lab-italic=\"italic\">&#8211; Er spiss en posisjon dere ser p\u00e5?<\/p>\n<p>&#8211; Jeg kommer ikke til \u00e5 sitte her og kommentere posisjoner i forhold til spillerlogistikk. Overhodet ikke, svarer Knutsen.<\/p>\n<p>&#8211; Det ville v\u00e6rt rart n\u00e5r vi g\u00e5r til Champions League. S\u00e5 skal jeg fortelle hvilke posisjoner vi eventuelt skal styrke oss i. Det ville p\u00e5 mange m\u00e5ter v\u00e6rt respektl\u00f8st overfor spillergruppa.<\/p>\n<p>Glimt-bossen erkjenner likevel:<\/p>\n<p>&#8211; Jeg husker da han (Helmersen, journ. anm.) kom inn i den f\u00f8rste europacupkampen. Det var borte mot Manchester United. Da var niv\u00e5et for h\u00f8yt for ham. Men han har utviklet seg enormt siden den gang. Jeg tror jeg skal si f\u00f8lgende: Aldri undervurder Helmersen!<\/p>\n<p>        <img loading=\"lazy\" decoding=\"async\" src=\"https:\/\/www.europesays.com\/no\/wp-content\/uploads\/2026\/08\/1787728576_654_85061553.webp\" width=\"667\" height=\"447\" alt=\"\" class=\"\" style=\"--aspect-ratio-image: 1.49; \"\/><\/p>\n<p>\n        PENGENE HAGLER INN: Bod\u00f8\/Glimt kan innkassere 355 millioner kroner etter triumfen. Foto: Mats Torbergsen \/ NTB\n    <\/p>\n<p>Spissen var ikke blant spillerne som dukket opp i pressesonen p\u00e5 Aspmyra etter kampen. Dagbladet fikk derfor ikke spurt hvordan han opplevde kampen.\u00a0<\/p>\n<p>I Champions League-kvaliken scoret han to m\u00e5l. I Eliteserien st\u00e5r han oppf\u00f8rt med seks nettkjenninger.<\/p>\n<p>Det h\u00f8rer med til historien at Helmersen har en t\u00f8ff historikk med korsb\u00e5ndsskader.\u00a0<\/p>\n<p>    <a itemprop=\"url\" href=\"https:\/\/www.dagbladet.no\/sport\/355-millioner-rikere\/85060321\" rel=\"nofollow noopener\" target=\"_blank\"><\/p>\n<p>        <img loading=\"lazy\" decoding=\"async\" src=\"https:\/\/www.europesays.com\/no\/wp-content\/uploads\/2026\/08\/1787728577_699_85060974.webp\" width=\"147\" height=\"98\" alt=\"\" class=\"lazyload\" style=\"--aspect-ratio-image: 1.50; \"\/><\/p>\n<p>        Reaksjonene hagler<\/p>\n<p>    <\/a><\/p>\n<p> Men n\u00e5 venter Champions League &#8211; for andre \u00e5ret p\u00e5 rad. Flere av spillerne m\u00f8ter gjerne Barcelona.\u00a0<\/p>\n<p>&#8211; Jeg vet at uansett hvem vi trekker, m\u00f8ter vi topp motstand. Jeg tar det vi f\u00e5r, sier Knutsen.<\/p>\n<p>Trekningen finner sted i Monaco torsdag klokka 18.00.\u00a0<\/p>\n<p>    Fakta<\/p>\n<p>      Bod\u00f8\/Glimt\u00a0\u2013 Nijmegen 3-0 (sammenlagt 6-1)<\/p>\n<p>M\u00e5l: 1-0 Fredrik Bj\u00f8rkan (45), 2-0 Sondre Auklend (45), 3-0 Deveron Fonville (selvm\u00e5l 73).<\/p>\n<p>Dommer: Michael Oliver, England.<\/p>\n<p>Gult kort: No\u00e9 Lebreton, Brayann Pereira, Nijmegen.<\/p>\n<p>R\u00f8dt kort: Gonzalo Crettaz, Nijmegen.<\/p>\n<p>      Vis mer<br \/>\n      Vis mindre<\/p>\n","protected":false},"excerpt":{"rendered":"T\u00f8ff TV 2-melding: TV 2-duo stilte sp\u00f8rsm\u00e5l ved Bod\u00f8\/Glimt-spiss Andreas Helmersen (28) p\u00e5 direkten. Trener Kjetil Knutsen (57)&hellip;\n","protected":false},"author":2,"featured_media":334340,"comment_status":"","ping_status":"","sticky":false,"template":"","format":"standard","meta":{"footnotes":"","_share_on_mastodon":"0"},"categories":[12],"tags":[20,21,55,24,25,15,22,23,13,30,28,29,14,16,6506,26,27,412,42,43,44,45],"class_list":["post-334339","post","type-post","status-publish","format-standard","has-post-thumbnail","category-verden","tag-breaking-news","tag-breakingnews","tag-donald-trump","tag-featured-news","tag-featurednews","tag-headlines","tag-latest-news","tag-latestnews","tag-news","tag-no","tag-norge","tag-norway","tag-nyheter","tag-overskrifter","tag-pete-hegseth","tag-top-stories","tag-topstories","tag-utenriks","tag-verden","tag-world","tag-world-news","tag-worldnews"],"share_on_mastodon":{"url":"https:\/\/pubeurope.com\/@no\/117160587461816244","error":""},"_links":{"self":[{"href":"https:\/\/www.europesays.com\/no\/wp-json\/wp\/v2\/posts\/334339","targetHints":{"allow":["GET"]}}],"collection":[{"href":"https:\/\/www.europesays.com\/no\/wp-json\/wp\/v2\/posts"}],"about":[{"href":"https:\/\/www.europesays.com\/no\/wp-json\/wp\/v2\/types\/post"}],"author":[{"embeddable":true,"href":"https:\/\/www.europesays.com\/no\/wp-json\/wp\/v2\/users\/2"}],"replies":[{"embeddable":true,"href":"https:\/\/www.europesays.com\/no\/wp-json\/wp\/v2\/comments?post=334339"}],"version-history":[{"count":0,"href":"https:\/\/www.europesays.com\/no\/wp-json\/wp\/v2\/posts\/334339\/revisions"}],"wp:featuredmedia":[{"embeddable":true,"href":"https:\/\/www.europesays.com\/no\/wp-json\/wp\/v2\/media\/334340"}],"wp:attachment":[{"href":"https:\/\/www.europesays.com\/no\/wp-json\/wp\/v2\/media?parent=334339"}],"wp:term":[{"taxonomy":"category","embeddable":true,"href":"https:\/\/www.europesays.com\/no\/wp-json\/wp\/v2\/categories?post=334339"},{"taxonomy":"post_tag","embeddable":true,"href":"https:\/\/www.europesays.com\/no\/wp-json\/wp\/v2\/tags?post=334339"}],"curies":[{"name":"wp","href":"https:\/\/api.w.org\/{rel}","templated":true}]}}