{"id":334581,"date":"2026-08-26T11:14:18","date_gmt":"2026-08-26T11:14:18","guid":{"rendered":"https:\/\/www.europesays.com\/no\/334581\/"},"modified":"2026-08-26T11:14:18","modified_gmt":"2026-08-26T11:14:18","slug":"trakk-invitasjonen","status":"publish","type":"post","link":"https:\/\/www.europesays.com\/no\/334581\/","title":{"rendered":"Trakk invitasjonen"},"content":{"rendered":"<p class=\"kicker \" style=\"\">I siste liten:<\/p>\n<p class=\"subtitle \" style=\"\">Utenlandske ambassader reagerer etter at Trump-administrasjonen trakk VIP-invitasjon til bill\u00f8p.<\/p>\n<p>\n    KJ\u00d8R: USAs president Donald Trump med flagget som brukes under Indycar-l\u00f8p. Foto: Doug Mills \/ Pool via REUTERS\n  <\/p>\n<p>Det skriver den amerikanske storavisa <a href=\"https:\/\/www.nytimes.com\/2026\/08\/25\/us\/politics\/trump-indycar-diplomatic-snub.html\" rel=\"nofollow noopener\" target=\"_blank\">New York Times<\/a>\u00a0(NYT), som har f\u00e5tt tilgang til\u00a0mailkorrespondanse om aff\u00e6ren.<\/p>\n<p>Det var utenriksdepartementet i USA som inviterte en rekke ambassad\u00f8rer til en eksklusiv VIP-sone i forbindelse med Indycar-l\u00f8pet som ble <a href=\"https:\/\/www.dagbladet.no\/studio\/72798-sportsstudio\/12275095-trump-markerte-seg-p%C3%A5-indycar-l%C3%B8pet-i-washington\" rel=\"nofollow noopener\" target=\"_blank\">avholdt i \u00e6re av USAs 250-\u00e5rsfeiring<\/a>\u00a0s\u00f8ndag.<\/p>\n<p>Det var USAs president Donald Trump som sto bak l\u00f8pet, og feiringen av USAs grunnleggelse.<\/p>\n<p>Storavisa skriver at de inviterte ambassad\u00f8rene skulle bli busset til bill\u00f8p-banen\u00a0\u00abFreedom 250\u00bb i Washington, og f\u00e5 gratis mat og drikke i den eksklusive VIP-sonen.<\/p>\n<p>Dagen f\u00f8r l\u00f8pets avholdelse fikk noen av de inviterte ambassadene en avlysning per e-post, skriver avisa.<\/p>\n<p>I beklagelsen fra amerikansk UD tilbys det vanlige billetter til arrangementet.<\/p>\n<p>Droppet ferie\t<\/p>\n<p> \u00c9n diplomat NYT har snakket med, forteller at vedkommende avkortet ferien sin for \u00e5 delta p\u00e5 arrangementet. Andre forteller at de dukket opp hos amerikansk UD s\u00f8ndag, bare for \u00e5 f\u00e5 den nedsl\u00e5ende beskjeden.<\/p>\n<p>Forskeren og tidligere UD-topp i USA, Jeremy Shapiro, sier til NYT at kanselleringen tyder p\u00e5 at Trump-administrasjonen\u00a0\u00abikke bryr seg s\u00e6rlig om hverken hva andre diplomater eller stater, tenker om dem\u00bb.<\/p>\n<p>&#8211; Det er en del av et bredere m\u00f8nster som g\u00e5r mye dypere og ogs\u00e5 handler om viktigere ting. Jeg er sikker p\u00e5 at dette, p\u00e5 sitt vis, vil forsterke det inntrykket, sier Shapiro til avisa.<\/p>\n<p>        UTLOVER DUS\u00d8R: I en TV-sendt trusselvideo utlover Iran en dus\u00f8r p\u00e5 10 millioner dollar for \u00e5 drepe Donald Trumps yngste s\u00f8nn. <\/p>\n<p>Var ledig\t<\/p>\n<p>Det er derimot andre som fikk VIP-plass. Monaco-ambassad\u00f8r Maguy Maccario Doyle var en av de heldige utvalgte.<\/p>\n<p>Overfor avisa hyller hun arrangementet, og forteller at det var ledige seter i VIP-seksjonen.<\/p>\n<p>&#8211; Det var plass. Vi satt ikke trangt i det hele tatt, sier Maccario Doyle, som ansl\u00e5r at omkring 20 diplomater var til stede i VIP-b\u00e5sen.<\/p>\n<p>If\u00f8lge avisa fikk landene som mistet VIP-plassen kompensert med tilbudet om to gratisbilletter til arrangementet.<\/p>\n<p>En talsperson for USAs utenriksdepartement sier at avlysningen skyldes en endring hos bill\u00f8pets\u00a0\u00abprivate organisator\u00bb.<\/p>\n<p>En talsperson for Indycar hevder at ingens billetter ble nedgradert, skriver New York Times.<\/p>\n<p>Erkeamerikansk\t<\/p>\n<p>Indycar-l\u00f8p regnes som en erkeamerikansk gren innen motorsport.<\/p>\n<p>\u00abFreedom 250\u00bb-l\u00f8pet er det f\u00f8rste av sitt slag i USAs hovedstad, Washington D.C.<\/p>\n<p>Den norske Indycar-sj\u00e5f\u00f8ren Dennis Hauger endte p\u00e5 15. plass under l\u00f8pet.<\/p>\n","protected":false},"excerpt":{"rendered":"I siste liten: Utenlandske ambassader reagerer etter at Trump-administrasjonen trakk VIP-invitasjon til bill\u00f8p. KJ\u00d8R: USAs president Donald Trump&hellip;\n","protected":false},"author":2,"featured_media":334582,"comment_status":"","ping_status":"","sticky":false,"template":"","format":"standard","meta":{"footnotes":"","_share_on_mastodon":"0"},"categories":[59],"tags":[55,30,28,29,14,83,82,412],"class_list":["post-334581","post","type-post","status-publish","format-standard","has-post-thumbnail","category-sport","tag-donald-trump","tag-no","tag-norge","tag-norway","tag-nyheter","tag-sport","tag-sports","tag-utenriks"],"share_on_mastodon":{"url":"https:\/\/pubeurope.com\/@no\/117161522997487562","error":""},"_links":{"self":[{"href":"https:\/\/www.europesays.com\/no\/wp-json\/wp\/v2\/posts\/334581","targetHints":{"allow":["GET"]}}],"collection":[{"href":"https:\/\/www.europesays.com\/no\/wp-json\/wp\/v2\/posts"}],"about":[{"href":"https:\/\/www.europesays.com\/no\/wp-json\/wp\/v2\/types\/post"}],"author":[{"embeddable":true,"href":"https:\/\/www.europesays.com\/no\/wp-json\/wp\/v2\/users\/2"}],"replies":[{"embeddable":true,"href":"https:\/\/www.europesays.com\/no\/wp-json\/wp\/v2\/comments?post=334581"}],"version-history":[{"count":0,"href":"https:\/\/www.europesays.com\/no\/wp-json\/wp\/v2\/posts\/334581\/revisions"}],"wp:featuredmedia":[{"embeddable":true,"href":"https:\/\/www.europesays.com\/no\/wp-json\/wp\/v2\/media\/334582"}],"wp:attachment":[{"href":"https:\/\/www.europesays.com\/no\/wp-json\/wp\/v2\/media?parent=334581"}],"wp:term":[{"taxonomy":"category","embeddable":true,"href":"https:\/\/www.europesays.com\/no\/wp-json\/wp\/v2\/categories?post=334581"},{"taxonomy":"post_tag","embeddable":true,"href":"https:\/\/www.europesays.com\/no\/wp-json\/wp\/v2\/tags?post=334581"}],"curies":[{"name":"wp","href":"https:\/\/api.w.org\/{rel}","templated":true}]}}