{"id":334703,"date":"2026-08-26T13:10:21","date_gmt":"2026-08-26T13:10:21","guid":{"rendered":"https:\/\/www.europesays.com\/no\/334703\/"},"modified":"2026-08-26T13:10:21","modified_gmt":"2026-08-26T13:10:21","slug":"arbeidsliv-okonomi-flere-av-oss-ma-jobbe-lenger-snart-vil-pensjonsalderen-gradvis-oke","status":"publish","type":"post","link":"https:\/\/www.europesays.com\/no\/334703\/","title":{"rendered":"Arbeidsliv, \u00d8konomi | Flere av oss m\u00e5 jobbe lenger: Snart vil pensjonsalderen gradvis \u00f8ke"},"content":{"rendered":"\n<p>(<a href=\"https:\/\/www.nettavisen.no\/nyheter\/pensjonsalderen-oker-gradvis-fra-2029-dette-ma-du-vite-om-endringene\/s\/80-95-9977\" rel=\"Follow nofollow noopener\" target=\"_blank\">Nettavisen<\/a>): Endringene innfases trinnvis og vil gjelde for framtidige \u00e5rskull.\u00a0<\/p>\n<p>\u2013 Jeg h\u00e5per at dette kan komme p\u00e5 plass slik at det kan virke fra 1. januar 2029, uttalte arbeidsminister Kjersti Stenseng (Ap) nylig i et intervju med LO-tidsskriftet <a rel=\"Follow nofollow noopener\" href=\"https:\/\/frifagbevegelse.no\/hknytt\/pensjonsalderen-kan-oke-gradvis-fra-2029-6.158.1219497.c3721377b0\" target=\"_blank\">Fri Fagbevegelse<\/a>.<\/p>\n<p>Stortingets vedtak om \u00f8kt normert pensjonsalder n\u00e6rmer seg iverksettelse. <\/p>\n<p>M\u00e5let med reformen er \u00e5 sikre b\u00e6rekraften i folketrygden n\u00e5r levealderen i befolkningen stiger.<\/p>\n<p><b>Med andre ord:<\/b><\/p>\n<p>Staten \u00f8nsker \u00e5 \u00f8ke pensjonsalderen for \u00e5 sikre at samfunnet har r\u00e5d til \u00e5 betale ut pensjoner i fremtiden n\u00e5r folk lever lenger.<\/p>\n<p><b>Les ogs\u00e5: <a rel=\"Follow nofollow noopener\" href=\"https:\/\/www.nettavisen.no\/okonomi\/endringer-i-afp-dette-er-los-nye-plan-for-ekstrapensjonen\/s\/5-95-3074855\" target=\"_blank\">LO varsler store endringer i AFP: Slik er planen for din ekstrapensjon<\/a><\/b><\/p>\n<p>Arbeidslivet forlenges trinnvis<\/p>\n<p>Fra og med 2029 vil aldersgrensene i pensjonssystemet justeres opp gradvis.\u00a0<\/p>\n<p>Det betyr at hvert nye \u00e5rskull m\u00e5 jobbe noe lenger enn det forrige for \u00e5 oppn\u00e5 samme utbetaling.<\/p>\n<p>Det legges ogs\u00e5 opp til skjermingsordninger for dem som m\u00e5 g\u00e5 av tidlig p\u00e5 grunn av helse eller slitasje. <\/p>\n<p>N\u00e6rmere detaljer om kompensasjon og <a rel=\"Follow nofollow noopener\" href=\"https:\/\/frifagbevegelse.no\/hknytt\/sliterne-skal-fa-et-eget-pensjonstillegg-slik-blir-reglene-6.158.1218849.5a10728fcc\" target=\"_blank\">slitertillegg<\/a> vil avklare hvem som f\u00e5r s\u00e6rskilt st\u00f8tte.<\/p>\n<p><b>Undertegnede, som er f\u00f8dt i 1973, vil if\u00f8lge LOs beregninger m\u00e5tte vente til jeg er 63 \u00e5r f\u00f8r jeg kan ta ut alderspensjon, mot 62 \u00e5r tidligere.<\/b><\/p>\n<p><b>Les ogs\u00e5: <a rel=\"Follow nofollow noopener\" href=\"http:\/\/norskpensjon.no\/om-pensjonssystemet\/afp-avtalefestet-pensjon\/\" target=\"_blank\">Nav: Avtalefestet pensjon (AFP) \u2013 i b\u00e5de offentlig og privat sektor<\/a><\/b><\/p>\n<p>Pensjonsutvidelsens konkrete m\u00e5l<\/p>\n<p>If\u00f8lge <a rel=\"Follow nofollow noopener\" href=\"https:\/\/www.ssb.no\/offentlig-sektor\/offentlig-forvaltning\/artikler\/a-gradvis-oke-pensjonsalder-vil-sikre-et-rimelig-niva-pa-pensjonene-for-framtidige-generasjoner\" target=\"_blank\">Statistisk sentralbyr\u00e5 (SSB)<\/a> er dette de konkrete m\u00e5lene staten \u00f8nsker \u00e5 oppn\u00e5 med \u00e5 utvide pensjonsalderen:<\/p>\n<ul>\n<li><b>B\u00e6rekraftig \u00f8konomi: <\/b>Begrense den kraftige veksten i statens utgifter til pensjon.<\/li>\n<li><b>Flere i arbeid: <\/b>F\u00e5 flere til \u00e5 st\u00e5 lenger i jobb, slik at det blir flere hender og hoder i arbeidslivet.<\/li>\n<li><b>\u00d8kte skatteinntekter:<\/b> At folk jobber noen m\u00e5neder eller \u00e5r ekstra, betyr at de betaler skatt lenger.<\/li>\n<li><b>Bedre utbetaling: <\/b>Sikre at fremtidige generasjoner f\u00e5r en god nok pensjon per m\u00e5ned, istedenfor at pengene fordeles over s\u00e5 mange \u00e5r at m\u00e5nedssummen blir for lav.<\/li>\n<\/ul>\n<p>    Slik rammes ditt \u00e5rskull<\/p>\n<p>Hvor mye lenger du m\u00e5 st\u00e5 i arbeid avhenger direkte av hvilket f\u00f8dsels\u00e5r du har.\u00a0<\/p>\n<p><b>De som er f\u00f8dt i 1964 og senere blir de f\u00f8rste som merker den gradvise opptrappingen i praksis.<\/b><\/p>\n<p>Personer f\u00f8dt i 1964 er det f\u00f8rste \u00e5rskullet hvor pensjonsalderen og grensene for n\u00e5r man kan ta ut alderspensjon i praksis begynner \u00e5 stige p\u00e5 grunn av befolkningens \u00f8kte levealder, forklarer <a rel=\"Follow nofollow noopener\" href=\"https:\/\/www.storebrand.no\/privat\/pensjon\/sa-lenge-ma-du-jobbe\" target=\"_blank\">forsikringsselskapet Storebrand<\/a>.\u00a0<\/p>\n<p><b>Les ogs\u00e5: <a rel=\"Follow nofollow noopener\" href=\"https:\/\/www.nav.no\/planlegger-pensjon\" target=\"_blank\">Slik er pensjonen din bygget opp<\/a><\/b><\/p>\n","protected":false},"excerpt":{"rendered":"(Nettavisen): Endringene innfases trinnvis og vil gjelde for framtidige \u00e5rskull.\u00a0 \u2013 Jeg h\u00e5per at dette kan komme p\u00e5&hellip;\n","protected":false},"author":2,"featured_media":334704,"comment_status":"","ping_status":"","sticky":false,"template":"","format":"standard","meta":{"footnotes":"","_share_on_mastodon":"0"},"categories":[5],"tags":[465,36,20,21,24,25,15,19,22,23,17,18,13,30,28,29,14,16,572,4440,1510,26,27],"class_list":["post-334703","post","type-post","status-publish","format-standard","has-post-thumbnail","category-overskrifter","tag-arbeidsliv","tag-art","tag-breaking-news","tag-breakingnews","tag-featured-news","tag-featurednews","tag-headlines","tag-hovedoppslag","tag-latest-news","tag-latestnews","tag-main-news","tag-mainnews","tag-news","tag-no","tag-norge","tag-norway","tag-nyheter","tag-overskrifter","tag-okonomi","tag-pensjon","tag-story","tag-top-stories","tag-topstories"],"share_on_mastodon":{"url":"https:\/\/pubeurope.com\/@no\/117161979208378936","error":""},"_links":{"self":[{"href":"https:\/\/www.europesays.com\/no\/wp-json\/wp\/v2\/posts\/334703","targetHints":{"allow":["GET"]}}],"collection":[{"href":"https:\/\/www.europesays.com\/no\/wp-json\/wp\/v2\/posts"}],"about":[{"href":"https:\/\/www.europesays.com\/no\/wp-json\/wp\/v2\/types\/post"}],"author":[{"embeddable":true,"href":"https:\/\/www.europesays.com\/no\/wp-json\/wp\/v2\/users\/2"}],"replies":[{"embeddable":true,"href":"https:\/\/www.europesays.com\/no\/wp-json\/wp\/v2\/comments?post=334703"}],"version-history":[{"count":0,"href":"https:\/\/www.europesays.com\/no\/wp-json\/wp\/v2\/posts\/334703\/revisions"}],"wp:featuredmedia":[{"embeddable":true,"href":"https:\/\/www.europesays.com\/no\/wp-json\/wp\/v2\/media\/334704"}],"wp:attachment":[{"href":"https:\/\/www.europesays.com\/no\/wp-json\/wp\/v2\/media?parent=334703"}],"wp:term":[{"taxonomy":"category","embeddable":true,"href":"https:\/\/www.europesays.com\/no\/wp-json\/wp\/v2\/categories?post=334703"},{"taxonomy":"post_tag","embeddable":true,"href":"https:\/\/www.europesays.com\/no\/wp-json\/wp\/v2\/tags?post=334703"}],"curies":[{"name":"wp","href":"https:\/\/api.w.org\/{rel}","templated":true}]}}