{"id":334729,"date":"2026-08-26T13:33:19","date_gmt":"2026-08-26T13:33:19","guid":{"rendered":"https:\/\/www.europesays.com\/no\/334729\/"},"modified":"2026-08-26T13:33:19","modified_gmt":"2026-08-26T13:33:19","slug":"durek-verrett-har-gjennomgatt-en-nyretransplantasjon","status":"publish","type":"post","link":"https:\/\/www.europesays.com\/no\/334729\/","title":{"rendered":"Durek Verrett har gjennomg\u00e5tt en nyretransplantasjon"},"content":{"rendered":"\n<p class=\"_lead_145nj_2 _lead_6fko5_53 layout-component text-serif-m layout-normal text-serif-l layout-component layout-wide layout-padded _wide_17hqh_1 layout-padded\">Nyretransplantasjonen ble utf\u00f8rt p\u00e5 Rikshospitalet og var vellykket.<\/p>\n<p><img alt=\"Durek Verrett og prinsesse M\u00e4rtha Louise avbildet i Lommedalen i 2025. Foto: Mattis Sandblad \/ VG\" class=\"_image_jw3bv_65 layout-component layout-wide\" data-fullscreen- data-track-element-type=\"Article image fullscreen\" data-track-name=\"ImageFullscreen\" fetchpriority=\"high\" decoding=\"sync\" loading=\"eager\" height=\"5435\" itemprop=\"image\"  src=\"https:\/\/www.europesays.com\/no\/wp-content\/uploads\/2026\/08\/59196795-1075-3a46-aa49-dca33bf4d6bb.jpeg\"  style=\"object-position:52.06053236049183% 39.70561177552898%\" width=\"7401\"\/>Durek Verrett og prinsesse M\u00e4rtha Louise avbildet i Lommedalen i 2025. Foto: Mattis Sandblad \/ VG Oppdatert onsdag 26. august kl. 15:32     <\/p>\n<p class=\"_paragraph_145nj_4 _paragraph_6fko5_10 layout-component text-serif-m layout-normal text-serif-m layout-padded\">Det opplyser prinsesse M\u00e4rtha Louise (54) og <a href=\"https:\/\/www.vg.no\/tag\/durek-verrett?utm_source=vg-article&amp;utm_medium=auto-tagger&amp;utm_campaign=zOQvMb\" class=\"_link_145nj_39\" rel=\"nofollow noopener\" target=\"_blank\">Durek Verrett<\/a> (51) i en pressemelding gjennom manager Carina Scheele Carlsen.<\/p>\n<p class=\"_paragraph_145nj_4 _paragraph_6fko5_10 layout-component text-serif-m layout-normal text-serif-m layout-padded\">Etter en lang periode med nyresykdom og venting p\u00e5 et donororgan, er paret n\u00e5 \u00abutrolig lettet\u00bb over at operasjonen er gjennomf\u00f8rt. <\/p>\n<p class=\"_paragraph_145nj_4 _paragraph_6fko5_10 layout-component text-serif-m layout-normal text-serif-m layout-padded\">If\u00f8lge pressemeldingen har inngrepet g\u00e5tt bra etter forholdene.<\/p>\n<p><img decoding=\"async\" alt=\"Bilde av Carina Scheele Carlsen\" class=\"_image_148z4_25\" height=\"34\" itemprop=\"image\" loading=\"lazy\"  src=\"https:\/\/www.europesays.com\/no\/wp-content\/uploads\/2026\/08\/2fea89af-baac-387e-a76b-1dd633980da3.jpeg\"  width=\"40\"\/><strong class=\"_name_148z4_34 title-serif-xs\">Carina Scheele Carlsen<\/strong><\/p>\n<p class=\"_paragraph_145nj_4 text-sans-m _description_148z4_39\">Manager<\/p>\n<p class=\"_paragraph_145nj_4 _paragraph_6fko5_10 layout-component text-serif-m layout-normal text-serif-m layout-padded\">Alle nyretransplantasjoner i Norge utf\u00f8res ved Oslo universitetssykehus, Rikshospitalet i Oslo.<\/p>\n<p class=\"_paragraph_145nj_4 _paragraph_6fko5_10 layout-component text-serif-m layout-normal text-serif-m layout-padded\">\u2013 F\u00f8rst og fremst kjenner vi p\u00e5 en enorm takknemlighet overfor at noen er villig til \u00e5 v\u00e6re donor. Det er vanskelig \u00e5 sette ord p\u00e5 hva en slik gave betyr. Den nye nyren har gitt Durek en ny sjanse, og det kommer vi aldri til \u00e5 ta for gitt, st\u00e5r det i pressemeldingen. <\/p>\n<p><img alt=\"Prinsessen og Verrett har v\u00e6rt sammen i flere \u00e5r, og giftet seg i august 2024. F\u00f8r bryllupsfeiringen i Geiranger i  fortalte Verrett \u00e5penhjertig til pressen at han kom rett fra en dialysebehandling.  Foto: Mattis Sandblad \/ VG\" class=\"_image_jw3bv_65 layout-component layout-normal\" data-fullscreen- data-track-element-type=\"Article image fullscreen\" data-track-name=\"ImageFullscreen\" decoding=\"async\" loading=\"lazy\" height=\"2656\" itemprop=\"image\"  src=\"https:\/\/www.europesays.com\/no\/wp-content\/uploads\/2026\/08\/b0ac0b12-26b1-300b-ac75-0504f1b10416.jpeg\"  style=\"object-position:0% 0%\" width=\"3984\"\/>Prinsessen og Verrett har v\u00e6rt sammen i flere \u00e5r, og giftet seg i august 2024. F\u00f8r bryllupsfeiringen i Geiranger i  fortalte Verrett \u00e5penhjertig til pressen at han kom rett fra en dialysebehandling.  Foto: Mattis Sandblad \/ VG<\/p>\n<p class=\"_paragraph_145nj_4 _paragraph_6fko5_10 layout-component text-serif-m layout-normal text-serif-m layout-padded\">VG har v\u00e6rt i kontakt med Carlsen, som forklarer overfor VG at Verrett har v\u00e6rt bosatt i Norge siden 2024, og er en del av det norske helsevesenet. <\/p>\n<p class=\"_paragraph_145nj_4 _paragraph_6fko5_10 layout-component text-serif-m layout-normal text-serif-m layout-padded\">\u2013 Han har v\u00e6rt fulgt opp for sin nyresykdom ved Drammen sykehus \u00f2g Rikshospitalet. Transplantasjonen er gjennomf\u00f8rt etter de medisinske kriteriene og prioriteringsreglene som gjelder for Norge. <\/p>\n<p>Hyller helsevesenet <\/p>\n<p class=\"_paragraph_145nj_4 _paragraph_6fko5_10 layout-component text-serif-m layout-normal text-serif-m layout-padded\">Verrett retter ogs\u00e5 en spesiell takk til helsepersonellet ved Drammen sykehus som har fulgt ham gjennom sykdomsperioden. <\/p>\n<p class=\"_paragraph_145nj_4 _paragraph_6fko5_10 layout-component text-serif-m layout-normal text-serif-m layout-padded\">\u2013 Jeg har f\u00e5tt behandling mange steder i verden, men jeg har aldri opplevd den varmen, omtanken og menneskeligheten som jeg har m\u00f8tt hos helsepersonell i Norge generelt, og ved Drammen sykehus spesielt, sier han.<\/p>\n<p>Nyretransplantasjon<\/p>\n<ul class=\"_list_145nj_3 _list_6fko5_9 _list_1kitn_10 _unordered_145nj_106 layout-component text-serif-m layout-normal text-sans-m layout-padded\">\n<li class=\"_item_145nj_30\">Nyretransplantasjon er overf\u00f8ring av en frisk\u00a0nyre\u00a0fra et individ til et annet med en alvorlig, livstruende,\u00a0kronisk nyresykdom.<\/li>\n<li class=\"_item_145nj_30\">Nyretransplantasjon benyttes som behandling av kronisk\u00a0nyresvikt.<\/li>\n<li class=\"_item_145nj_30\">I Norge f\u00e5r alle med nyresvikt tilbud om nyretransplantasjon, dersom slik operasjon er forsvarlig og man kan finne en egnet nyredonor.<\/li>\n<li class=\"_item_145nj_30\">Det er gjennomf\u00f8rt over 9000 nyretransplantasjoner i Norge.<\/li>\n<\/ul>\n<p class=\"_paragraph_145nj_4 _paragraph_6fko5_10 _paragraph_1kitn_11 layout-component text-serif-m layout-normal text-sans-m layout-padded\">Kilde: SNL<\/p>\n<p>Vis mer<\/p>\n<p class=\"_paragraph_145nj_4 _paragraph_6fko5_10 layout-component text-serif-m layout-normal text-serif-m layout-padded\">Videre st\u00e5r det: <\/p>\n<p class=\"_paragraph_145nj_4 _paragraph_6fko5_10 layout-component text-serif-m layout-normal text-serif-m layout-padded\">\u2013 M\u00e5ten legene og sykepleierne har tatt vare p\u00e5 meg p\u00e5, b\u00e5de som pasient og som menneske, har ber\u00f8rt meg dypt. De har v\u00e6rt mine \u00ablittle angels\u00bb gjennom en veldig krevende tid.<\/p>\n<p class=\"_paragraph_145nj_4 _paragraph_6fko5_10 layout-component text-serif-m layout-normal layout-padded\"><strong class=\"_strong_145nj_25\">Les ogs\u00e5:<\/strong> <a href=\"https:\/\/www.vg.no\/i\/O8dkRw\" data-track-element-type=\"Link\" data-track-id=\"link:O8dkRw\" class=\"_link_145nj_39\" rel=\"nofollow noopener\" target=\"_blank\">Durek Verrett venter p\u00e5 at venner skal tilby nyre<\/a><\/p>\n<p class=\"_paragraph_145nj_4 _paragraph_6fko5_10 layout-component text-serif-m layout-normal text-serif-m layout-padded\">I pressemeldingen ber familien om ro og privatliv i tiden som kommer, og vil ikke gi ytterligere kommentarer. Samtidig h\u00e5per paret at historien deres kan skape mer oppmerksomhet rundt organdonasjon.<\/p>\n<p class=\"_paragraph_145nj_4 _paragraph_6fko5_10 layout-component text-serif-m layout-normal text-serif-m layout-padded\">\u2013 Vi vet hvor krevende det er \u00e5 vente, og hvor mye h\u00e5p som ligger i \u00e9n telefon, sier de.<\/p>\n<p>    <img decoding=\"async\" alt=\"Tips oss illustrasjon\" src=\"https:\/\/www.europesays.com\/no\/wp-content\/uploads\/2026\/08\/1787751199_453_pssst-small.webp\"\/>    <\/p>\n<p class=\"title-serif-s\">Har du tips?<\/p>\n<p class=\"text-sans-m\">Send oss informasjon, bilder eller video.<\/p>\n<p>  <a href=\"https:\/\/www.vg.no\/tips-oss\" rel=\"nofollow noopener\" target=\"_blank\"> Tips oss <\/a>      <\/p>\n","protected":false},"excerpt":{"rendered":"Nyretransplantasjonen ble utf\u00f8rt p\u00e5 Rikshospitalet og var vellykket. Durek Verrett og prinsesse M\u00e4rtha Louise avbildet i Lommedalen i&hellip;\n","protected":false},"author":2,"featured_media":334730,"comment_status":"","ping_status":"","sticky":false,"template":"","format":"standard","meta":{"footnotes":"","_share_on_mastodon":"0"},"categories":[5],"tags":[31,20,21,2858,24,25,15,19,22,23,17,18,4186,13,30,28,29,14,16,2805,26,27],"class_list":["post-334729","post","type-post","status-publish","format-standard","has-post-thumbnail","category-overskrifter","tag-breaking","tag-breaking-news","tag-breakingnews","tag-durek-verrett","tag-featured-news","tag-featurednews","tag-headlines","tag-hovedoppslag","tag-latest-news","tag-latestnews","tag-main-news","tag-mainnews","tag-martha-louise","tag-news","tag-no","tag-norge","tag-norway","tag-nyheter","tag-overskrifter","tag-rikshospitalet","tag-top-stories","tag-topstories"],"share_on_mastodon":{"url":"https:\/\/pubeurope.com\/@no\/117162069783065104","error":""},"_links":{"self":[{"href":"https:\/\/www.europesays.com\/no\/wp-json\/wp\/v2\/posts\/334729","targetHints":{"allow":["GET"]}}],"collection":[{"href":"https:\/\/www.europesays.com\/no\/wp-json\/wp\/v2\/posts"}],"about":[{"href":"https:\/\/www.europesays.com\/no\/wp-json\/wp\/v2\/types\/post"}],"author":[{"embeddable":true,"href":"https:\/\/www.europesays.com\/no\/wp-json\/wp\/v2\/users\/2"}],"replies":[{"embeddable":true,"href":"https:\/\/www.europesays.com\/no\/wp-json\/wp\/v2\/comments?post=334729"}],"version-history":[{"count":0,"href":"https:\/\/www.europesays.com\/no\/wp-json\/wp\/v2\/posts\/334729\/revisions"}],"wp:featuredmedia":[{"embeddable":true,"href":"https:\/\/www.europesays.com\/no\/wp-json\/wp\/v2\/media\/334730"}],"wp:attachment":[{"href":"https:\/\/www.europesays.com\/no\/wp-json\/wp\/v2\/media?parent=334729"}],"wp:term":[{"taxonomy":"category","embeddable":true,"href":"https:\/\/www.europesays.com\/no\/wp-json\/wp\/v2\/categories?post=334729"},{"taxonomy":"post_tag","embeddable":true,"href":"https:\/\/www.europesays.com\/no\/wp-json\/wp\/v2\/tags?post=334729"}],"curies":[{"name":"wp","href":"https:\/\/api.w.org\/{rel}","templated":true}]}}