{"id":334795,"date":"2026-08-26T14:33:17","date_gmt":"2026-08-26T14:33:17","guid":{"rendered":"https:\/\/www.europesays.com\/no\/334795\/"},"modified":"2026-08-26T14:33:17","modified_gmt":"2026-08-26T14:33:17","slug":"emilie-kiser-roper-sonnens-dodsarsak-etter-drukningsulykken","status":"publish","type":"post","link":"https:\/\/www.europesays.com\/no\/334795\/","title":{"rendered":"Emilie Kiser r\u00f8per s\u00f8nnens d\u00f8ds\u00e5rsak etter drukningsulykken"},"content":{"rendered":"<p class=\"kicker \" style=\"\">Emilie Kiser:\u00a0<\/p>\n<p class=\"subtitle \" style=\"\">Influenseren opplevde sitt verste mareritt da s\u00f8nnen omkom. N\u00e5 er d\u00f8ds\u00e5rsaken klar.<\/p>\n<p>\n    MISTET S\u00d8NNEN: I fjor mistet influenser og Youtuber Emilie Kiser og ektemannen Brady sin tre \u00e5r gamle s\u00f8nn, Trigg. Foto: Skjermdump fra Instagram \/ @emiliekiser\n  <\/p>\n<p> Etter over et \u00e5r med uvisshet og lammende sorg, er d\u00f8ds\u00e5rsaken til influenser Emilie Kisers (27) tre \u00e5r gamle s\u00f8nn, Trigg, endelig fastsl\u00e5tt. <\/p>\n<p> Det viser ferske dokumenter fra rettsmedisineren i Maricopa County.\u00a0<\/p>\n<p>Fant ham\t<\/p>\n<p>Det var 12. mai i fjor at n\u00f8detatene hastet til familiens hjem i Arizona etter at den lille gutten hadde falt uti et basseng.<\/p>\n<p class=\"font-weight-bold m-font-weight-bold\" data-lab-font_weight=\"font-weight-bold\">Han ble fraktet til sykehus, men livet sto ikke til \u00e5 redde. Trigg ble bekreftet d\u00f8d p\u00e5 sykehuset seks dager senere.<\/p>\n<p>Mamma Emilie var ikke hjemme da tragedien inntraff.\u00a0<\/p>\n<p>    <a itemprop=\"url\" href=\"https:\/\/www.seher.no\/kjendis\/kunne-vaert-unngatt\/84571225\" rel=\"nofollow noopener\" target=\"_blank\"><\/p>\n<p>        <img loading=\"lazy\" decoding=\"async\" src=\"https:\/\/www.europesays.com\/no\/wp-content\/uploads\/2026\/08\/84571381.webp\" width=\"180\" height=\"81\" alt=\"\" class=\"lazyload\" style=\"--aspect-ratio-image: 2.22; \"\/><\/p>\n<p>        &#8211; Kunne v\u00e6rt unng\u00e5tt<\/p>\n<p>    <\/a><\/p>\n<p>Det var derimot barnefar Brady Kiser (29) &#8211; som fant Trigg i vannet. Ogs\u00e5 yngstes\u00f8nnen Theodore, som p\u00e5 tidspunktet var fem uker gammel, var hjemme.<\/p>\n<p>        <img loading=\"lazy\" decoding=\"async\" src=\"https:\/\/www.europesays.com\/no\/wp-content\/uploads\/2026\/08\/85065339.webp\" width=\"667\" height=\"501\" alt=\"\" class=\"\" style=\"--aspect-ratio-image: 1.33; \"\/><\/p>\n<p>\n        TRAGEDIE: Emilie Kiser med s\u00f8nnen Trigg. Foto: Skjermdump fra Instagram \/ @emiliekiser\n    <\/p>\n<p>R\u00f8per \u00e5rsaken\t<\/p>\n<p>Denne uken, over ett \u00e5r etter at Emilie og Brady mistet s\u00f8nnen, bekrefter politiet d\u00f8ds\u00e5rsaken overfor\u00a0<a href=\"https:\/\/people.com\/influencer-emilie-kiser-son-trigg-cause-of-death-revealed-11737631\" style=\"font-size: 18px; font-weight: 400; font-family: Lato, helvetica, arial, sans-serif;\" rel=\"nofollow noopener\" target=\"_blank\">magasinet People<\/a>.<\/p>\n<p class=\"font-weight-bold m-font-weight-bold\" data-lab-font_weight=\"font-weight-bold\">De opplyser at tre\u00e5ringen d\u00f8de av anoksisk hjerneskade for\u00e5rsaket av drukning. En slik skade oppst\u00e5r n\u00e5r hjernen mister helt tilgangen p\u00e5 oksygen.\u00a0<\/p>\n<p>Dette f\u00f8rer til celled\u00f8d i s\u00e5rbare omr\u00e5der av hjernen og kan gi alt fra milde hukommelsesproblemer til dyp bevisstl\u00f8shets- eller komatilstand &#8211; og i verste fall resultere i d\u00f8d.<\/p>\n<p>        Hollywood-stjerna Hayden Panettiere ble funnet d\u00f8d. Politiet etterforsker saken. Video: Agusta Magnusdottir \/ Dagbladet.<\/p>\n<p>Triggs d\u00f8dsfall er oppf\u00f8rt som en ulykke, skriver People videre.<\/p>\n<p>Skjulte en vond sannhet\t<\/p>\n<p>Etter at Trigg ble funnet i vannet, forklarte tobarnsfar Brady f\u00f8rst at han mistet tre\u00e5ringen av syne i tre til fem minutter.\u00a0<\/p>\n<p class=\"font-weight-bold m-font-weight-bold\" data-lab-font_weight=\"font-weight-bold\">Politiets overv\u00e5kningsbilder avsl\u00f8rte imidlertid at Trigg var ubevoktet i hagen i over ni minutter &#8211; og at han l\u00e5 under vann i syv av dem.<\/p>\n<p>    <a itemprop=\"url\" href=\"https:\/\/www.seher.no\/kjendis\/sonnen-druknet-ny-utvikling\/83787985\" rel=\"nofollow noopener\" target=\"_blank\"><\/p>\n<p>        <img loading=\"lazy\" decoding=\"async\" src=\"https:\/\/www.europesays.com\/no\/wp-content\/uploads\/2026\/08\/83622078.webp\" width=\"180\" height=\"81\" alt=\"\" class=\"lazyload\" style=\"--aspect-ratio-image: 2.22; \"\/><\/p>\n<p>        S\u00f8nnen druknet &#8211; ny utvikling<\/p>\n<p>    <\/a><\/p>\n<p>Politiet innstilte f\u00f8rst p\u00e5 \u00e5 sikte ektemannen for alvorlig omsorgssvikt, men statsadvokaten henla saken da de ikke mente det var grunnlag for en fellelse, skriver People.<\/p>\n<p>&#8211; Var s\u00e5 sint\t<\/p>\n<p>I kj\u00f8lvannet av det tragiske d\u00f8dsfallet har det v\u00e6rt en sv\u00e6rt tung tid for Emilie og ektemannen. Tidligere i \u00e5r \u00e5pnet hun for f\u00f8rste gang opp om skrekkulykken.\u00a0\u00a0<\/p>\n<p class=\"font-weight-bold m-font-weight-bold\" data-lab-font_weight=\"font-weight-bold\">I podkasten \u00abOn Purpose\u00bb med podkastvert Jay Shetty (38) forklarte den s\u00f8nderknuste moren at hun og ektemannen hadde hatt et ekstremt vanskelig \u00e5r.<\/p>\n<p>&#8211; Helt i starten f\u00f8lte jeg s\u00e5 mye sinne mot ham, sier hun i podkasten, og r\u00f8per at hun slet med \u00e5 tilgi ham.<\/p>\n<p class=\"font-weight-normal m-font-weight-normal\" data-lab-font_weight=\"font-weight-normal\">Men \u00e9n tanke endret alt:<\/p>\n<p class=\"font-weight-bold m-font-weight-bold\" data-lab-font_weight=\"font-weight-bold\">&#8211; Det som virkelig endret m\u00e5ten jeg s\u00e5 p\u00e5 det som hadde skjedd, var \u00e5 innse at dette like gjerne kunne skjedd meg. Det kunne v\u00e6rt meg som var i Bradys posisjon.<\/p>\n<p>Videre understreker hun at innsikten absolutt ikke unnskylder det som skjedde.<\/p>\n<p>&#8211; Men \u00e5 ta det ansvaret, sammen med alle de andre tingene jeg vet ejg kunne ha endret p\u00e5, ga meg en ekte, dyp og r\u00e5 empati for ham.<\/p>\n<p>        DELER TRIST NYHET: Familien til Dolly Parton (80) melder i en video p\u00e5 instagram at den kjente artisen er d\u00f8d. Video: Facebook. Reporter: Sander Aadalen.<\/p>\n<p>Skal holdes langt unna\t<\/p>\n<p>Emilie og Brady Kiser giftet seg i 2019. Etter at de mistet s\u00f8nnen Trigg, har de g\u00e5tt i utallige terapitimer sammen.\u00a0<\/p>\n<p class=\"font-weight-bold m-font-weight-bold\" data-lab-font_weight=\"font-weight-bold\">P\u00e5 sosiale medier har influenseren delt flere detaljer om deres reise til \u00e5 finne tilbake til hverandre. Hun skriver at sorg og h\u00e5p g\u00e5r h\u00e5nd i h\u00e5nd for familien.\u00a0<\/p>\n<p>    <a itemprop=\"url\" href=\"https:\/\/www.seher.no\/kjendis\/vil-vaere-svaert-vanskelig\/83491468\" rel=\"nofollow noopener\" target=\"_blank\"><\/p>\n<p>        <img loading=\"lazy\" decoding=\"async\" src=\"https:\/\/www.europesays.com\/no\/wp-content\/uploads\/2026\/08\/83491366.webp\" width=\"180\" height=\"81\" alt=\"\" class=\"lazyload\" style=\"--aspect-ratio-image: 2.22; \"\/><\/p>\n<p>        &#8211; Vil v\u00e6re sv\u00e6rt vanskelig<\/p>\n<p>    <\/a><\/p>\n<p>Nylig r\u00f8pet dessuten 27-\u00e5ringen at hun og Brady venter et nytt barn.\u00a0<\/p>\n<p>\u00abVi er s\u00e5 takknemlige og glade for \u00e5 kunne dele at vi \u00f8nsker enda en baby velkommen inn i familien v\u00e5r. Dette f\u00f8les veldig surrealistisk, men det har v\u00e6rt et sterkt lys for oss i det som har v\u00e6rt noen av v\u00e5re m\u00f8rkeste dager\u00bb, skrev hun i <a href=\"https:\/\/www.instagram.com\/p\/DaVw0qYCT0J\/\" rel=\"nofollow noopener\" target=\"_blank\">et innlegg<\/a> p\u00e5 Instagram.<\/p>\n<p>Influenseren gjorde det imidlertid klokkeklart at hun kom til \u00e5 holde det nye familiemedlemmet langt unna offentlighetens lys.<\/p>\n<p>    <a itemprop=\"url\" href=\"https:\/\/www.seher.no\/kjendis\/gravid-etter-tragedien\/84857895\" rel=\"nofollow noopener\" target=\"_blank\"><\/p>\n<p>        <img loading=\"lazy\" decoding=\"async\" src=\"https:\/\/www.europesays.com\/no\/wp-content\/uploads\/2026\/08\/84857978.webp\" width=\"180\" height=\"81\" alt=\"\" class=\"lazyload\" style=\"--aspect-ratio-image: 2.22; \"\/><\/p>\n<p>        Gravid etter tragedien<\/p>\n<p>    <\/a><\/p>\n<p>\u00abJeg kommer ikke til \u00e5 dele s\u00e5 mye om dette svangerskapet og den neste fasen av livet. Jeg setter pris p\u00e5 forst\u00e5elsen\u00bb, skrev hun videre.<\/p>\n<p><script async src=\"\/\/www.instagram.com\/embed.js\"><\/script><\/p>\n","protected":false},"excerpt":{"rendered":"Emilie Kiser:\u00a0 Influenseren opplevde sitt verste mareritt da s\u00f8nnen omkom. N\u00e5 er d\u00f8ds\u00e5rsaken klar. MISTET S\u00d8NNEN: I fjor&hellip;\n","protected":false},"author":2,"featured_media":334796,"comment_status":"","ping_status":"","sticky":false,"template":"","format":"standard","meta":{"footnotes":"","_share_on_mastodon":"0"},"categories":[59],"tags":[576,10494,3011,2229,479,2543,30,28,29,83,82],"class_list":["post-334795","post","type-post","status-publish","format-standard","has-post-thumbnail","category-sport","tag-dodsfall","tag-emilie-kiser","tag-graviditet","tag-influenser","tag-kjendis","tag-kjendisdesken","tag-no","tag-norge","tag-norway","tag-sport","tag-sports"],"share_on_mastodon":{"url":"https:\/\/pubeurope.com\/@no\/117162306096650381","error":""},"_links":{"self":[{"href":"https:\/\/www.europesays.com\/no\/wp-json\/wp\/v2\/posts\/334795","targetHints":{"allow":["GET"]}}],"collection":[{"href":"https:\/\/www.europesays.com\/no\/wp-json\/wp\/v2\/posts"}],"about":[{"href":"https:\/\/www.europesays.com\/no\/wp-json\/wp\/v2\/types\/post"}],"author":[{"embeddable":true,"href":"https:\/\/www.europesays.com\/no\/wp-json\/wp\/v2\/users\/2"}],"replies":[{"embeddable":true,"href":"https:\/\/www.europesays.com\/no\/wp-json\/wp\/v2\/comments?post=334795"}],"version-history":[{"count":0,"href":"https:\/\/www.europesays.com\/no\/wp-json\/wp\/v2\/posts\/334795\/revisions"}],"wp:featuredmedia":[{"embeddable":true,"href":"https:\/\/www.europesays.com\/no\/wp-json\/wp\/v2\/media\/334796"}],"wp:attachment":[{"href":"https:\/\/www.europesays.com\/no\/wp-json\/wp\/v2\/media?parent=334795"}],"wp:term":[{"taxonomy":"category","embeddable":true,"href":"https:\/\/www.europesays.com\/no\/wp-json\/wp\/v2\/categories?post=334795"},{"taxonomy":"post_tag","embeddable":true,"href":"https:\/\/www.europesays.com\/no\/wp-json\/wp\/v2\/tags?post=334795"}],"curies":[{"name":"wp","href":"https:\/\/api.w.org\/{rel}","templated":true}]}}