{"id":334829,"date":"2026-08-26T15:27:14","date_gmt":"2026-08-26T15:27:14","guid":{"rendered":"https:\/\/www.europesays.com\/no\/334829\/"},"modified":"2026-08-26T15:27:14","modified_gmt":"2026-08-26T15:27:14","slug":"nyheter-bergen-brann-i-bosspann-pa-mo-senteret","status":"publish","type":"post","link":"https:\/\/www.europesays.com\/no\/334829\/","title":{"rendered":"Nyheter, Bergen | Brann i bosspann p\u00e5 MO-senteret"},"content":{"rendered":"\n<p>Onsdag ettermiddag meldte politiet at de rykket ut til MO-senteret p\u00e5 Gyldenpris.\u00a0<\/p>\n<p>If\u00f8lge Dan Erik Johannessen, operasjonsleder ved Vest politidistrikt, rykket de ut etter melding om r\u00f8ykutvikling i bygget.\u00a0<\/p>\n<p>\u2013 Det er meldt om mye r\u00f8yk inne p\u00e5 et rom, opplyste vaktleder ved 110-sentralen Jostein Steinsland-Hauge. <\/p>\n<p>   <img decoding=\"async\" width=\"2688\" height=\"1792\" fetchpriority=\"low\"  loading=\"lazy\"  src=\"https:\/\/www.europesays.com\/no\/wp-content\/uploads\/2026\/08\/RJ8_5402_sladdet.jpg\" alt=\"\" class=\"brick-c-cFOWSL\" style=\"--brick-image-ratio: 2688 \/ 1792;\"\/><\/p>\n<p>R\u00f8ykdykkere ble sendt inn i bygget kort tid etter at de ankom stedet.\u00a0<\/p>\n<p>If\u00f8lge vaktlederen skal brannen ha startet i et bosspann, men kort tid etter den f\u00f8rste meldingen ble brannen bekreftet slukket.\u00a0<\/p>\n<p>Som f\u00f8lger av brannen ble sprinkleranlegget utl\u00f8st. Brannvesenet jobber n\u00e5 med \u00e5 fjerne vannet fra gulvet.\u00a0<\/p>\n<p>Samtlige n\u00f8detater rykket ut.<\/p>\n<p>Brannvesenet sendte ressurser fra Hovedstasjonen og Laksev\u00e5g stasjon.\u00a0<\/p>\n","protected":false},"excerpt":{"rendered":"Onsdag ettermiddag meldte politiet at de rykket ut til MO-senteret p\u00e5 Gyldenpris.\u00a0 If\u00f8lge Dan Erik Johannessen, operasjonsleder ved&hellip;\n","protected":false},"author":2,"featured_media":334830,"comment_status":"","ping_status":"","sticky":false,"template":"","format":"standard","meta":{"footnotes":"","_share_on_mastodon":"0"},"categories":[59],"tags":[36,444,26021,30,28,29,14,83,82,1510],"class_list":["post-334829","post","type-post","status-publish","format-standard","has-post-thumbnail","category-sport","tag-art","tag-bergen","tag-mo-senter","tag-no","tag-norge","tag-norway","tag-nyheter","tag-sport","tag-sports","tag-story"],"share_on_mastodon":{"url":"https:\/\/pubeurope.com\/@no\/117162518242351228","error":""},"_links":{"self":[{"href":"https:\/\/www.europesays.com\/no\/wp-json\/wp\/v2\/posts\/334829","targetHints":{"allow":["GET"]}}],"collection":[{"href":"https:\/\/www.europesays.com\/no\/wp-json\/wp\/v2\/posts"}],"about":[{"href":"https:\/\/www.europesays.com\/no\/wp-json\/wp\/v2\/types\/post"}],"author":[{"embeddable":true,"href":"https:\/\/www.europesays.com\/no\/wp-json\/wp\/v2\/users\/2"}],"replies":[{"embeddable":true,"href":"https:\/\/www.europesays.com\/no\/wp-json\/wp\/v2\/comments?post=334829"}],"version-history":[{"count":0,"href":"https:\/\/www.europesays.com\/no\/wp-json\/wp\/v2\/posts\/334829\/revisions"}],"wp:featuredmedia":[{"embeddable":true,"href":"https:\/\/www.europesays.com\/no\/wp-json\/wp\/v2\/media\/334830"}],"wp:attachment":[{"href":"https:\/\/www.europesays.com\/no\/wp-json\/wp\/v2\/media?parent=334829"}],"wp:term":[{"taxonomy":"category","embeddable":true,"href":"https:\/\/www.europesays.com\/no\/wp-json\/wp\/v2\/categories?post=334829"},{"taxonomy":"post_tag","embeddable":true,"href":"https:\/\/www.europesays.com\/no\/wp-json\/wp\/v2\/tags?post=334829"}],"curies":[{"name":"wp","href":"https:\/\/api.w.org\/{rel}","templated":true}]}}