{"id":334855,"date":"2026-08-26T15:56:19","date_gmt":"2026-08-26T15:56:19","guid":{"rendered":"https:\/\/www.europesays.com\/no\/334855\/"},"modified":"2026-08-26T15:56:19","modified_gmt":"2026-08-26T15:56:19","slug":"tim-curry-er-dod-skuespilleren-bak-it-og-the-rocky-horror-picture-show-ble-80-ar","status":"publish","type":"post","link":"https:\/\/www.europesays.com\/no\/334855\/","title":{"rendered":"Tim Curry er d\u00f8d \u2013 skuespilleren bak \u00abIt\u00bb og \u00abThe Rocky Horror Picture Show\u00bb ble 80 \u00e5r"},"content":{"rendered":"<p class=\"kicker \" style=\"\">Kronprins Haakon:<\/p>\n<p class=\"subtitle t30\" style=\"\">Onsdag ettermiddag bes\u00f8ker dronningen og kronprinsparet sykehuset.<\/p>\n<p>Kronprins Haakon (53) sto onsdag formiddag alene p\u00e5 slottsbalkongen for \u00e5 overv\u00e6re gardens oppvisning p\u00e5 Slottsplassen.<\/p>\n<p>Like f\u00f8r klokka fire, tre timer etter det offisielle oppdraget, bes\u00f8ker han Rikshospitalet, hvor kong Harald (89) er innlagt for behandling av blodsykdommen hemolytisk anemi.<\/p>\n<p>Kronprinsesse Mette-Marit (53) ankom 20 minutter etter kronprinsen.\u00a0<\/p>\n<p>Hun ble kj\u00f8rt av prins Sverre Magnus (20), som ble fotografert kj\u00f8rende ut fra sykehuset alene kort tid etter at han ankom med kronprinsessen. If\u00f8lge <a href=\"https:\/\/www.seher.no\/kjendis\/ny-familiesamling-pa-sykehuset\/85065592\" rel=\"nofollow noopener\" target=\"_blank\">Se og H\u00f8r<\/a> dro prinsen tilbake til Skaugum.\u00a0<\/p>\n<p>Klokka 16.48 ankom dronning Sonja sykehuset.<\/p>\n<p> I helga ble det kjent at kongens helsetilstand har forverret seg. <\/p>\n<p>Mandag informerte Slottet om at det ikke var noen vesentlige endringer i kongens helse, og at situasjonen er stabil.\u00a0<\/p>\n<p>    <a itemprop=\"url\" href=\"https:\/\/www.dagbladet.no\/kjendis\/avlyser-nytt-oppdrag\/85063224\" rel=\"nofollow noopener\" target=\"_blank\"><\/p>\n<p>        <img loading=\"lazy\" decoding=\"async\" src=\"https:\/\/www.europesays.com\/no\/wp-content\/uploads\/2026\/08\/1787759778_297_85005333.webp\" width=\"180\" height=\"81\" alt=\"\" class=\"lazyload\" style=\"--aspect-ratio-image: 2.22; \"\/><\/p>\n<p>        Avlyser nytt oppdrag<\/p>\n<p>    <\/a><\/p>\n<p>Tidligere onsdag ble det ogs\u00e5 kjent at Durek Verrett (51), som er gift med prinsesse M\u00e4rtha Louise (54), har gjennomg\u00e5tt en nyretransplantasjon ved Rikshospitalet.\u00a0<\/p>\n<p>Avlyste<\/p>\n<p>Mandag ble det kjent at dronning Sonja (89), som egentlig ogs\u00e5 skulle delta p\u00e5 gardens oppvisning, m\u00e5tte avlyse. Samtidig ble det kjent at arrangementet ble flyttet fra tirsdag til onsdag.\u00a0<\/p>\n<p>        \u00abVELDIG LEI SEG\u00bb: En video publisert av TV 2-journalist Ulrikke Louise Wiik har f\u00e5tt sterk kritikk i sosiale medier. Video: Karolina Grace\/R\u00f8d L\u00f8per, Ulrikke Louise Wiik\/Snapchat, NTB. <\/p>\n<p> I fjor sto kongeparet og kronprinsen sammen og s\u00e5 p\u00e5 da garden holdt sin \u00e5rlige drilloppvisning.\u00a0<\/p>\n<p>I \u00e5r m\u00e5tte kronprinsregenten biv\u00e5ne showet alene.\u00a0<\/p>\n<p>        <img loading=\"lazy\" decoding=\"async\" src=\"https:\/\/www.europesays.com\/no\/wp-content\/uploads\/2026\/08\/85064015.webp\" width=\"667\" height=\"401\" alt=\"\" class=\"\" style=\"--aspect-ratio-image: 1.66; \"\/><\/p>\n<p>\n        2025: I fjor var kronprins Haakon p\u00e5 balkongen med foreldrene sine. I \u00e5r m\u00f8tte han derimot aleine. Foto: Tor Erik Schr\u00f8der \/ NTB\n    <\/p>\n<p>Tidligere onsdag ble det klart at dronning Sonja avlyste en audiens med utenriksr\u00e5den torsdag.<\/p>\n<p>Store deler av kongefamilien har bes\u00f8kt Rikshospitalet den siste tida.<\/p>\n","protected":false},"excerpt":{"rendered":"Kronprins Haakon: Onsdag ettermiddag bes\u00f8ker dronningen og kronprinsparet sykehuset. Kronprins Haakon (53) sto onsdag formiddag alene p\u00e5 slottsbalkongen&hellip;\n","protected":false},"author":2,"featured_media":334856,"comment_status":"","ping_status":"","sticky":false,"template":"","format":"standard","meta":{"footnotes":"","_share_on_mastodon":"0"},"categories":[58],"tags":[71,479,30,28,29,26025,72],"class_list":["post-334855","post","type-post","status-publish","format-standard","has-post-thumbnail","category-underholdning","tag-entertainment","tag-kjendis","tag-no","tag-norge","tag-norway","tag-tim-curry","tag-underholdning"],"share_on_mastodon":{"url":"https:\/\/pubeurope.com\/@no\/117162631891802752","error":""},"_links":{"self":[{"href":"https:\/\/www.europesays.com\/no\/wp-json\/wp\/v2\/posts\/334855","targetHints":{"allow":["GET"]}}],"collection":[{"href":"https:\/\/www.europesays.com\/no\/wp-json\/wp\/v2\/posts"}],"about":[{"href":"https:\/\/www.europesays.com\/no\/wp-json\/wp\/v2\/types\/post"}],"author":[{"embeddable":true,"href":"https:\/\/www.europesays.com\/no\/wp-json\/wp\/v2\/users\/2"}],"replies":[{"embeddable":true,"href":"https:\/\/www.europesays.com\/no\/wp-json\/wp\/v2\/comments?post=334855"}],"version-history":[{"count":0,"href":"https:\/\/www.europesays.com\/no\/wp-json\/wp\/v2\/posts\/334855\/revisions"}],"wp:featuredmedia":[{"embeddable":true,"href":"https:\/\/www.europesays.com\/no\/wp-json\/wp\/v2\/media\/334856"}],"wp:attachment":[{"href":"https:\/\/www.europesays.com\/no\/wp-json\/wp\/v2\/media?parent=334855"}],"wp:term":[{"taxonomy":"category","embeddable":true,"href":"https:\/\/www.europesays.com\/no\/wp-json\/wp\/v2\/categories?post=334855"},{"taxonomy":"post_tag","embeddable":true,"href":"https:\/\/www.europesays.com\/no\/wp-json\/wp\/v2\/tags?post=334855"}],"curies":[{"name":"wp","href":"https:\/\/api.w.org\/{rel}","templated":true}]}}