{"id":334899,"date":"2026-08-26T16:47:24","date_gmt":"2026-08-26T16:47:24","guid":{"rendered":"https:\/\/www.europesays.com\/no\/334899\/"},"modified":"2026-08-26T16:47:24","modified_gmt":"2026-08-26T16:47:24","slug":"videoer-viser-at-han-skyter-i-oslo-sentrum","status":"publish","type":"post","link":"https:\/\/www.europesays.com\/no\/334899\/","title":{"rendered":"Videoer viser at han skyter i Oslo sentrum"},"content":{"rendered":"\n<ul class=\"_list_145nj_3 _list_64s2r_85 _unordered_145nj_106 text-sans-m\">\n<li class=\"_item_145nj_30\">Tidligere domfelt irakisk 37-\u00e5ring st\u00e5r sentralt i rettssak om to kidnappingssaker, mener politiet. <\/li>\n<li class=\"_item_145nj_30\">Ofrene skal ha blitt utsatt for grov vold, trusler og ran i leiligheter p\u00e5 Frogner og i B\u00e6rum.<\/li>\n<li class=\"_item_145nj_30\">Mannen er tidligere d\u00f8mt for skyting, vold mot ekskj\u00e6reste og narkotikalovbrudd.<\/li>\n<li class=\"_item_145nj_30\">VG har f\u00e5tt tilgang til tre videoer som viser at mannen skyter fra en bil i Oslo og Nittedal. <\/li>\n<\/ul>\n<p>Vis mer <\/p>\n<p class=\"_paragraph_145nj_4 _paragraph_6fko5_10 layout-component text-serif-m layout-normal text-serif-m layout-padded\">Tirsdag 18. august startet <a href=\"https:\/\/www.vg.no\/nyheter\/i\/K8a2A7\/oslo-tingrett-aatte-menn-tiltalt-etter-to-frihetsberoevelser\" data-track-element-type=\"Link\" data-track-id=\"link:K8a2A7\" class=\"_link_145nj_39\" rel=\"nofollow noopener\" target=\"_blank\">rettssaken mot \u00e5tte menn som er tiltalt i to kidnappingssaker<\/a> i <a href=\"https:\/\/www.vg.no\/tag\/oslo-tingrett?utm_source=vg-article&amp;utm_medium=auto-tagger&amp;utm_campaign=m0VJrv\" class=\"_link_145nj_39\" rel=\"nofollow noopener\" target=\"_blank\">Oslo tingrett<\/a>. <\/p>\n<p class=\"_paragraph_145nj_4 _paragraph_6fko5_10 layout-component text-serif-m layout-normal text-serif-m layout-padded\">Politiet ser hendelsene i sammenheng, og mener at bakgrunnen kan v\u00e6re narkogjeld.<\/p>\n<ul class=\"_list_145nj_3 _list_6fko5_9 _unordered_145nj_106 layout-component text-serif-m layout-normal text-serif-m layout-padded\">\n<li class=\"_item_145nj_30\"><strong class=\"_strong_145nj_25\">Fra 6. til 7. april 2024<\/strong>\u00a0ble en mann holdt fanget i en Frogner-leilighet. Han skal ha blitt utsatt for vold, sl\u00e5tt med pistol, truet p\u00e5 livet, blitt helt varmt vann over seg og ranet. Seks personer er tiltalt.<\/li>\n<li class=\"_item_145nj_30\"><strong class=\"_strong_145nj_25\">Fra 14. til 16. april 2024<\/strong>\u00a0ble en mann kidnappet og holdt fanget i en leilighet i B\u00e6rum. Han skal ha blitt truet med v\u00e5pen, utsatt for vold og ranet. Han ble ogs\u00e5 truet til \u00e5 kle seg naken p\u00e5 film, og dette ble publisert p\u00e5 Snapchat. Fem personer er tiltalt.<\/li>\n<\/ul>\n<p class=\"_paragraph_145nj_4 _paragraph_6fko5_10 layout-component text-serif-m layout-normal text-serif-m layout-padded\">P\u00e5talemyndigheten peker p\u00e5 37-\u00e5ringen som \u00e9n av tre hovedmenn i begge sakene. <\/p>\n<p class=\"_paragraph_145nj_4 _paragraph_6fko5_10 layout-component text-serif-m layout-normal text-serif-m layout-padded\"><strong class=\"_strong_145nj_25\">\u2013 Politiet ser sv\u00e6rt alvorlig p\u00e5 disse sakene, sier politiadvokat Mette Kristin Eriksen.<\/strong><\/p>\n<p class=\"_paragraph_145nj_4 _paragraph_6fko5_10 layout-component text-serif-m layout-normal text-serif-m layout-padded\">N\u00e5 kan VG fortelle mer om den kriminelle historikken til mannen. <\/p>\n<p><img alt=\"Det ble funnet blodspor p\u00e5 badet til den 22 kvadratmeter store leiligheten der en mann i 30-\u00e5rene ble holdt fanget.  Foto: Politiet\" class=\"_image_jw3bv_65 layout-component layout-normal\" data-fullscreen- data-track-element-type=\"Article image fullscreen\" data-track-name=\"ImageFullscreen\" decoding=\"async\" loading=\"lazy\" height=\"800\" itemprop=\"image\"  src=\"https:\/\/www.europesays.com\/no\/wp-content\/uploads\/2026\/08\/1787762837_509_922b6ee6-8568-3ef6-97e4-ee9fde6516a2.png\"  style=\"object-position:0% 0%\" width=\"1178\"\/>Det ble funnet blodspor p\u00e5 badet til den 22 kvadratmeter store leiligheten der en mann i 30-\u00e5rene ble holdt fanget.  Foto: PolitietL\u00f8snet skudd fra bil \u2013 tre ganger<\/p>\n<p class=\"_paragraph_145nj_4 _paragraph_6fko5_10 layout-component text-serif-m layout-normal text-serif-m layout-padded\">If\u00f8lge Folkeregisteret kom han til Norge fra Irak som 15-\u00e5ring i 2004, et dr\u00f8yt \u00e5r etter at Irak-krigen startet.<\/p>\n<p class=\"_paragraph_145nj_4 _paragraph_6fko5_10 layout-component text-serif-m layout-normal text-serif-m layout-padded\">Han byttet navn da han kom til Norge, og har siden 2004 bodd i flere byer p\u00e5 \u00d8stlandet. <\/p>\n<p class=\"_paragraph_145nj_4 _paragraph_6fko5_10 layout-component text-serif-m layout-normal text-serif-m layout-padded\">Mannen er godt kjent av politiet, og har if\u00f8lge tidligere dommer v\u00e6rt involvert i et \u00abtungt\u00bb milj\u00f8. I dag er han innsatt i fengsel og soner en dom p\u00e5 tre \u00e5r fra 2025. <\/p>\n<p class=\"_paragraph_145nj_4 _paragraph_6fko5_10 layout-component text-serif-m layout-normal text-serif-m layout-padded\"><strong class=\"_strong_145nj_25\">37-\u00e5ringen er tidligere blitt d\u00f8mt for: <\/strong><\/p>\n<ul class=\"_list_145nj_3 _list_6fko5_9 _unordered_145nj_106 layout-component text-serif-m layout-normal text-serif-m layout-padded\">\n<li class=\"_item_145nj_30\">Grov ulovlig bev\u00e6pning og en rekke andre brudd p\u00e5 v\u00e5penloven.<\/li>\n<li class=\"_item_145nj_30\">Kroppskrenkelse, trusler og brudd p\u00e5 kontaktforbud mot en ekskj\u00e6reste.<\/li>\n<li class=\"_item_145nj_30\">Flere narkotikalovbrudd, blant annet for bruk og oppbevaring av hasj og kokain.<\/li>\n<li class=\"_item_145nj_30\">Grove tyverier for flere hundre tusen kroner. <\/li>\n<li class=\"_item_145nj_30\">Ruskj\u00f8ring, uaktsom kj\u00f8ring og flere andre brudd p\u00e5 veitrafikkloven. <\/li>\n<\/ul>\n<p class=\"_paragraph_145nj_4 _paragraph_6fko5_10 layout-component text-serif-m layout-normal text-serif-m layout-padded\">I 2025 ble han d\u00f8mt for \u00e5 ha skutt ut av vinduet p\u00e5 en bil ved tre ulike anledninger. <\/p>\n<p class=\"_paragraph_145nj_4 _paragraph_6fko5_10 layout-component text-serif-m layout-normal text-serif-m layout-padded\">I Nittedal, i en tunnel p\u00e5 Ring 3 og p\u00e5 Ronsenhoff i Oslo sentrum. <\/p>\n<p class=\"_paragraph_145nj_4 _paragraph_6fko5_10 layout-component text-serif-m layout-normal text-serif-m layout-padded\"><strong class=\"_strong_145nj_25\">Mannen har \u00absv\u00e6rt lav terskel for \u00e5 bruke skytev\u00e5pen i allmennheten\u00bb, mente retten. <\/strong><\/p>\n<p class=\"_paragraph_145nj_4 _paragraph_6fko5_10 layout-component text-serif-m layout-normal text-serif-m layout-padded\">Ogs\u00e5 for egen underholdning, eller bare for \u00e5 \u00abt\u00f8ffe seg\u00bb, kommer det frem i dommen. <\/p>\n<p><img alt=\"En forn\u00e6rmet mann i 30-\u00e5rene har fortalt at han fryktet det verste da 37-\u00e5ringen og fem andre holdt ham fanget i en Frogner-leilighet i 2024.  Foto: Espen Sj\u00f8lingstad Hoen \/ VG\" class=\"_image_jw3bv_65 layout-component layout-normal\" data-fullscreen- data-track-element-type=\"Article image fullscreen\" data-track-name=\"ImageFullscreen\" decoding=\"async\" loading=\"lazy\" height=\"3264\" itemprop=\"image\"  src=\"https:\/\/www.europesays.com\/no\/wp-content\/uploads\/2026\/08\/78626e24-f2da-3a8f-958e-f51d3804e546.jpeg\"  style=\"object-position:0% 0%\" width=\"4896\"\/>En forn\u00e6rmet mann i 30-\u00e5rene har fortalt at han fryktet det verste da 37-\u00e5ringen og fem andre holdt ham fanget i en Frogner-leilighet i 2024.  Foto: Espen Sj\u00f8lingstad Hoen \/ VGSkyting p\u00e5 skoleveien<\/p>\n<p class=\"_paragraph_145nj_4 _paragraph_6fko5_10 layout-component text-serif-m layout-normal text-serif-m layout-padded\">Hendelsen p\u00e5 Rosenhoff skjedde i 9-tiden p\u00e5 morgenen 15. mai 2024. <\/p>\n<p class=\"_paragraph_145nj_4 _paragraph_6fko5_10 layout-component text-serif-m layout-normal text-serif-m layout-padded\">Mannen har forklart at han og tre andre skulle m\u00f8te noen. <\/p>\n<p class=\"_paragraph_145nj_4 _paragraph_6fko5_10 layout-component text-serif-m layout-normal text-serif-m layout-padded\">Da han oppfattet at noen skj\u00f8t mot bilen han satt i, fikk han en pistol fra personen i passasjersetet. I politiavh\u00f8r forklarte mannen at han skj\u00f8t i n\u00f8dvergen\u00f8dvergeN\u00f8dverge er en ellers straffbar handling som du utf\u00f8rer for \u00e5 avverge eller forsvare deg mot et ulovlig angrep., og at han fryktet for livet sitt. <\/p>\n<p class=\"_paragraph_145nj_4 _paragraph_6fko5_10 layout-component text-serif-m layout-normal text-serif-m layout-padded\">Retten mente at det var sannsynlig at han ble skutt etter, men at vilk\u00e5rene for n\u00f8dverge ikke var oppfylt. <\/p>\n<p class=\"_paragraph_145nj_4 _paragraph_6fko5_10 layout-component text-serif-m layout-normal text-serif-m layout-padded\">De mente at han bare burde kj\u00f8rt av g\u00e5rde.  <\/p>\n<p><img alt=\"Foto: Politiet\" class=\"_image_jw3bv_65 layout-component layout-right\" data-fullscreen- data-track-element-type=\"Article image fullscreen\" data-track-name=\"ImageFullscreen\" decoding=\"async\" loading=\"lazy\" height=\"602\" itemprop=\"image\"  src=\"https:\/\/www.europesays.com\/no\/wp-content\/uploads\/2026\/08\/0e2c4ba0-77c8-3aeb-adf7-eea2607715fe.png\"  style=\"object-position:0% 0%\" width=\"714\"\/>Foto: Politiet<img alt=\"Foto: Politiet\" class=\"_image_jw3bv_65 layout-component layout-left\" data-fullscreen- data-track-element-type=\"Article image fullscreen\" data-track-name=\"ImageFullscreen\" decoding=\"async\" loading=\"lazy\" height=\"872\" itemprop=\"image\"  src=\"https:\/\/www.europesays.com\/no\/wp-content\/uploads\/2026\/08\/c3cc435d-53fe-3d69-aae5-7d840ad41fe9.png\"  style=\"object-position:0% 0%\" width=\"686\"\/>Foto: Politiet<\/p>\n<p class=\"_paragraph_145nj_4 _paragraph_6fko5_10 layout-component text-serif-m layout-normal text-serif-m layout-padded\">I dommen heter det: <\/p>\n<p class=\"_paragraph_145nj_4 _paragraph_6fko5_10 layout-component text-serif-m layout-normal text-serif-m layout-padded\">\u00abDet er en sv\u00e6rt farlig handling \u00e5 skyte ut av vinduet i en gate p\u00e5 Rosenhoff, p\u00e5 et tidspunkt der folk er p\u00e5 vei til jobb og barn er p\u00e5 vei til skolen.\u00bb <\/p>\n<p class=\"_paragraph_145nj_4 _paragraph_6fko5_10 layout-component text-serif-m layout-normal text-serif-m layout-padded\"><strong class=\"_strong_145nj_25\">I saken som n\u00e5 er oppe i Oslo tingrett, har det blitt lagt frem en Snapchat-film fra hendelsen.<\/strong><\/p>\n<p class=\"_paragraph_145nj_4 _paragraph_6fko5_10 layout-component text-serif-m layout-normal text-serif-m layout-padded\">I videoen fremst\u00e5r den irakiske mannen tydelig stresset og ukomfortabel i det han peker pistolen ut av vinduet og trykker p\u00e5 avtrekkeren. <\/p>\n<p><img alt=\"Denne pistolen ble brukt i de tre skyteepisodene. Mannen har forklart at denne \u00aballtid\u00bb var i bilen. Anmeldelsesnummer er sladdet av VG.  Foto: Politiet\" class=\"_image_jw3bv_65 layout-component layout-normal\" data-fullscreen- data-track-element-type=\"Article image fullscreen\" data-track-name=\"ImageFullscreen\" decoding=\"async\" loading=\"lazy\" height=\"616\" itemprop=\"image\"  src=\"https:\/\/www.europesays.com\/no\/wp-content\/uploads\/2026\/08\/199d965a-2884-3171-aacc-7f95aab87c72.png\"  style=\"object-position:0% 0%\" width=\"909\"\/>Denne pistolen ble brukt i de tre skyteepisodene. Mannen har forklart at denne \u00aballtid\u00bb var i bilen. Anmeldelsesnummer er sladdet av VG.  Foto: PolitietSiktet mot ambulanse<\/p>\n<p class=\"_paragraph_145nj_4 _paragraph_6fko5_10 layout-component text-serif-m layout-normal text-serif-m layout-padded\">Dagen f\u00f8r skytingen p\u00e5 Rosenhoff sto han bak en annen skyteepisode. <\/p>\n<p class=\"_paragraph_145nj_4 _paragraph_6fko5_10 layout-component text-serif-m layout-normal text-serif-m layout-padded\">En video fra Granfosstunnelen i Oslo viser at mannen legger seg bak en ambulanse i utrykning. <\/p>\n<p class=\"_paragraph_145nj_4 _paragraph_6fko5_10 layout-component text-serif-m layout-normal text-serif-m layout-padded\">Speedometeret viser over 130 km\/t i 70-sonen. <\/p>\n<p class=\"_paragraph_145nj_4 _paragraph_6fko5_10 layout-component text-serif-m layout-normal text-serif-m layout-padded\">\u00abI et tilfelle peker tiltalte mot ambulansen med v\u00e5penet sitt. Senere holder tiltalte pistolen ut av vinduet og skyter et skudd mot veggen\u00bb, st\u00e5r det i dommen.<\/p>\n<p class=\"_paragraph_145nj_4 _paragraph_6fko5_10 layout-component text-serif-m layout-normal text-serif-m layout-padded\">Tiltalte erkjente \u00e5 ha skutt, men forklarte at han s\u00e5 p\u00e5 det som \u00abtrygt\u00bb. <\/p>\n<p class=\"_paragraph_145nj_4 _paragraph_6fko5_10 layout-component text-serif-m layout-normal text-serif-m layout-padded\">En fotoboks fanget Volvo-leiebilen i 89 km\/t. <\/p>\n<p class=\"_paragraph_145nj_4 _paragraph_6fko5_10 layout-component text-serif-m layout-normal text-serif-m layout-padded\"><strong class=\"_strong_145nj_25\">\u00abBildet tatt av fotoboksen viser tiltalte med pistol i den ene h\u00e5nden og telefon i den andre, samt en sigarett i munnen. Det er tre andre personer i bilen\u00bb, heter det i dommen. <\/strong><\/p>\n<p><img alt=\"Bildet er sladdet av politiet.  Foto: Politiet\" class=\"_image_jw3bv_65 layout-component layout-normal\" data-fullscreen- data-track-element-type=\"Article image fullscreen\" data-track-name=\"ImageFullscreen\" decoding=\"async\" loading=\"lazy\" height=\"189\" itemprop=\"image\"  src=\"https:\/\/www.europesays.com\/no\/wp-content\/uploads\/2026\/08\/e651bb25-0740-312a-90f3-7b772c05e524.png\"  style=\"object-position:0% 0%\" width=\"248\"\/>Bildet er sladdet av politiet.  Foto: Politiet<\/p>\n<p class=\"_paragraph_145nj_4 _paragraph_6fko5_10 layout-component text-serif-m layout-normal text-serif-m layout-padded\">Mannen ble p\u00e5grepet da han l\u00e5 og sov i sengen, med en pistol under hodeputen. <\/p>\n<p>Vold mot ekskj\u00e6resten<\/p>\n<p class=\"_paragraph_145nj_4 _paragraph_6fko5_10 layout-component text-serif-m layout-normal text-serif-m layout-padded\">I 2023 ble mannen d\u00f8mt til \u00e5tte m\u00e5neders fengsel, blant annet for vold mot sin dav\u00e6rende kj\u00e6reste.<\/p>\n<p class=\"_paragraph_145nj_4 _paragraph_6fko5_10 layout-component text-serif-m layout-normal text-serif-m layout-padded\">Volden skjedde samtidig som han sonet hjemme hos henne med fotlenke. <\/p>\n<p class=\"_paragraph_145nj_4 _paragraph_6fko5_10 layout-component text-serif-m layout-normal text-serif-m layout-padded\">En s\u00f8ndagskveld i april 2022 ble politiet ringt av en bekymret nabo som sa at det p\u00e5gikk \u00abh\u00f8ylytt vold\u00bb i etasjen over leiligheten hans.<\/p>\n<p class=\"_paragraph_145nj_4 _paragraph_6fko5_10 layout-component text-serif-m layout-normal text-serif-m layout-padded\"><strong class=\"_strong_145nj_25\">\u00abHan beskrev at det h\u00f8rtes ut som at en kvinne fikk juling\u00bb, st\u00e5r det i dommen.<\/strong><\/p>\n<p><img alt=\"Det er satt av 29 dager til hovedforhandlingene i Oslo tingrett.  Foto: Terje Pedersen \/ NTB\" class=\"_image_jw3bv_65 layout-component layout-normal\" data-fullscreen- data-track-element-type=\"Article image fullscreen\" data-track-name=\"ImageFullscreen\" decoding=\"async\" loading=\"lazy\" height=\"3555\" itemprop=\"image\"  src=\"https:\/\/www.europesays.com\/no\/wp-content\/uploads\/2026\/08\/1787762840_661_d8740364-7dee-3707-b657-47984695a8e3.jpeg\"  style=\"object-position:0% 0%\" width=\"5332\"\/>Det er satt av 29 dager til hovedforhandlingene i Oslo tingrett.  Foto: Terje Pedersen \/ NTB<\/p>\n<p class=\"_paragraph_145nj_4 _paragraph_6fko5_10 layout-component text-serif-m layout-normal text-serif-m layout-padded\">Kvinnen har forklart at mannen tok kvelertak p\u00e5 henne, fors\u00f8kte \u00e5 presse hodet hennes ned i toalettet, skallet henne, slo henne og strammet en ledning rundt halsen hennes. <\/p>\n<p class=\"_paragraph_145nj_4 _paragraph_6fko5_10 layout-component text-serif-m layout-normal text-serif-m layout-padded\">Ved et tilfelle skal han ha pekt et skytev\u00e5pen mot hodet hennes og sagt at han var i \u00abkiller mood\u00bb. <\/p>\n<p class=\"_paragraph_145nj_4 _paragraph_6fko5_10 layout-component text-serif-m layout-normal text-serif-m layout-padded\"><strong class=\"_strong_145nj_25\">Mannen forklarte kvinnens bl\u00e5merker med enten r\u00f8ff seksuell aktivitet eller eksem.<\/strong><\/p>\n<p class=\"_paragraph_145nj_4 _paragraph_6fko5_10 layout-component text-serif-m layout-normal text-serif-m layout-padded\">Da mannen omsider fikk bes\u00f8ksforbud overfor henne, gikk det ikke lang tid f\u00f8r det ble brutt. <\/p>\n<p>   <img decoding=\"async\" alt=\"Tips oss illustrasjon\" src=\"https:\/\/www.europesays.com\/no\/wp-content\/uploads\/2026\/08\/1787762842_115_pssst-small.webp\"\/>    <\/p>\n<p class=\"title-serif-s\">Har du tips?<\/p>\n<p class=\"text-sans-m\">Send oss informasjon, bilder eller video.<\/p>\n<p>  <a href=\"https:\/\/www.vg.no\/tips-oss\" rel=\"nofollow noopener\" target=\"_blank\"> Tips oss <\/a>   Gjemte pistol utenfor karaokested<\/p>\n<p class=\"_paragraph_145nj_4 _paragraph_6fko5_10 layout-component text-serif-m layout-normal text-serif-m layout-padded\">Ogs\u00e5 i rettssaken som omhandlet vold mot kj\u00e6resten, ble han d\u00f8mt for brudd p\u00e5 v\u00e5penloven.<\/p>\n<p class=\"_paragraph_145nj_4 _paragraph_6fko5_10 layout-component text-serif-m layout-normal text-serif-m layout-padded\">I juni 2022 barket flere personer sammen utenfor utestedet Syng ved Akerselva. <\/p>\n<p class=\"_paragraph_145nj_4 _paragraph_6fko5_10 layout-component text-serif-m layout-normal text-serif-m layout-padded\">Da politiets hundepatrulje kom frem til stedet, fant de en veske som hadde blitt fors\u00f8kt gjemt, i kort avstand fra utestedet. <\/p>\n<p class=\"_paragraph_145nj_4 _paragraph_6fko5_10 layout-component text-serif-m layout-normal text-serif-m layout-padded\">I den l\u00e5 det en ladd pistol med DNA-treff p\u00e5 minst tre personer, if\u00f8lge dommen.<\/p>\n<p class=\"_paragraph_145nj_4 _paragraph_6fko5_10 layout-component text-serif-m layout-normal text-serif-m layout-padded\">Blant annet fra den irakiske mannen. <\/p>\n<p><img alt=\"Denne pistolen er et av flere v\u00e5pen som har blitt beslaglagt i forbindelse med de to kidnappingssakene.  Foto: Politiet\" class=\"_image_jw3bv_65 layout-component layout-normal\" data-fullscreen- data-track-element-type=\"Article image fullscreen\" data-track-name=\"ImageFullscreen\" decoding=\"async\" loading=\"lazy\" height=\"1226\" itemprop=\"image\"  src=\"https:\/\/www.europesays.com\/no\/wp-content\/uploads\/2026\/08\/1787762843_73_c3547487-3bb3-3794-ade0-52daa161f31e.png\"  style=\"object-position:0% 0%\" width=\"1200\"\/>Denne pistolen er et av flere v\u00e5pen som har blitt beslaglagt i forbindelse med de to kidnappingssakene.  Foto: PolitietHoldt fanget og drapstruet<\/p>\n<p class=\"_paragraph_145nj_4 _paragraph_6fko5_10 layout-component text-serif-m layout-normal text-serif-m layout-padded\"><a href=\"https:\/\/www.vg.no\/nyheter\/i\/q6Vly1\/kidnappingssaken-jeg-var-redd-for-det-verste\" data-track-element-type=\"Link\" data-track-id=\"link:q6Vly1\" class=\"_link_145nj_39\" rel=\"nofollow noopener\" target=\"_blank\">Onsdag forrige uke vitnet den 37 \u00e5r gamle mannen<\/a> om da han og fem andre skal ha holdt en mann i 30-\u00e5rene fanget i en leilighet p\u00e5 Frogner i Oslo i 2024. <\/p>\n<p class=\"_paragraph_145nj_4 _paragraph_6fko5_10 layout-component text-serif-m layout-normal text-serif-m layout-padded\"><strong class=\"_strong_145nj_25\">Mannen skal ha f\u00e5tt juling, blitt sl\u00e5tt med pistol og f\u00e5tt kastet glovarmt vann p\u00e5 seg. <\/strong><\/p>\n<p class=\"_paragraph_145nj_4 _paragraph_6fko5_10 layout-component text-serif-m layout-normal text-serif-m layout-padded\">37-\u00e5ringen hevder at han ikke s\u00e5 noen slag, men at han var til stede under vannkastingen. <\/p>\n<p class=\"_paragraph_145nj_4 _paragraph_6fko5_10 layout-component text-serif-m layout-normal text-serif-m layout-padded\">Mannen har erkjent delvis straffskyld for frihetsber\u00f8velse og vold, og erkjent straffskyld for trusler. <\/p>\n<p class=\"_paragraph_145nj_4 _paragraph_6fko5_10 layout-component text-serif-m layout-normal text-serif-m layout-padded\">Det er ikke kjent hvordan han stiller seg til tiltalen i den andre kidnappingssaken, som skal opp for retten mandag 31. august.<\/p>\n<p><img alt=\"Politiadvokatene Einar Grape og Mette Kristin Eriksen er aktorer i saken.  Foto: Bendik Hansen \/ VG\" class=\"_image_jw3bv_65 layout-component layout-normal\" data-fullscreen- data-track-element-type=\"Article image fullscreen\" data-track-name=\"ImageFullscreen\" decoding=\"async\" loading=\"lazy\" height=\"5464\" itemprop=\"image\"  src=\"https:\/\/www.europesays.com\/no\/wp-content\/uploads\/2026\/08\/d40f0132-b5d1-3ec5-9be8-8daf680ac30f.jpeg\"  style=\"object-position:0% 0%\" width=\"8192\"\/>Politiadvokatene Einar Grape og Mette Kristin Eriksen er aktorer i saken.  Foto: Bendik Hansen \/ VGKan bli utvist fra Norge<\/p>\n<p class=\"_paragraph_145nj_4 _paragraph_6fko5_10 layout-component text-serif-m layout-normal text-serif-m layout-padded\">Tidligere straffehistorikk f\u00e5r ofte skjerpende innvirkning n\u00e5r noen er d\u00f8mt for lignende lovbrudd.<\/p>\n<p class=\"_paragraph_145nj_4 _paragraph_6fko5_10 layout-component text-serif-m layout-normal text-serif-m layout-padded\">\u2013 Tiltalte soner n\u00e5 en dom for blant annet en rekke overtredelser av v\u00e5penloven, som vil f\u00e5 innvirkning p\u00e5 straffeutm\u00e5lingen i v\u00e5r sak, sier aktor Mette Kristin Eriksen. <\/p>\n<p class=\"_paragraph_145nj_4 _paragraph_6fko5_10 layout-component text-serif-m layout-normal text-serif-m layout-padded\">Politiet mener at mannen er en del av et kriminelt milj\u00f8, men er ikke kjent med om han h\u00f8rer til en gjeng eller et kriminelt nettverk. <\/p>\n<p class=\"_paragraph_145nj_4 _paragraph_6fko5_10 layout-component text-serif-m layout-normal text-serif-m layout-padded\"><strong class=\"_strong_145nj_25\">Politiadvokaten bekrefter at mannen risikerer \u00e5 bli utvist fra Norge. <\/strong><\/p>\n<p class=\"_paragraph_145nj_4 _paragraph_6fko5_10 layout-component text-serif-m layout-normal text-serif-m layout-padded\">\u2013 Tiltalte har en p\u00e5g\u00e5ende utvisningssak som behandles av UDI, sier hun. <\/p>\n<p><img alt=\"Advokatene Ole Magnus Str\u00f8mmen og Bj\u00f8rn Stabursvik Winquist forsvarer den siktede 37-\u00e5ringen.  Foto: Bendik Hansen \/ VG\" class=\"_image_jw3bv_65 layout-component layout-normal\" data-fullscreen- data-track-element-type=\"Article image fullscreen\" data-track-name=\"ImageFullscreen\" decoding=\"async\" loading=\"lazy\" height=\"5464\" itemprop=\"image\"  src=\"https:\/\/www.europesays.com\/no\/wp-content\/uploads\/2026\/08\/127123ce-cbf3-35a7-9791-7a5e24568650.jpeg\"  style=\"object-position:0% 0%\" width=\"8192\"\/>Advokatene Ole Magnus Str\u00f8mmen og Bj\u00f8rn Stabursvik Winquist forsvarer den siktede 37-\u00e5ringen.  Foto: Bendik Hansen \/ VG<\/p>\n<p class=\"_paragraph_145nj_4 _paragraph_6fko5_10 layout-component text-serif-m layout-normal text-serif-m layout-padded\">I 2025 ble 368 personer utvist fra Norge etter \u00e5 ha beg\u00e5tt straffbare handlinger, if\u00f8lge <a href=\"https:\/\/www.udi.no\/statistikk-og-analyse\/statistikk\/utvisningsvedtak-etter-statsborgerskap-og-grunnlag-2025\/\" class=\"_link_145nj_39\" rel=\"nofollow noopener\" target=\"_blank\">UDI<\/a>. <\/p>\n<p class=\"_paragraph_145nj_4 _paragraph_6fko5_10 layout-component text-serif-m layout-normal text-serif-m layout-padded\">VG har tidligere v\u00e6rt i kontakt med advokat Ole Magnus Str\u00f8mmen, som forsvarer den tiltalte mannen. <\/p>\n<p class=\"_paragraph_145nj_4 _paragraph_6fko5_10 layout-component text-serif-m layout-normal text-serif-m layout-padded\"><strong class=\"_strong_145nj_25\">Han er ikke kjent med om det foreligger et utvisningsvedtak mot 37-\u00e5ringen. <\/strong><\/p>\n<p class=\"_paragraph_145nj_4 _paragraph_6fko5_10 layout-component text-serif-m layout-normal text-serif-m layout-padded\">Str\u00f8mmen vil ikke kommentere politiets p\u00e5stand om at mannen er en av tre hovedmenn.<\/p>\n<p>Kriminelle og utvisning<\/p>\n<ul class=\"_list_145nj_3 _list_6fko5_9 _list_1kitn_10 _unordered_145nj_106 layout-component text-serif-m layout-normal text-sans-m layout-padded\">\n<li class=\"_item_145nj_30\">I fjor ble 368 personer utvist fra Norge p\u00e5 grunn av straffbare handlinger, if\u00f8lge UDI.<\/li>\n<li class=\"_item_145nj_30\">Personer som har brutt norsk lov, kan bli utvist fra Norge. <\/li>\n<li class=\"_item_145nj_30\">Den som blir utvist, m\u00e5 reise ut av Norge og vanligvis ut av Schengen- og EU-omr\u00e5det for en bestemt periode eller for alltid. <\/li>\n<li class=\"_item_145nj_30\">De som ikke overholder plikten til selv \u00e5 forlate landet, vil bli tvangsreturnert av politiet. <\/li>\n<li class=\"_item_145nj_30\">Justis- og beredskapsdepartementet har et m\u00e5l om raskere returer, noe de beskriver som et viktig virkemiddel for blant annet \u00e5 forebygge kriminalitet. <\/li>\n<li class=\"_item_145nj_30\">Som hovedregel kan ikke Norge utvise hvis personen blir sendt til et land hvor vedkommende risikerer \u00e5 bli utsatt for forf\u00f8lgelse. <\/li>\n<\/ul>\n<p class=\"_paragraph_145nj_4 _paragraph_6fko5_10 _paragraph_1kitn_11 layout-component text-serif-m layout-normal text-sans-m layout-padded\">Kilder: Regjeringen, UDI<\/p>\n<p>Vis mer    <img decoding=\"async\" alt=\"Tips oss illustrasjon\" src=\"https:\/\/www.europesays.com\/no\/wp-content\/uploads\/2026\/08\/1787762842_115_pssst-small.webp\"\/>    <\/p>\n<p class=\"title-serif-s\">Har du tips?<\/p>\n<p class=\"text-sans-m\">Send oss informasjon, bilder eller video.<\/p>\n<p>  <a href=\"https:\/\/www.vg.no\/tips-oss\" rel=\"nofollow noopener\" target=\"_blank\"> Tips oss <\/a>      <\/p>\n","protected":false},"excerpt":{"rendered":"Tidligere domfelt irakisk 37-\u00e5ring st\u00e5r sentralt i rettssak om to kidnappingssaker, mener politiet. Ofrene skal ha blitt utsatt&hellip;\n","protected":false},"author":2,"featured_media":334900,"comment_status":"","ping_status":"","sticky":false,"template":"","format":"standard","meta":{"footnotes":"","_share_on_mastodon":"0"},"categories":[10],"tags":[20,21,24,25,15,148,22,23,13,30,28,29,14,944,16,468,26,27],"class_list":["post-334899","post","type-post","status-publish","format-standard","has-post-thumbnail","category-norge","tag-breaking-news","tag-breakingnews","tag-featured-news","tag-featurednews","tag-headlines","tag-kriminalitet","tag-latest-news","tag-latestnews","tag-news","tag-no","tag-norge","tag-norway","tag-nyheter","tag-oslo-tingrett","tag-overskrifter","tag-politiet","tag-top-stories","tag-topstories"],"share_on_mastodon":{"url":"https:\/\/pubeurope.com\/@no\/117162833205283576","error":""},"_links":{"self":[{"href":"https:\/\/www.europesays.com\/no\/wp-json\/wp\/v2\/posts\/334899","targetHints":{"allow":["GET"]}}],"collection":[{"href":"https:\/\/www.europesays.com\/no\/wp-json\/wp\/v2\/posts"}],"about":[{"href":"https:\/\/www.europesays.com\/no\/wp-json\/wp\/v2\/types\/post"}],"author":[{"embeddable":true,"href":"https:\/\/www.europesays.com\/no\/wp-json\/wp\/v2\/users\/2"}],"replies":[{"embeddable":true,"href":"https:\/\/www.europesays.com\/no\/wp-json\/wp\/v2\/comments?post=334899"}],"version-history":[{"count":0,"href":"https:\/\/www.europesays.com\/no\/wp-json\/wp\/v2\/posts\/334899\/revisions"}],"wp:featuredmedia":[{"embeddable":true,"href":"https:\/\/www.europesays.com\/no\/wp-json\/wp\/v2\/media\/334900"}],"wp:attachment":[{"href":"https:\/\/www.europesays.com\/no\/wp-json\/wp\/v2\/media?parent=334899"}],"wp:term":[{"taxonomy":"category","embeddable":true,"href":"https:\/\/www.europesays.com\/no\/wp-json\/wp\/v2\/categories?post=334899"},{"taxonomy":"post_tag","embeddable":true,"href":"https:\/\/www.europesays.com\/no\/wp-json\/wp\/v2\/tags?post=334899"}],"curies":[{"name":"wp","href":"https:\/\/api.w.org\/{rel}","templated":true}]}}