{"id":334951,"date":"2026-08-26T17:46:23","date_gmt":"2026-08-26T17:46:23","guid":{"rendered":"https:\/\/www.europesays.com\/no\/334951\/"},"modified":"2026-08-26T17:46:23","modified_gmt":"2026-08-26T17:46:23","slug":"ekstremt-sjelden","status":"publish","type":"post","link":"https:\/\/www.europesays.com\/no\/334951\/","title":{"rendered":"\u2013 Ekstremt sjelden"},"content":{"rendered":"<p class=\"kicker text-red color_mobile_text-red hasTextColor hasTextColorMobile\" style=\"\">S\u00f8r-Frankrike:<\/p>\n<p class=\"subtitle \" style=\"\">\u00abSom \u00e5 v\u00e6re fanget i en vaskemaskin\u00bb, sier en innbygger etter at en kraftig tornado rammet landsbyen Pomas i Frankrike.<\/p>\n<p>\n    Tornadoen avbildet fra Villefloure mens den treffer Pomas mandag ettermiddag. Foto: Cyrille Kaldor \/ AFP \/ NTB\n  <\/p>\n<p>Rundt 300 hus er skadet og 41 personer ble fraktet til sykehus da en tornado raste gjennom landsbyen Pomas i s\u00f8r\u00f8stlige Frankrike mandag.<\/p>\n<p> \u2013 Det er en virkelig kraftig tornado, og den er ekstremt sjelden i Frankrike, sier ekspert p\u00e5 v\u00e6rfenomener, Karine Durand, til <a href=\"https:\/\/rmc.bfmtv.com\/actualites\/sciences-nature\/meteo\/vents-humidite-mediterranee-pourquoi-une-tornade-aussi-puissante-s-est-abattue-sur-une-ville-de-l-aude_AN-202608250048.html\" target=\"_blank\" rel=\"nofollow noopener\">RMC-BFM<\/a>.<\/p>\n<p>        <img loading=\"lazy\" decoding=\"async\" src=\"https:\/\/www.europesays.com\/no\/wp-content\/uploads\/2026\/08\/85059285.webp\" width=\"688\" height=\"393\" alt=\"\" class=\"\" style=\"--aspect-ratio-image: 1.75; \"\/><\/p>\n<p>\n        Innbyggere i Pomas rydder opp etter at en tornado traff den franske landsbyen mandag ettermiddag. Foto: Idriss Bigou-Gilles \/ AFP \/ NTB\n    <\/p>\n<p>Den franske radiokanalen har snakket med en innbygger som fikk tornadoen sv\u00e6rt tett p\u00e5 seg.<\/p>\n<p> \u2013 Jeg ble fanget som i en vaskemaskin. Bilen min ristet i alle retninger, sier innbyggeren, som m\u00e5tte gjemme seg under setet p\u00e5 bilen.<\/p>\n<p>        <img loading=\"lazy\" decoding=\"async\" src=\"https:\/\/www.europesays.com\/no\/wp-content\/uploads\/2026\/08\/85059318.webp\" width=\"667\" height=\"407\" alt=\"\" class=\"\" style=\"--aspect-ratio-image: 1.64; \"\/><\/p>\n<p>\n        En bil etter at en tornado herjet landsbyen Pomas mandag. Foto: Idriss Bigou-Gilles \/ AFP \/ NTB\n    <\/p>\n<p> \u2013 Bilen ser ut som den har blitt bombet. Vinduene og karosseriet er knust, forteller han.<\/p>\n<p><a href=\"https:\/\/meteofrance.com\/actualites\/meteo-nouvelle-forte-degradation-orageuse-sur-louest-mercredi\" target=\"_blank\" rel=\"nofollow noopener\">M\u00e9t\u00e9o-France<\/a> melder at det er mer d\u00e5rlig v\u00e6r i vente i Frankrike fremover. Det er fare for kraftig tordenv\u00e6r, hagl, sterke vindkast og mulig flom vest i landet. Torsdag er det ventet at tordenv\u00e6ret vil bevege seg nord\u00f8stover, f\u00f8r det i l\u00f8pet av ettermiddagen trekker vestover igjen. <\/p>\n<p>        STERKT RAMMET: Flere omr\u00e5der i New York city er rammet av ekstremv\u00e6r, styrtregn og en tornado.<br \/>\nVideo: X<\/p>\n","protected":false},"excerpt":{"rendered":"S\u00f8r-Frankrike: \u00abSom \u00e5 v\u00e6re fanget i en vaskemaskin\u00bb, sier en innbygger etter at en kraftig tornado rammet landsbyen&hellip;\n","protected":false},"author":2,"featured_media":334952,"comment_status":"","ping_status":"","sticky":false,"template":"","format":"standard","meta":{"footnotes":"","_share_on_mastodon":"0"},"categories":[12],"tags":[20,21,24,25,1244,15,736,22,23,13,30,28,29,14,16,26,27,9448,553,42,43,44,45],"class_list":["post-334951","post","type-post","status-publish","format-standard","has-post-thumbnail","category-verden","tag-breaking-news","tag-breakingnews","tag-featured-news","tag-featurednews","tag-frankrike","tag-headlines","tag-helse","tag-latest-news","tag-latestnews","tag-news","tag-no","tag-norge","tag-norway","tag-nyheter","tag-overskrifter","tag-top-stories","tag-topstories","tag-tornado","tag-vaer","tag-verden","tag-world","tag-world-news","tag-worldnews"],"share_on_mastodon":{"url":"https:\/\/pubeurope.com\/@no\/117163065147393738","error":""},"_links":{"self":[{"href":"https:\/\/www.europesays.com\/no\/wp-json\/wp\/v2\/posts\/334951","targetHints":{"allow":["GET"]}}],"collection":[{"href":"https:\/\/www.europesays.com\/no\/wp-json\/wp\/v2\/posts"}],"about":[{"href":"https:\/\/www.europesays.com\/no\/wp-json\/wp\/v2\/types\/post"}],"author":[{"embeddable":true,"href":"https:\/\/www.europesays.com\/no\/wp-json\/wp\/v2\/users\/2"}],"replies":[{"embeddable":true,"href":"https:\/\/www.europesays.com\/no\/wp-json\/wp\/v2\/comments?post=334951"}],"version-history":[{"count":0,"href":"https:\/\/www.europesays.com\/no\/wp-json\/wp\/v2\/posts\/334951\/revisions"}],"wp:featuredmedia":[{"embeddable":true,"href":"https:\/\/www.europesays.com\/no\/wp-json\/wp\/v2\/media\/334952"}],"wp:attachment":[{"href":"https:\/\/www.europesays.com\/no\/wp-json\/wp\/v2\/media?parent=334951"}],"wp:term":[{"taxonomy":"category","embeddable":true,"href":"https:\/\/www.europesays.com\/no\/wp-json\/wp\/v2\/categories?post=334951"},{"taxonomy":"post_tag","embeddable":true,"href":"https:\/\/www.europesays.com\/no\/wp-json\/wp\/v2\/tags?post=334951"}],"curies":[{"name":"wp","href":"https:\/\/api.w.org\/{rel}","templated":true}]}}