{"id":334959,"date":"2026-08-26T17:55:14","date_gmt":"2026-08-26T17:55:14","guid":{"rendered":"https:\/\/www.europesays.com\/no\/334959\/"},"modified":"2026-08-26T17:55:14","modified_gmt":"2026-08-26T17:55:14","slug":"durek-verrett-deler-helseoppdatering-etter-nyretransplantasjon","status":"publish","type":"post","link":"https:\/\/www.europesays.com\/no\/334959\/","title":{"rendered":"Durek Verrett deler helseoppdatering etter nyretransplantasjon"},"content":{"rendered":"<p class=\"kicker \" style=\"\">Durek Verrett:\u00a0<\/p>\n<p class=\"subtitle \" style=\"\">Etter flere \u00e5r med alvorlig nyresykdom og dialyse har Durek Verrett gjennomg\u00e5tt en nyretransplantasjon. N\u00e5 deler han en oppdatering.<\/p>\n<p>\n    NY NYRE: Tidligere i dag ble det kjent at Durek Verrett har f\u00e5tt en ny nyre. N\u00e5 deler han en oppdatering fra sykesengen. Foto: Skjermbilde: @larsberteigandresen \/ durekverrett \/ Instagram\n  <\/p>\n<p>Onsdag ble det kjent at prinsesse M\u00e4rtha Louises (54) ektemann Durek Verrett (51) har gjennomg\u00e5tt en vellykket nyretransplantasjon ved Rikshospitalet i Oslo.\u00a0<\/p>\n<p>    <a itemprop=\"url\" href=\"https:\/\/www.seher.no\/kongelig\/har-gjennomgatt-nyretransplantasjon\/85065149\" rel=\"nofollow noopener\" target=\"_blank\"><\/p>\n<p>        <img loading=\"lazy\" decoding=\"async\" src=\"https:\/\/www.europesays.com\/no\/wp-content\/uploads\/2026\/08\/85065230.webp\" width=\"180\" height=\"81\" alt=\"\" class=\"lazyload\" style=\"--aspect-ratio-image: 2.22; \"\/><\/p>\n<p>        Har gjennomg\u00e5tt nyretransplantasjon<\/p>\n<p>    <\/a><\/p>\n<p>Det opplyste manager Carina Scheele Carlsen i en pressemelding onsdag. Det var <a href=\"https:\/\/www.vg.no\/rampelys\/i\/zOQvMb\/sjaman-durek-har-gjennomgaatt-en-nyretransplantasjon\" rel=\"nofollow noopener\" target=\"_blank\">VG<\/a>\u00a0som f\u00f8rst omtalte pressemeldingen.\u00a0<\/p>\n<p class=\"font-weight-bold m-font-weight-bold\" data-lab-font_weight=\"font-weight-bold\">&#8211; F\u00f8rst og fremst kjenner vi p\u00e5 en enorm takknemlighet overfor at noen er villig til \u00e5 v\u00e6re donor. Det er vanskelig \u00e5 sette ord p\u00e5 hva en slik gave betyr. Den nye nyren har gitt Durek en ny sjanse, og det kommer vi aldri til \u00e5 ta for gitt, sa prinsesse M\u00e4rtha Louise i pressemeldingen.<\/p>\n<p>        NYOPERERT: Durek Verrett har f\u00e5tt ny nyre! Video: Nora Skavhaug\/R\u00f8d L\u00f8per.<\/p>\n<p>Durek har i flere \u00e5r v\u00e6rt \u00e5pen om sykdommen og behovet for dialyse flere ganger i uka. Se og H\u00f8r har tidligere skrevet om den krevende hverdagen og ventetiden p\u00e5 en ny nyre.<\/p>\n<p class=\"font-weight-bold m-font-weight-bold\" data-lab-font_weight=\"font-weight-bold\">Onsdag kveld deler Durek selv en oppdatering fra sykesenga.<\/p>\n<p>Instagram-innlegget deler han sammen Lars Berteig Andersen (38), kjent som Benny i \u00abOlsenbanden Jr.\u00bb. I innlegget skriver Lars om de t\u00f8ffe \u00e5rene Durek har v\u00e6rt gjennom.\u00a0<\/p>\n<p>Han beskriver hvordan han har sett vennen kjempe seg gjennom dialyse flere ganger i uken, og om netter der Durek har st\u00e5tt opp midt p\u00e5 natten for \u00e5 dra til dialyse i flere timer.\u00a0<\/p>\n<p>        <img loading=\"lazy\" decoding=\"async\" src=\"https:\/\/www.europesays.com\/no\/wp-content\/uploads\/2026\/08\/85066885.webp\" width=\"667\" height=\"527\" alt=\"\" class=\"\" style=\"--aspect-ratio-image: 1.27; \"\/><\/p>\n<p>\n        THE JACKEETERS: Lars Berteig Andersen, Durek Verrett og Bj\u00f8rn Alexander Jeffrey Olsen er trioen i moro-bandet The Jackeeters. Foto: Andreas Fadum \/ Se og H\u00f8r\n    <\/p>\n<p>Etterp\u00e5 skal han ha kommet tilbake utslitt og knapt v\u00e6rt i stand til \u00e5 g\u00e5. Likevel har Durek, if\u00f8lge Lars, gang p\u00e5 gang tatt p\u00e5 seg et smil og m\u00f8tt verden med positivitet.<\/p>\n<p>        <img loading=\"lazy\" decoding=\"async\" src=\"https:\/\/www.europesays.com\/no\/wp-content\/uploads\/2026\/08\/85066893.webp\" width=\"667\" height=\"874\" alt=\"\" class=\"\" style=\"--aspect-ratio-image: 0.76; \"\/><\/p>\n<p>\n        NYRESYK: I desember 2021 kunne Se og H\u00f8r avsl\u00f8re at Durek var alvorlig syk &#8211; og at han trengte en ny nyre for \u00e5 kunne leve normalt. Faksimile: Se og H\u00f8r\n    <\/p>\n<p class=\"font-weight-bold m-font-weight-bold\" data-lab-font_weight=\"font-weight-bold\">\u00abJeg har mange ganger sittet i parkeringshuset p\u00e5 sykehuset i Beverly Hills etter \u00e5 ha kj\u00f8rt deg til behandling midt p\u00e5 natten, helt utslitt bare av tanken p\u00e5 alt du m\u00e5tte gjennom dag etter dag\u00bb, skriver Lars, og legger til:<\/p>\n<p>\u00ab\u00c5 vite hvor mye dette har p\u00e5virket alle deler av livet ditt, og samtidig f\u00e5 v\u00e6re der sammen med deg og se hvor hardt du har kjempet for \u00e5 beholde optimismen og hjelpe alle rundt deg, har v\u00e6rt helt vilt\u00bb.\u00a0<\/p>\n<p>        Kronprins Haakon st\u00e5r alene p\u00e5 slottsbalkongen for \u00e5 overv\u00e6re Gardens oppvisning \/\/ Foto: Shad Madian\/ Se og H\u00f8r, NTB \/\/ Stemme: AI \/\/ Klipp: Nico Aagaard<\/p>\n<p>Avslutningsvis skriver Lars at det er mange ting de har hatt lyst til \u00e5 gj\u00f8re og mange steder de har hatt lyst til \u00e5 rese til som de ikke har kunnet gj\u00f8re.\u00a0<\/p>\n<p>\u00abEt nytt kapittel, bror. Dette er helt fantastisk! N\u00e5 m\u00e5 du bare komme deg ordentlig, s\u00e5 kan vi reise til et nytt og spennende land uten \u00e5 m\u00e5tte sjekke hvor n\u00e6rmeste sykehus med dialyse er &#8211; og bruke flere uker p\u00e5 \u00e5 planlegge alle detaljene rundt de\u00bbt, avslutter han.\u00a0<\/p>\n<p>    <a itemprop=\"url\" href=\"https:\/\/www.seher.no\/kongelig\/under-hardt-press\/85064499\" rel=\"nofollow noopener\" target=\"_blank\"><\/p>\n<p>        <img loading=\"lazy\" decoding=\"async\" src=\"https:\/\/www.europesays.com\/no\/wp-content\/uploads\/2026\/08\/85064967.webp\" width=\"147\" height=\"98\" alt=\"\" class=\"lazyload\" style=\"--aspect-ratio-image: 1.50; \"\/><\/p>\n<p>        &#8211; Under hardt press<\/p>\n<p>    <\/a><\/p>\n<p class=\"font-weight-bold m-font-weight-bold\" data-lab-font_weight=\"font-weight-bold\">I pressemeldingen onsdag uttrykte Durek og prinsesse M\u00e4rtha Louise stor takknemlighet overfor personen som donerte nyren.<\/p>\n<p>I tiden fremover skal Durek fokusere p\u00e5 \u00e5 komme seg etter operasjonen. Familien har samtidig bedt om ro og privatliv mens han er i rekonvalesens.<\/p>\n","protected":false},"excerpt":{"rendered":"Durek Verrett:\u00a0 Etter flere \u00e5r med alvorlig nyresykdom og dialyse har Durek Verrett gjennomg\u00e5tt en nyretransplantasjon. N\u00e5 deler&hellip;\n","protected":false},"author":2,"featured_media":334960,"comment_status":"","ping_status":"","sticky":false,"template":"","format":"standard","meta":{"footnotes":"","_share_on_mastodon":"0"},"categories":[5],"tags":[20,21,2858,24,25,15,19,479,2543,22,23,17,18,13,30,28,29,14,16,26,27],"class_list":["post-334959","post","type-post","status-publish","format-standard","has-post-thumbnail","category-overskrifter","tag-breaking-news","tag-breakingnews","tag-durek-verrett","tag-featured-news","tag-featurednews","tag-headlines","tag-hovedoppslag","tag-kjendis","tag-kjendisdesken","tag-latest-news","tag-latestnews","tag-main-news","tag-mainnews","tag-news","tag-no","tag-norge","tag-norway","tag-nyheter","tag-overskrifter","tag-top-stories","tag-topstories"],"share_on_mastodon":{"url":"https:\/\/pubeurope.com\/@no\/117163100424545319","error":""},"_links":{"self":[{"href":"https:\/\/www.europesays.com\/no\/wp-json\/wp\/v2\/posts\/334959","targetHints":{"allow":["GET"]}}],"collection":[{"href":"https:\/\/www.europesays.com\/no\/wp-json\/wp\/v2\/posts"}],"about":[{"href":"https:\/\/www.europesays.com\/no\/wp-json\/wp\/v2\/types\/post"}],"author":[{"embeddable":true,"href":"https:\/\/www.europesays.com\/no\/wp-json\/wp\/v2\/users\/2"}],"replies":[{"embeddable":true,"href":"https:\/\/www.europesays.com\/no\/wp-json\/wp\/v2\/comments?post=334959"}],"version-history":[{"count":0,"href":"https:\/\/www.europesays.com\/no\/wp-json\/wp\/v2\/posts\/334959\/revisions"}],"wp:featuredmedia":[{"embeddable":true,"href":"https:\/\/www.europesays.com\/no\/wp-json\/wp\/v2\/media\/334960"}],"wp:attachment":[{"href":"https:\/\/www.europesays.com\/no\/wp-json\/wp\/v2\/media?parent=334959"}],"wp:term":[{"taxonomy":"category","embeddable":true,"href":"https:\/\/www.europesays.com\/no\/wp-json\/wp\/v2\/categories?post=334959"},{"taxonomy":"post_tag","embeddable":true,"href":"https:\/\/www.europesays.com\/no\/wp-json\/wp\/v2\/tags?post=334959"}],"curies":[{"name":"wp","href":"https:\/\/api.w.org\/{rel}","templated":true}]}}