{"id":33497,"date":"2025-09-12T11:54:10","date_gmt":"2025-09-12T11:54:10","guid":{"rendered":"https:\/\/www.europesays.com\/no\/33497\/"},"modified":"2025-09-12T11:54:10","modified_gmt":"2025-09-12T11:54:10","slug":"kystverket-har-konfiskert-russisk-fartoy","status":"publish","type":"post","link":"https:\/\/www.europesays.com\/no\/33497\/","title":{"rendered":"Kystverket har konfiskert russisk fart\u00f8y"},"content":{"rendered":"\n<p class=\"_lead_ew2ao_2 _lead_xtcu6_50 layout-component text-serif-m layout-normal text-serif-l layout-component layout-wide layout-padded _wide_17hqh_1 layout-padded\">Det russiske fiskefart\u00f8yet \u00abAzurit\u00bb som har ligget til kai i B\u00e5tsfjord i nesten halvannet \u00e5r, utgj\u00f8r en sikkerhetsrisiko. N\u00e5 har Kystverket tatt over eierskapet. <\/p>\n<p><img alt=\"VERKEBYLL: Her ligger \u00abAzurit\u00bb til kai i B\u00e5tsfjord. Bildet er tatt 11. desember 2024.  Foto: Annemor Larsen \/ VG\" class=\"_image_qp4xg_65 layout-component layout-wide\" data-fullscreen- data-track-element-type=\"Article image fullscreen\" data-track-name=\"ImageFullscreen\" fetchpriority=\"high\" decoding=\"sync\" loading=\"eager\" height=\"4622\" itemprop=\"image\"  src=\"https:\/\/www.europesays.com\/no\/wp-content\/uploads\/2025\/09\/352a2b81-9417-4f48-a26c-edf6d3308365\"  style=\"object-position:0% 0%\" width=\"6930\"\/>VERKEBYLL: Her ligger \u00abAzurit\u00bb til kai i B\u00e5tsfjord. Bildet er tatt 11. desember 2024.  Foto: Annemor Larsen \/ VG<\/p>\n<ul aria-hidden=\"true\" class=\"_images_1y6fe_106\">\n<li><a class=\"_link_1y6fe_111\" href=\"https:\/\/www.vg.no\/forfatter\/anja-ariel-toernes-brekke\" style=\"z-index:2\" title=\"Anja A. T. Brekke\" rel=\"nofollow noopener\" target=\"_blank\"><img alt=\"Bilde av Anja A. T. Brekke\" class=\"_image_1y6fe_88\" fetchpriority=\"low\" loading=\"lazy\" decoding=\"async\" itemprop=\"image\"  src=\"https:\/\/www.europesays.com\/no\/wp-content\/uploads\/2025\/09\/064db0a6-f784-4fee-a84a-81e3f5807bb6\"  width=\"480\"\/><\/a><\/li>\n<li><a class=\"_link_1y6fe_111\" href=\"https:\/\/www.vg.no\/forfatter\/anne-sofie-roennfeldt\" style=\"z-index:1\" title=\"Anne Sofie R\u00f8nnfeldt\" rel=\"nofollow noopener\" target=\"_blank\"><img alt=\"Bilde av Anne Sofie R\u00f8nnfeldt\" class=\"_image_1y6fe_88\" fetchpriority=\"low\" loading=\"lazy\" decoding=\"async\" itemprop=\"image\"  src=\"https:\/\/www.europesays.com\/no\/wp-content\/uploads\/2025\/09\/1757678048_123_4634311d-064a-4086-be75-18a6e8a88835\"  width=\"480\"\/><\/a><\/li>\n<\/ul>\n<p> Oppdatert fredag 12. september kl. 13:51     <\/p>\n<p class=\"_paragraph_ew2ao_4 _paragraph_xtcu6_10 layout-component text-serif-m layout-normal text-serif-m layout-padded\">\u2013 Dette fart\u00f8yet skal fjernes fra B\u00e5tsfjord havn. Etter \u00e5 ha vurdert og fors\u00f8kt ulike l\u00f8sninger, var det n\u00e5 helt n\u00f8dvendig \u00e5 fatte vedtak om statlig overtagelse av fart\u00f8yet. Kystverket kan dermed iverksette alle n\u00f8dvendige tiltak for \u00e5 fjerne det, sier fiskeri- og havminister Marianne Sivertsen N\u00e6ss (Ap) i en pressemelding. <\/p>\n<p><img decoding=\"async\" alt=\"Bilde av Marianne Sivertsen N\u00e6ss\" class=\"_image_ygndg_42\" height=\"26\" itemprop=\"image\" loading=\"lazy\"  src=\"https:\/\/www.europesays.com\/no\/wp-content\/uploads\/2025\/09\/3533e6c2-bf1c-4595-9cb4-7214c2931d4f\"  width=\"40\"\/><strong class=\"_name_ygndg_51 title-serif-xs\">Marianne Sivertsen N\u00e6ss<\/strong><\/p>\n<p class=\"_paragraph_ew2ao_4 _paragraph_xtcu6_10 layout-component text-serif-m layout-normal text-serif-m layout-padded\">Russiske fiskefart\u00f8y f\u00e5r kun ligge i norske havner i fem dager. Russiske \u00abAzurit\u00bb har ligget til kai i B\u00e5tsfjord siden mai 2024. <\/p>\n<p class=\"_paragraph_ew2ao_4 _paragraph_xtcu6_10 layout-component text-serif-m layout-normal text-serif-m layout-padded\">Vedtaket om \u00e5 konfiskere fart\u00f8yet med umiddelbar virkning, ble fattet fredag i statsr\u00e5dstatsr\u00e5dDet formelle m\u00f8tet hvor regjeringen under ledelse av kongen er samlet p\u00e5 Slottet, normalt hver fredag klokken 11.. <\/p>\n<p class=\"_paragraph_ew2ao_4 _paragraph_xtcu6_10 layout-component text-serif-m layout-normal text-serif-m layout-padded\">Det inneb\u00e6rer at staten f\u00e5r full r\u00e5derett over fart\u00f8yet.<\/p>\n<p class=\"_paragraph_ew2ao_4 _paragraph_xtcu6_10 layout-component text-serif-m layout-normal text-serif-m layout-padded\"><strong class=\"_strong_ew2ao_25\">Fart\u00f8yets langvarige tilstedev\u00e6relse i B\u00e5tsfjord havn ble ansett \u00e5 utgj\u00f8re en risiko for at nasjonale sikkerhetsinteresser blir truet, st\u00e5r det i pressemeldingen. <\/strong><\/p>\n<p>Kritiserer regjeringen<\/p>\n<p class=\"_paragraph_ew2ao_4 _paragraph_xtcu6_10 layout-component text-serif-m layout-normal text-serif-m layout-padded\">\u2013 Det er bra at det skjer noe for saken har ligget fast i altfor lang tid, sier ordf\u00f8rer \u00d8yvind Hauken i B\u00e5tsfjord til VG. <\/p>\n<p class=\"_paragraph_ew2ao_4 _paragraph_xtcu6_10 layout-component text-serif-m layout-normal text-serif-m layout-padded\">Han kritiserer regjeringen for ikke \u00e5 ha grepet inn tidligere. <\/p>\n<p class=\"_paragraph_ew2ao_4 _paragraph_xtcu6_10 layout-component text-serif-m layout-normal text-serif-m layout-padded\">\u2013 N\u00e5r staten er veldig opptatt av \u00e5 stramme inn for russiske skip som de mener kan drive med spionasje, er det veldig rart at de lar en b\u00e5t ligge til kai p\u00e5 ubestemt tid, sier han. <\/p>\n<p class=\"_paragraph_ew2ao_4 _paragraph_xtcu6_10 layout-component text-serif-m layout-normal text-serif-m layout-padded\">Hauken understreker at han ikke har informasjon som tilsier at mannskapet p\u00e5 \u00abAzurit\u00bb har drevet med spionasje. <\/p>\n<p>Aktiver kart<\/p>\n<p class=\"_paragraph_ew2ao_4 _paragraph_xtcu6_10 layout-component text-serif-m layout-normal text-serif-m layout-padded\">Da Russland invaderte Ukraina i februar 2022, stengte Norge og EU d\u00f8ren \u2013 og de fleste kaier \u2013 for Russland.<\/p>\n<p class=\"_paragraph_ew2ao_4 _paragraph_xtcu6_10 layout-component text-serif-m layout-normal text-serif-m layout-padded\">B\u00e5tsfjord er en av tre norske havner, i tillegg til Troms\u00f8 og Kirkenes, der russiske fiskefart\u00f8y fremdeles kan legge til kai, for eksempel for \u00e5 losse fisk eller gj\u00f8re n\u00f8dreparasjoner.<\/p>\n<p class=\"_paragraph_ew2ao_4 _paragraph_xtcu6_10 layout-component text-serif-m layout-normal text-serif-m layout-padded\">B\u00e5tsfjord er den nordligste havnen av de tre. <\/p>\n<p class=\"_paragraph_ew2ao_4 _paragraph_xtcu6_10 layout-component text-serif-m layout-normal text-serif-m layout-padded\">Videre ut er Barentshavet hvor b\u00e5de Nato og Russland overv\u00e5ker ub\u00e5ttrafikk. <\/p>\n<p> Fors\u00f8kt fjernet<\/p>\n<p class=\"_paragraph_ew2ao_4 _paragraph_xtcu6_10 layout-component text-serif-m layout-normal text-serif-m layout-padded\">I desember i fjor fikk \u00abAzurit\u00bb en frist om \u00e5 forlate Norge innen 13. desember 2024. Vedtaket ble gjort i Kongen i statsr\u00e5d, noe som er sv\u00e6rt uvanlig.<\/p>\n<p class=\"_paragraph_ew2ao_4 _paragraph_xtcu6_10 layout-component text-serif-m layout-normal text-serif-m layout-padded\">Vedtaket i fjor ble ogs\u00e5 fattet fordi man ans\u00e5 fart\u00f8yets langvarige tilstedev\u00e6relse som en mulig sikkerhetsrisiko. <\/p>\n<p class=\"_paragraph_ew2ao_4 _paragraph_xtcu6_10 layout-component text-serif-m layout-normal text-serif-m layout-padded\">\u00abAzurit\u00bb ble imidlertid liggende til kai.<\/p>\n<p class=\"_paragraph_ew2ao_4 _paragraph_xtcu6_10 layout-component text-serif-m layout-normal text-serif-m layout-padded\">Noe av problemet har v\u00e6rt at fart\u00f8yets eiere, det russiske rederiet Oceanprom ILC, skylder penger til havnen og andre virksomheter. <\/p>\n<p><img alt=\"Morten Albertsen er havnesjef i B\u00e5tsfjord.   Foto: Annemor Larsen \/ VG\" class=\"_image_qp4xg_65 layout-component layout-normal\" data-fullscreen- data-track-element-type=\"Article image fullscreen\" data-track-name=\"ImageFullscreen\" decoding=\"async\" loading=\"lazy\" height=\"4331\" itemprop=\"image\"  src=\"https:\/\/www.europesays.com\/no\/wp-content\/uploads\/2025\/09\/213f4bc4-87a5-4727-a0e0-33abca9aae30\"  style=\"object-position:0% 0%\" width=\"6494\"\/>Morten Albertsen er havnesjef i B\u00e5tsfjord.   Foto: Annemor Larsen \/ VG<\/p>\n<p class=\"_paragraph_ew2ao_4 _paragraph_xtcu6_10 layout-component text-serif-m layout-normal text-serif-m layout-padded\">Havnesjef Morten Albertsen har tidligere sagt til VG at han \u00abikke mister nattes\u00f8vnen av \u00e5 ha russiske fiskeb\u00e5ter i havnen\u00bb. <\/p>\n<p class=\"_paragraph_ew2ao_4 _paragraph_xtcu6_10 layout-component text-serif-m layout-normal text-serif-m layout-padded\">Til NRK tidligere i \u00e5r sa skipper Andrej Kalistratov at han var usikker p\u00e5 om skipet var sj\u00f8dyktig etter \u00e5 ha ligget til kai s\u00e5 lenge.<\/p>\n<p class=\"_paragraph_ew2ao_4 _paragraph_xtcu6_10 layout-component text-serif-m layout-normal text-serif-m layout-padded\">Fiskeri- og havminister Marianne Sivertsen N\u00e6ss uttalte til VG tidligere i \u00e5r at regjeringen har vurdert ulike l\u00f8sninger for \u00e5 f\u00e5 gjennomf\u00f8rt et slep for de ansvarliges regning og risiko.<\/p>\n<p class=\"_paragraph_ew2ao_4 _paragraph_xtcu6_10 layout-component text-serif-m layout-normal text-serif-m layout-padded\"><strong class=\"_strong_ew2ao_25\">Les ogs\u00e5: <a href=\"https:\/\/www.vg.no\/nyheter\/i\/nyOl0Q\/det-russiske-fiskefartoeyet-azurit\" data-track-element-type=\"Link\" data-track-id=\"link:nyOl0Q\" class=\"_link_ew2ao_39\" rel=\"nofollow noopener\" target=\"_blank\">Utvist russisk fart\u00f8y: \u2013\u2060\u00a0Politiet holder oppsyn<\/a><\/strong><\/p>\n<p>    <img decoding=\"async\" alt=\"Tips oss illustrasjon\" width=\"62px\" height=\"auto\" src=\"https:\/\/www.europesays.com\/no\/wp-content\/uploads\/2025\/08\/1754784428_95_W9avJzE.png\"\/>    <\/p>\n<p class=\"title-serif-s\">Har du tips til oss?<\/p>\n<p class=\"text-sans-m\">Send oss informasjon, bilder eller video<\/p>\n<p>  <a href=\"https:\/\/www.vg.no\/tips-oss\" rel=\"nofollow noopener\" target=\"_blank\"> Tips oss <\/a>      <\/p>\n","protected":false},"excerpt":{"rendered":"Det russiske fiskefart\u00f8yet \u00abAzurit\u00bb som har ligget til kai i B\u00e5tsfjord i nesten halvannet \u00e5r, utgj\u00f8r en sikkerhetsrisiko.&hellip;\n","protected":false},"author":2,"featured_media":33498,"comment_status":"","ping_status":"","sticky":false,"template":"","format":"standard","meta":{"footnotes":""},"categories":[10],"tags":[20,21,24,25,15,22,23,13,30,28,281,29,14,16,4800,26,27,205],"class_list":{"0":"post-33497","1":"post","2":"type-post","3":"status-publish","4":"format-standard","5":"has-post-thumbnail","7":"category-norge","8":"tag-breaking-news","9":"tag-breakingnews","10":"tag-featured-news","11":"tag-featurednews","12":"tag-headlines","13":"tag-latest-news","14":"tag-latestnews","15":"tag-news","16":"tag-no","17":"tag-norge","18":"tag-norsk-politikk","19":"tag-norway","20":"tag-nyheter","21":"tag-overskrifter","22":"tag-sikkerhetspolitikk","23":"tag-top-stories","24":"tag-topstories","25":"tag-vgsamfunn"},"share_on_mastodon":{"url":"","error":""},"_links":{"self":[{"href":"https:\/\/www.europesays.com\/no\/wp-json\/wp\/v2\/posts\/33497","targetHints":{"allow":["GET"]}}],"collection":[{"href":"https:\/\/www.europesays.com\/no\/wp-json\/wp\/v2\/posts"}],"about":[{"href":"https:\/\/www.europesays.com\/no\/wp-json\/wp\/v2\/types\/post"}],"author":[{"embeddable":true,"href":"https:\/\/www.europesays.com\/no\/wp-json\/wp\/v2\/users\/2"}],"replies":[{"embeddable":true,"href":"https:\/\/www.europesays.com\/no\/wp-json\/wp\/v2\/comments?post=33497"}],"version-history":[{"count":0,"href":"https:\/\/www.europesays.com\/no\/wp-json\/wp\/v2\/posts\/33497\/revisions"}],"wp:featuredmedia":[{"embeddable":true,"href":"https:\/\/www.europesays.com\/no\/wp-json\/wp\/v2\/media\/33498"}],"wp:attachment":[{"href":"https:\/\/www.europesays.com\/no\/wp-json\/wp\/v2\/media?parent=33497"}],"wp:term":[{"taxonomy":"category","embeddable":true,"href":"https:\/\/www.europesays.com\/no\/wp-json\/wp\/v2\/categories?post=33497"},{"taxonomy":"post_tag","embeddable":true,"href":"https:\/\/www.europesays.com\/no\/wp-json\/wp\/v2\/tags?post=33497"}],"curies":[{"name":"wp","href":"https:\/\/api.w.org\/{rel}","templated":true}]}}