{"id":335015,"date":"2026-08-26T19:01:00","date_gmt":"2026-08-26T19:01:00","guid":{"rendered":"https:\/\/www.europesays.com\/no\/335015\/"},"modified":"2026-08-26T19:01:00","modified_gmt":"2026-08-26T19:01:00","slug":"norsk-kvinne-i-20-ara-dode-i-thailand","status":"publish","type":"post","link":"https:\/\/www.europesays.com\/no\/335015\/","title":{"rendered":"Norsk kvinne i 20-\u00e5ra d\u00f8de i Thailand"},"content":{"rendered":"<p class=\"kicker \" style=\"\">Busy Philipps:<\/p>\n<p class=\"subtitle \" style=\"\">Skuespilleren hadde ingen symptomer, og sier at svulsten ble unders\u00f8kt ved en ren tilfeldighet.<\/p>\n<p>\n    VISSTE INGENTING: Busy Philipps la ikke merke til hjernesvulsten. Foto: AFP\/NTB\n  <\/p>\n<p>Skuespilleren Busy Philipps (47) har f\u00e5tt fjernet en sjelden hjernesvulst. Det forteller hun i et intervju med <a href=\"https:\/\/people.com\/busy-philipps-reveals-she-had-surgery-to-remove-a-brain-tumor-exclusive-12065703\" rel=\"nofollow noopener\" target=\"_blank\">People<\/a>.\u00a0<\/p>\n<p>Philipps, blant annet kjent fra serien \u00abDawson&#8217;s Creek\u00bb, ble diagnostisert i februar etter at hun tok en MR-unders\u00f8kelse hvor det var hevdet at den kunne sjekke opptil 500 sykdommer.\u00a0<\/p>\n<p>    <a itemprop=\"url\" href=\"https:\/\/www.dagbladet.no\/kjendis\/hjertet-mitt-er-knust\/85066523\" rel=\"nofollow noopener\" target=\"_blank\"><\/p>\n<p>        <img loading=\"lazy\" decoding=\"async\" src=\"https:\/\/www.europesays.com\/no\/wp-content\/uploads\/2026\/08\/85066530.webp\" width=\"180\" height=\"81\" alt=\"\" class=\"lazyload\" style=\"--aspect-ratio-image: 2.22; \"\/><\/p>\n<p>        &#8211; Hjertet mitt er knust<\/p>\n<p>    <\/a><\/p>\n<p>Hun sier at hun ikke hadde noe mistanke om at hun kunne v\u00e6re syk, men ble nysgjerrig p\u00e5 unders\u00f8kelsen etter \u00e5 ha lest om det p\u00e5 Instagram.\u00a0<\/p>\n<p>&#8211; Jeg vet ikke hvorfor jeg ville ta denne unders\u00f8kelsen, jeg bare ville det, forteller hun til People.\u00a0<\/p>\n<p>        <img loading=\"lazy\" decoding=\"async\" src=\"https:\/\/www.europesays.com\/no\/wp-content\/uploads\/2026\/08\/85066924.webp\" width=\"667\" height=\"761\" alt=\"\" class=\"\" style=\"--aspect-ratio-image: 0.88; \"\/><\/p>\n<p>\n        TV-STJERNE: Busy Philipps var ogs\u00e5 \u00e5 se i serien \u00abFreaks and Geeks\u00bb. Fra venstre: James Franco, Jason Segel, Seth Rogen, Busy Philipps og Linda Cardellini. Foto: REX\/NTB\n    <\/p>\n<p>Philipps hadde ingen symptomer p\u00e5 svulsten, en s\u00e5kalt oligodendrogliom. Dette er en sjeldenvoksende svulsttype som rammer mellom 1100 og 1300 personer \u00e5rlig i USA, if\u00f8lge People.<\/p>\n<p>&#8211; \u00abDette er en ekte svulst, og den er inne i hjernen din. Og Busy, den m\u00e5 ut\u00bb, siteres legen p\u00e5 \u00e5 ha sagt til henne.<\/p>\n<p>        NYOPERERT: Durek Verrett har f\u00e5tt ny nyre! Video: Nora Skavhaug\/R\u00f8d L\u00f8per.<\/p>\n<p>Philipps var gjennom en fem timer lang operasjon i begynnelsen av mars for \u00e5 fjerne den 2,6 centimeter store svulsten.\u00a0<\/p>\n<p>Vevspr\u00f8ver viste at svulsten var ondartet, men legen opplyste at den har \u00abden beste prognosen av alle ondartede gliomer\u00bb, skriver People.<\/p>\n<p>    <a itemprop=\"url\" href=\"https:\/\/www.dagbladet.no\/kjendis\/tim-curry-er-dod\/85065926\" rel=\"nofollow noopener\" target=\"_blank\"><\/p>\n<p>        <img loading=\"lazy\" decoding=\"async\" src=\"https:\/\/www.europesays.com\/no\/wp-content\/uploads\/2026\/08\/85065945.webp\" width=\"180\" height=\"81\" alt=\"\" class=\"lazyload\" style=\"--aspect-ratio-image: 2.22; \"\/><\/p>\n<p>        Tim Curry er d\u00f8d<\/p>\n<p>    <\/a><\/p>\n<p>I april fikk hun en infeksjon i operasjonss\u00e5ret og m\u00e5tte opereres p\u00e5 nytt.<\/p>\n<p>&#8211; Jeg er takknemlig for at jeg er i live, sier Philipps.\u00a0<\/p>\n<p>Hun har i ettertid reflektert over at noen av de \u00abekstreme f\u00f8lelsesmessige reaksjonene\u00bb hun har opplevd de siste \u00e5ra, kan ha v\u00e6rt for\u00e5rsaket av svulsten, og ikke overgangsalder som hun hadde trodd.<\/p>\n<p>        <img loading=\"lazy\" decoding=\"async\" src=\"https:\/\/www.europesays.com\/no\/wp-content\/uploads\/2026\/08\/85066932.webp\" width=\"686\" height=\"460\" alt=\"\" class=\"\" style=\"--aspect-ratio-image: 1.49; \"\/><\/p>\n<p>\n        D\u00d8DE: James Van Der Beek ble bare 48 \u00e5r gammel. Foto: Shutterstock\/NTB\n    <\/p>\n<p>Dagen f\u00f8r MR-unders\u00f8kelsen d\u00f8de venn og kollega James Van Der Beek av tykktarmskreft. Overfor People forteller Philipps at d\u00f8dsfallet gjorde henne enda mer opptatt av \u00e5 unders\u00f8ke seg.<\/p>\n<p>Van Der Beek d\u00f8de 11. februar i \u00e5r, 48 \u00e5r gammel.\u00a0<\/p>\n","protected":false},"excerpt":{"rendered":"Busy Philipps: Skuespilleren hadde ingen symptomer, og sier at svulsten ble unders\u00f8kt ved en ren tilfeldighet. VISSTE INGENTING:&hellip;\n","protected":false},"author":2,"featured_media":335016,"comment_status":"","ping_status":"","sticky":false,"template":"","format":"standard","meta":{"footnotes":"","_share_on_mastodon":"0"},"categories":[5],"tags":[20,21,24,25,15,19,22,23,17,18,13,30,28,29,14,16,26,27,412],"class_list":["post-335015","post","type-post","status-publish","format-standard","has-post-thumbnail","category-overskrifter","tag-breaking-news","tag-breakingnews","tag-featured-news","tag-featurednews","tag-headlines","tag-hovedoppslag","tag-latest-news","tag-latestnews","tag-main-news","tag-mainnews","tag-news","tag-no","tag-norge","tag-norway","tag-nyheter","tag-overskrifter","tag-top-stories","tag-topstories","tag-utenriks"],"share_on_mastodon":{"url":"https:\/\/pubeurope.com\/@no\/117163359909943779","error":""},"_links":{"self":[{"href":"https:\/\/www.europesays.com\/no\/wp-json\/wp\/v2\/posts\/335015","targetHints":{"allow":["GET"]}}],"collection":[{"href":"https:\/\/www.europesays.com\/no\/wp-json\/wp\/v2\/posts"}],"about":[{"href":"https:\/\/www.europesays.com\/no\/wp-json\/wp\/v2\/types\/post"}],"author":[{"embeddable":true,"href":"https:\/\/www.europesays.com\/no\/wp-json\/wp\/v2\/users\/2"}],"replies":[{"embeddable":true,"href":"https:\/\/www.europesays.com\/no\/wp-json\/wp\/v2\/comments?post=335015"}],"version-history":[{"count":0,"href":"https:\/\/www.europesays.com\/no\/wp-json\/wp\/v2\/posts\/335015\/revisions"}],"wp:featuredmedia":[{"embeddable":true,"href":"https:\/\/www.europesays.com\/no\/wp-json\/wp\/v2\/media\/335016"}],"wp:attachment":[{"href":"https:\/\/www.europesays.com\/no\/wp-json\/wp\/v2\/media?parent=335015"}],"wp:term":[{"taxonomy":"category","embeddable":true,"href":"https:\/\/www.europesays.com\/no\/wp-json\/wp\/v2\/categories?post=335015"},{"taxonomy":"post_tag","embeddable":true,"href":"https:\/\/www.europesays.com\/no\/wp-json\/wp\/v2\/tags?post=335015"}],"curies":[{"name":"wp","href":"https:\/\/api.w.org\/{rel}","templated":true}]}}