{"id":335203,"date":"2026-08-26T22:31:21","date_gmt":"2026-08-26T22:31:21","guid":{"rendered":"https:\/\/www.europesays.com\/no\/335203\/"},"modified":"2026-08-26T22:31:21","modified_gmt":"2026-08-26T22:31:21","slug":"flomkatastrofen-i-nepal-overlevende-forteller-skrekkhistorier","status":"publish","type":"post","link":"https:\/\/www.europesays.com\/no\/335203\/","title":{"rendered":"Flomkatastrofen i Nepal: Overlevende forteller skrekkhistorier"},"content":{"rendered":"\n<ul class=\"_list_145nj_3 _list_64s2r_85 _unordered_145nj_106 text-sans-m\">\n<li class=\"_item_145nj_30\">Jordras utl\u00f8ste en katastrofeflom i Nepal onsdag morgen lokal tid. <\/li>\n<li class=\"_item_145nj_30\">Overlevende forteller skrekkhistorier, inkludert Girilal Budhathoki som s\u00e5 familien bli tatt av flommen.<\/li>\n<li class=\"_item_145nj_30\">En 24-\u00e5ring som ble reddet ved \u00e5 klamre seg til et mangotre. <\/li>\n<li class=\"_item_145nj_30\">Flere amerikanske, australske og britiske turister er blant de savnede, inkludert en 13 \u00e5r gammel jente.<\/li>\n<\/ul>\n<p>Vis mer <\/p>\n<p class=\"_paragraph_145nj_4 _paragraph_6fko5_10 layout-component text-serif-m layout-normal text-serif-m layout-padded\">\u2013 Jeg har aldri sett en slik flom. Jeg har ikke noe h\u00e5p om at familien min har overlevd, sier 38-\u00e5ringen til nettstedet <a href=\"https:\/\/english.onlinekhabar.com\/rasuwa-flood-survivor.html\" class=\"_link_145nj_39\" rel=\"nofollow noopener\" target=\"_blank\">OnlineKhabar<\/a>. <\/p>\n<p class=\"_paragraph_145nj_4 _paragraph_6fko5_10 layout-component text-serif-m layout-normal text-serif-m layout-padded\">Onsdag morgen utl\u00f8ste jordras p\u00e5 grensen mellom TibetTibeten autonom region som ligger i Kina og <a href=\"https:\/\/www.vg.no\/tag\/nepal?utm_source=vg-article&amp;utm_medium=auto-tagger&amp;utm_campaign=k0y2gk\" class=\"_link_145nj_39\" rel=\"nofollow noopener\" target=\"_blank\">Nepal<\/a> <a href=\"https:\/\/www.vg.no\/nyheter\/i\/0pX50G\/jordskred-i-tibet-minst-aatte-doede-i-nepal\" data-track-element-type=\"Link\" data-track-id=\"link:0pX50G\" class=\"_link_145nj_39\" rel=\"nofollow noopener\" target=\"_blank\">en voldsom flom<\/a>. Den har rammet flere omr\u00e5der i Nepal.<\/p>\n<p class=\"_paragraph_145nj_4 _paragraph_6fko5_10 layout-component text-serif-m layout-normal text-serif-m layout-padded\"><strong class=\"_strong_145nj_25\">Det omtales som en av de verste naturkatastrofene i landet p\u00e5 mange \u00e5r. <\/strong><\/p>\n<p class=\"_paragraph_145nj_4 _paragraph_6fko5_10 layout-component text-serif-m layout-normal text-serif-m layout-padded\">Dramatiske bilder og videoer viser veggen av gj\u00f8rme som flommer inn over byen Timure klokken 08.30 lokal tid. <\/p>\n<p class=\"_paragraph_145nj_4 _paragraph_6fko5_10 layout-component text-serif-m layout-normal text-serif-m layout-padded\">Minst 157 personer er d\u00f8de som f\u00f8lge av naturkatastrofen, if\u00f8lge lokale myndigheter. <\/p>\n<p class=\"_paragraph_145nj_4 _paragraph_6fko5_10 layout-component text-serif-m layout-normal text-serif-m layout-padded\">Fortsatt er flere hundre mennesker savnet, b\u00e5de lokale innbyggere og turister. Der har redningsarbeidet p\u00e5g\u00e5tt gjennom dagen. <\/p>\n<ul class=\"_gallery_1qa3s_23\" tabindex=\"0\">\n<li class=\"_item_1qa3s_37\" data-index=\"0\"><img decoding=\"async\" class=\"_image_foru8_23 _articleGallery_foru8_39\" data-fullscreen- width=\"6000\" height=\"4002\" itemprop=\"image\" loading=\"lazy\"  src=\"https:\/\/www.europesays.com\/no\/wp-content\/uploads\/2026\/08\/1e45bec1-fdac-3a81-97d0-c79efc715424.jpeg\"  style=\"object-position:50% 50%;aspect-ratio:var(--gallery-aspect-ratio, 16 \/ 9)\"\/>Foto: NARENDRA SHRESTHA \/ EPA \/ NTB<\/li>\n<li class=\"_item_1qa3s_37\" data-index=\"1\"><img decoding=\"async\" class=\"_image_foru8_23 _articleGallery_foru8_39\" data-fullscreen- width=\"6000\" height=\"4002\" itemprop=\"image\" loading=\"lazy\"  src=\"https:\/\/www.europesays.com\/no\/wp-content\/uploads\/2026\/08\/ba6a86b7-82f9-32dd-8c8c-797c67c95cf3.jpeg\"  style=\"object-position:50% 50%;aspect-ratio:var(--gallery-aspect-ratio, 16 \/ 9)\"\/>Foto: NARENDRA SHRESTHA \/ EPA \/ NTB<\/li>\n<li class=\"_item_1qa3s_37\" data-index=\"2\"><img decoding=\"async\" class=\"_image_foru8_23 _articleGallery_foru8_39\" data-fullscreen- width=\"6000\" height=\"4002\" itemprop=\"image\" loading=\"lazy\"  src=\"https:\/\/www.europesays.com\/no\/wp-content\/uploads\/2026\/08\/5ffc6120-1683-32c6-b836-2b7c4758e7e0.jpeg\"  style=\"object-position:50% 50%;aspect-ratio:var(--gallery-aspect-ratio, 16 \/ 9)\"\/>Foto: NARENDRA SHRESTHA \/ EPA \/ NTB<\/li>\n<li class=\"_item_1qa3s_37\" data-index=\"3\"><img decoding=\"async\" class=\"_image_foru8_23 _articleGallery_foru8_39\" data-fullscreen- width=\"6000\" height=\"4255\" itemprop=\"image\" loading=\"lazy\"  src=\"https:\/\/www.europesays.com\/no\/wp-content\/uploads\/2026\/08\/b2af3dc9-171c-3300-8647-7ee1c2ce9df1.jpeg\"  style=\"object-position:50% 50%;aspect-ratio:var(--gallery-aspect-ratio, 16 \/ 9)\"\/>Redningsmannskaper leter etter overlevende i gj\u00f8rmen etter flommen. Foto: NARENDRA SHRESTHA \/ EPA \/ NTB<\/li>\n<\/ul>\n<p>Foto: NARENDRA SHRESTHA \/ EPA \/ NTB<\/p>\n<p class=\"_paragraph_145nj_4 _paragraph_6fko5_10 layout-component text-serif-m layout-normal text-serif-m layout-padded\">Myndighetene opplyser at mer enn 114 personer s\u00e5 langt er reddet og behandles ved ulike sykehus i Katmandu og Rasuwa, skriver Reuters.<\/p>\n<p>\u2013 Jeg har ikke noe h\u00e5p<\/p>\n<p class=\"_paragraph_145nj_4 _paragraph_6fko5_10 layout-component text-serif-m layout-normal text-serif-m layout-padded\">Familiefaren <a href=\"https:\/\/english.onlinekhabar.com\/rasuwa-flood-survivor.html\" class=\"_link_145nj_39\" rel=\"nofollow noopener\" target=\"_blank\">Girilal Budhathoki (38) er en av dem<\/a>. Han ligger p\u00e5 sykehus i hovedstaden Katmandu.<\/p>\n<p class=\"_paragraph_145nj_4 _paragraph_6fko5_10 layout-component text-serif-m layout-normal text-serif-m layout-padded\">Familien hadde bodd i Timure i fem \u00e5r. Byen ligger i Rasuwa \u2013 distriktet som ble hardest rammet av flommen. <\/p>\n<p class=\"_paragraph_145nj_4 _paragraph_6fko5_10 layout-component text-serif-m layout-normal text-serif-m layout-padded\">Der jobbet Budhathoki som renovat\u00f8r. Etter planen skulle familien snart flytte tilbake til hjemstedet lenger vest i landet. <\/p>\n<p class=\"_paragraph_145nj_4 _paragraph_6fko5_10 layout-component text-serif-m layout-normal text-serif-m layout-padded\">Men onsdag ble livet snudd p\u00e5 hodet. <\/p>\n<p class=\"_paragraph_145nj_4 _paragraph_6fko5_10 layout-component text-serif-m layout-normal text-serif-m layout-padded\"><strong class=\"_strong_145nj_25\">\u2013 Mine to s\u00f8nner, to d\u00f8tre og kona mi ble tatt av flommen, sa Budhathoki gr\u00e5tende.<\/strong><\/p>\n<p><img alt=\"F\u00f8r og etter flomkatastrofen.  Foto: 2026 PLANET LABS PBC \/ Reuters \/ NTB\" class=\"_image_jw3bv_65 layout-component layout-normal\" data-fullscreen- data-track-element-type=\"Article image fullscreen\" data-track-name=\"ImageFullscreen\" decoding=\"async\" loading=\"lazy\" height=\"2938\" itemprop=\"image\"  src=\"https:\/\/www.europesays.com\/no\/wp-content\/uploads\/2026\/08\/45329d6c-f000-3c09-8a22-94cf1d4bead2.jpeg\"  style=\"object-position:0% 0%\" width=\"2586\"\/>F\u00f8r og etter flomkatastrofen.  Foto: 2026 PLANET LABS PBC \/ Reuters \/ NTB<\/p>\n<p class=\"_paragraph_145nj_4 _paragraph_6fko5_10 layout-component text-serif-m layout-normal text-serif-m layout-padded\">Han forteller at han var p\u00e5 vei inn g\u00e5rdsplassen, da han s\u00e5 flommen rive med seg skuret familien bodde i. <\/p>\n<p class=\"_paragraph_145nj_4 _paragraph_6fko5_10 layout-component text-serif-m layout-normal text-serif-m layout-padded\">Selv overlevde han ved \u00e5 holde seg fast i en metallstang f\u00f8r han klarte \u00e5 ta seg h\u00f8yere opp i terrenget.<\/p>\n<p class=\"_paragraph_145nj_4 _paragraph_6fko5_10 layout-component text-serif-m layout-normal text-serif-m layout-padded\">Han ble deretter fraktet til sykehuset i Katmandu med helikopter. <\/p>\n<p><img alt=\"Over 100 personer har blitt reddet ut fra de rammede omr\u00e5dene.  Foto: Navesh Chitrakar \/ Reuters \/ NTB\" class=\"_image_jw3bv_65 layout-component layout-normal\" data-fullscreen- data-track-element-type=\"Article image fullscreen\" data-track-name=\"ImageFullscreen\" decoding=\"async\" loading=\"lazy\" height=\"3668\" itemprop=\"image\"  src=\"https:\/\/www.europesays.com\/no\/wp-content\/uploads\/2026\/08\/bccce002-d565-35a4-88e6-acb67cf84bf2.jpeg\"  style=\"object-position:0% 0%\" width=\"5500\"\/>Over 100 personer har blitt reddet ut fra de rammede omr\u00e5dene.  Foto: Navesh Chitrakar \/ Reuters \/ NTBBle reddet av mangotre<\/p>\n<p class=\"_paragraph_145nj_4 _paragraph_6fko5_10 layout-component text-serif-m layout-normal text-serif-m layout-padded\">24-\u00e5ringen Bibek Kumal var p\u00e5 jobb, da han h\u00f8rte en susende lyd. Det forteller han til Reuters. <\/p>\n<p class=\"_paragraph_145nj_4 _paragraph_6fko5_10 layout-component text-serif-m layout-normal text-serif-m layout-padded\">Han og fire kollegaer holdt p\u00e5 \u00e5 grave en toalettgrop utenfor et nybygd hus i byen Bidur. <\/p>\n<p class=\"_paragraph_145nj_4 _paragraph_6fko5_10 layout-component text-serif-m layout-normal text-serif-m layout-padded\">Byen ligger i Nuwakot-distriktet, nedenfor Rasuwa.<\/p>\n<p class=\"_paragraph_145nj_4 _paragraph_6fko5_10 layout-component text-serif-m layout-normal text-serif-m layout-padded\">S\u00e5 ropte kollegaene at han m\u00e5tte komme seg ut av den 1,5 meter dype gropen. <\/p>\n<p class=\"_paragraph_145nj_4 _paragraph_6fko5_10 layout-component text-serif-m layout-normal text-serif-m layout-padded\">\u2013 Jeg begynte \u00e5 l\u00f8pe. S\u00e5 kom en vegg av vann buldrende nedover, som om det var et jordskjelv, sier Kumal.<\/p>\n<p class=\"_paragraph_145nj_4 _paragraph_6fko5_10 layout-component text-serif-m layout-normal text-serif-m layout-padded\">Han ble tatt av vannmassene, men slapp unna med skrekken. <\/p>\n<p class=\"_paragraph_145nj_4 _paragraph_6fko5_10 layout-component text-serif-m layout-normal text-serif-m layout-padded\">\u2013 Heldigvis ble jeg sittende fast i et mangotre. Hadde det ikke v\u00e6rt for mangotreet, ville jeg ha blitt skylt bort og omkommet, sier han fra sykehuset i Katmandu.<\/p>\n<p><img alt=\"Nuwakot-distriktet, hvor byen Bidur ligger, ble hardt rammet av flommen.  Foto: Niranjan Shrestha \/ AP \/ NTB\" class=\"_image_jw3bv_65 layout-component layout-left\" data-fullscreen- data-track-element-type=\"Article image fullscreen\" data-track-name=\"ImageFullscreen\" decoding=\"async\" loading=\"lazy\" height=\"2880\" itemprop=\"image\"  src=\"https:\/\/www.europesays.com\/no\/wp-content\/uploads\/2026\/08\/bf2bba16-8281-3405-bd57-35bc4675fa85.jpeg\"  style=\"object-position:0% 0%\" width=\"4320\"\/>Nuwakot-distriktet, hvor byen Bidur ligger, ble hardt rammet av flommen.  Foto: Niranjan Shrestha \/ AP \/ NTB<img alt=\"Foto: Niranjan Shrestha \/ AP \/ NTB\" class=\"_image_jw3bv_65 layout-component layout-right\" data-fullscreen- data-track-element-type=\"Article image fullscreen\" data-track-name=\"ImageFullscreen\" decoding=\"async\" loading=\"lazy\" height=\"1200\" itemprop=\"image\"  src=\"https:\/\/www.europesays.com\/no\/wp-content\/uploads\/2026\/08\/0349ae75-62b7-3aa6-a08f-1172cd54b232.jpeg\"  style=\"object-position:0% 0%\" width=\"1600\"\/>Foto: Niranjan Shrestha \/ AP \/ NTB<\/p>\n<p class=\"_paragraph_145nj_4 _paragraph_6fko5_10 layout-component text-serif-m layout-normal text-serif-m layout-padded\">Kumal s\u00e5 huset han hadde jobbet med forsvinne nedover med flommen, mens han klamret seg fast til mangotreet. Han fikk skader i h\u00f8yrebeinet etter han ble truffet av en stor stein. <\/p>\n<p class=\"_paragraph_145nj_4 _paragraph_6fko5_10 layout-component text-serif-m layout-normal text-serif-m layout-padded\">Til slutt fikk politiet han i sikkerhet, forteller han til Reuters. <\/p>\n<p>Britisk jente (13) savnet<\/p>\n<p class=\"_paragraph_145nj_4 _paragraph_6fko5_10 layout-component text-serif-m layout-normal text-serif-m layout-padded\">Flere av de savnede skal v\u00e6re reisende og utenlandske turister. Onsdag kveld melder nepalske myndigheter at minst 403 utenlandske og 93 nepalske turister er savnet.<\/p>\n<p class=\"_paragraph_145nj_4 _paragraph_6fko5_10 layout-component text-serif-m layout-normal text-serif-m layout-padded\">Blant dem skal det v\u00e6re <a href=\"https:\/\/abcnews.com\/International\/americans-reported-missing-nepal-floods-tourism-board\/story?id=135964282\" class=\"_link_145nj_39\" rel=\"nofollow noopener\" target=\"_blank\">47 amerikanske turister<\/a> og <a href=\"https:\/\/www.smh.com.au\/world\/australians-missing-in-nepal-flood-disaster-20260827-p60rxm.html?ref=rss&amp;utm_medium=rss&amp;utm_source=rss_feed\" class=\"_link_145nj_39\" rel=\"nofollow noopener\" target=\"_blank\">flere australiere<\/a>. <\/p>\n<p class=\"_paragraph_145nj_4 _paragraph_6fko5_10 layout-component text-serif-m layout-normal text-serif-m layout-padded\"><a href=\"https:\/\/www.theguardian.com\/world\/2026\/aug\/26\/missing-british-citizens-flash-flood-nepal?utm_source=chatgpt.com\" class=\"_link_145nj_39\" rel=\"nofollow noopener\" target=\"_blank\">The Guardian<\/a> melder at 12 britiske statsborgere er savnet \u2013 blant dem en 13 \u00e5r gammel jente blant dem. <\/p>\n<p class=\"_paragraph_145nj_4 _paragraph_6fko5_10 layout-component text-serif-m layout-normal text-serif-m layout-padded\"><a href=\"https:\/\/news.sky.com\/story\/nepal-tibet-flooding-latest-almost-300-foreign-nationals-among-hundreds-missing-tourism-board-says-13575720\" class=\"_link_145nj_39\" rel=\"nofollow noopener\" target=\"_blank\">Sky News<\/a> melder et h\u00f8yere antall: Minst 33 briter savnet. <\/p>\n<p><img alt=\"Foto: Stringer \/ Reuters \/ NTB\" class=\"_image_jw3bv_65 layout-component layout-normal\" data-fullscreen- data-track-element-type=\"Article image fullscreen\" data-track-name=\"ImageFullscreen\" decoding=\"async\" loading=\"lazy\" height=\"3108\" itemprop=\"image\"  src=\"https:\/\/www.europesays.com\/no\/wp-content\/uploads\/2026\/08\/068ea88a-f545-3e5e-9f5f-72bc57dc35f7.jpeg\"  style=\"object-position:0% 0%\" width=\"4662\"\/>Foto: Stringer \/ Reuters \/ NTB<\/p>\n<p class=\"_paragraph_145nj_4 _paragraph_6fko5_10 layout-component text-serif-m layout-normal text-serif-m layout-padded\">Rundt 30 norske borgere har registrert oppholdet sitt i Nepal, opplyste utenriksdepartementet til VG tidligere onsdag<\/p>\n<p class=\"_paragraph_145nj_4 _paragraph_6fko5_10 layout-component text-serif-m layout-normal text-serif-m layout-padded\">De <a href=\"https:\/\/www.vg.no\/nyheter\/i\/0pX50G\/jordskred-i-tibet-minst-aatte-doede-i-nepal\" data-track-element-type=\"Link\" data-track-id=\"link:0pX50G\" class=\"_link_145nj_39\" rel=\"nofollow noopener\" target=\"_blank\">kjenner ikke til at noen av dem eller andre nordmenn<\/a> er ber\u00f8rt av katastrofen. <\/p>\n<p><img alt=\"Foto: NARENDRA SHRESTHA \/ EPA \/ NTB\" class=\"_image_jw3bv_65 layout-component layout-normal\" data-fullscreen- data-track-element-type=\"Article image fullscreen\" data-track-name=\"ImageFullscreen\" decoding=\"async\" loading=\"lazy\" height=\"4207\" itemprop=\"image\"  src=\"https:\/\/www.europesays.com\/no\/wp-content\/uploads\/2026\/08\/4dc23415-9e07-3ffb-9ef0-5d921bd98264.jpeg\"  style=\"object-position:0% 0%\" width=\"6000\"\/>Foto: NARENDRA SHRESTHA \/ EPA \/ NTB<\/p>\n<p class=\"_paragraph_145nj_4 _paragraph_6fko5_10 layout-component text-serif-m layout-normal text-serif-m layout-padded\">Utenriksminister Espen Barth Eide skrev ogs\u00e5 om ulykken p\u00e5 <a href=\"https:\/\/x.com\/EspenBarthEide\/status\/2092697611471921395\" class=\"_link_145nj_39\" rel=\"nofollow\">X<\/a> onsdag kveld: <\/p>\n<p class=\"_paragraph_145nj_4 _paragraph_6fko5_10 layout-component text-serif-m layout-normal text-serif-m layout-padded\">\u2013 Det gj\u00f8r meg sv\u00e6rt trist \u00e5 h\u00f8re om de massive jordskredene og oversv\u00f8mmelsene som har rammet Nepal. Mine tanker er med alle de rammede, deres kj\u00e6re, og alle som jobber utrettelig med redningsarbeidet. Norge st\u00e5r med det nepalske folk i denne vanskelige tiden.<\/p>\n<p><img decoding=\"async\" alt=\"Bilde av Espen Barth Eide\" class=\"_image_148z4_25\" height=\"40\" itemprop=\"image\" loading=\"lazy\"  src=\"https:\/\/www.europesays.com\/no\/wp-content\/uploads\/2026\/08\/2170008d-86a5-35d8-81fd-aadf7f5eb761.jpeg\"  width=\"40\"\/><strong class=\"_name_148z4_34 title-serif-xs\">Espen Barth Eide<\/strong><\/p>\n<p class=\"_paragraph_145nj_4 text-sans-m _description_148z4_39\">Utenriksminister (Ap)<\/p>\n<p>Uklar \u00e5rsak<\/p>\n<p class=\"_paragraph_145nj_4 _paragraph_6fko5_10 layout-component text-serif-m layout-normal text-serif-m layout-padded\">Flere landsbyer skal ligge under vann etter flommen. <\/p>\n<p class=\"_paragraph_145nj_4 _paragraph_6fko5_10 layout-component text-serif-m layout-normal text-serif-m layout-padded\">Det er fortsatt ikke helt klart hva som har skjedd, men det ser ut som at flommen har blitt utl\u00f8st av flere ras ned i en elv p\u00e5 grensen mellom Nepal og Tibet. Deretter har vannet flommet nedover dalf\u00f8ret. <\/p>\n<p class=\"_paragraph_145nj_4 _paragraph_6fko5_10 layout-component text-serif-m layout-normal text-serif-m layout-padded\">Ifl\u00f8lge det tyske forskningssenteret for geovitenskap GFZ skal det v\u00e6rt <a href=\"https:\/\/geofon.gfz.de\/eqinfo\/list.php?latmax=37.7&amp;latmin=17.7&amp;lonmax=95.14&amp;lonmin=75.14\" class=\"_link_145nj_39\" rel=\"nofollow noopener\" target=\"_blank\">et jordskjelv med styrke 4,4 fant sted i Nepal<\/a> kort tid f\u00f8r flommen. <\/p>\n<p><img alt=\"157 personer er bekreftet d\u00f8de etter flommen i Nepal.  Foto: Niranjan Shrestha \/ AP \/ NTB\" class=\"_image_jw3bv_65 layout-component layout-normal\" data-fullscreen- data-track-element-type=\"Article image fullscreen\" data-track-name=\"ImageFullscreen\" decoding=\"async\" loading=\"lazy\" height=\"1847\" itemprop=\"image\"  src=\"https:\/\/www.europesays.com\/no\/wp-content\/uploads\/2026\/08\/cdb6ad9b-2c0c-3940-9b46-6befa90369f7.jpeg\"  style=\"object-position:0% 0%\" width=\"2770\"\/>157 personer er bekreftet d\u00f8de etter flommen i Nepal.  Foto: Niranjan Shrestha \/ AP \/ NTB    <\/p>\n","protected":false},"excerpt":{"rendered":"Jordras utl\u00f8ste en katastrofeflom i Nepal onsdag morgen lokal tid. Overlevende forteller skrekkhistorier, inkludert Girilal Budhathoki som s\u00e5&hellip;\n","protected":false},"author":2,"featured_media":335204,"comment_status":"","ping_status":"","sticky":false,"template":"","format":"standard","meta":{"footnotes":"","_share_on_mastodon":"0"},"categories":[5],"tags":[20,21,24,25,1836,15,19,22,23,17,18,4358,4881,13,30,28,29,14,16,8128,26,27],"class_list":["post-335203","post","type-post","status-publish","format-standard","has-post-thumbnail","category-overskrifter","tag-breaking-news","tag-breakingnews","tag-featured-news","tag-featurednews","tag-flom","tag-headlines","tag-hovedoppslag","tag-latest-news","tag-latestnews","tag-main-news","tag-mainnews","tag-naturkatastrofe","tag-nepal","tag-news","tag-no","tag-norge","tag-norway","tag-nyheter","tag-overskrifter","tag-tibet","tag-top-stories","tag-topstories"],"share_on_mastodon":{"url":"https:\/\/pubeurope.com\/@no\/117164185926218564","error":""},"_links":{"self":[{"href":"https:\/\/www.europesays.com\/no\/wp-json\/wp\/v2\/posts\/335203","targetHints":{"allow":["GET"]}}],"collection":[{"href":"https:\/\/www.europesays.com\/no\/wp-json\/wp\/v2\/posts"}],"about":[{"href":"https:\/\/www.europesays.com\/no\/wp-json\/wp\/v2\/types\/post"}],"author":[{"embeddable":true,"href":"https:\/\/www.europesays.com\/no\/wp-json\/wp\/v2\/users\/2"}],"replies":[{"embeddable":true,"href":"https:\/\/www.europesays.com\/no\/wp-json\/wp\/v2\/comments?post=335203"}],"version-history":[{"count":0,"href":"https:\/\/www.europesays.com\/no\/wp-json\/wp\/v2\/posts\/335203\/revisions"}],"wp:featuredmedia":[{"embeddable":true,"href":"https:\/\/www.europesays.com\/no\/wp-json\/wp\/v2\/media\/335204"}],"wp:attachment":[{"href":"https:\/\/www.europesays.com\/no\/wp-json\/wp\/v2\/media?parent=335203"}],"wp:term":[{"taxonomy":"category","embeddable":true,"href":"https:\/\/www.europesays.com\/no\/wp-json\/wp\/v2\/categories?post=335203"},{"taxonomy":"post_tag","embeddable":true,"href":"https:\/\/www.europesays.com\/no\/wp-json\/wp\/v2\/tags?post=335203"}],"curies":[{"name":"wp","href":"https:\/\/api.w.org\/{rel}","templated":true}]}}