{"id":335321,"date":"2026-08-27T04:49:20","date_gmt":"2026-08-27T04:49:20","guid":{"rendered":"https:\/\/www.europesays.com\/no\/335321\/"},"modified":"2026-08-27T04:49:20","modified_gmt":"2026-08-27T04:49:20","slug":"tog-kollektivtrafikk-nytt-togtrobbel-pa-grunn-av-signalfeil","status":"publish","type":"post","link":"https:\/\/www.europesays.com\/no\/335321\/","title":{"rendered":"Tog, Kollektivtrafikk | Nytt togtr\u00f8bbel p\u00e5 grunn av signalfeil"},"content":{"rendered":"\n<p><b>\u2013 Det er forsinkelser p\u00e5 grunn av signalfeil ved Oslo S. Vi jobber med \u00e5 rette feilen, melder Bane Nor p\u00e5 infoskjermene p\u00e5 stasjonen.<\/b><\/p>\n<p>Det er meldt om at det kommer en ny oppdatering klokken 16.<\/p>\n<p>Etter sommerferien har det stadig oppst\u00e5tt forsinkelser i togtrafikken til og fra Oslo.<\/p>\n<p>Onsdag for en uke siden holdt samferdselsminister Jon-Ivar Nyg\u00e5rd (Ap) et hastem\u00f8te med Bane Nor og Jernbanedirektoratet for \u00e5 fors\u00f8ke \u00e5 finne l\u00f8sninger p\u00e5 de stadige problemene som rammer tusenvis av reisende.<\/p>\n<p>  <a href=\"https:\/\/www.budstikka.no\/5-55-2350947\" class=\"related-teaser has-image article--c-MkAkR\" rel=\"nofollow noopener\" target=\"_blank\"><\/p>\n<p>    <img decoding=\"async\" width=\"155\"  loading=\"lazy\"  src=\"https:\/\/www.europesays.com\/no\/wp-content\/uploads\/2026\/08\/4X7A3321.JPG\" alt=\"\" class=\"brick-c-cFOWSL\" style=\"\"\/><\/p>\n<p>\n            Les ogs\u00e5<\/p>\n<p>            Mareritt-m\u00e5ned p\u00e5 toget: \u2013 All grunn til \u00e5 v\u00e6re irritert\n        <\/p>\n<p>  <\/a><\/p>\n","protected":false},"excerpt":{"rendered":"\u2013 Det er forsinkelser p\u00e5 grunn av signalfeil ved Oslo S. Vi jobber med \u00e5 rette feilen, melder&hellip;\n","protected":false},"author":2,"featured_media":335322,"comment_status":"","ping_status":"","sticky":false,"template":"","format":"standard","meta":{"footnotes":"","_share_on_mastodon":"0"},"categories":[10],"tags":[36,2532,20,21,24,25,15,1212,22,23,13,30,28,29,14,16,1510,1923,26,27],"class_list":["post-335321","post","type-post","status-publish","format-standard","has-post-thumbnail","category-norge","tag-art","tag-bane-nor","tag-breaking-news","tag-breakingnews","tag-featured-news","tag-featurednews","tag-headlines","tag-kollektivtrafikk","tag-latest-news","tag-latestnews","tag-news","tag-no","tag-norge","tag-norway","tag-nyheter","tag-overskrifter","tag-story","tag-tog","tag-top-stories","tag-topstories"],"share_on_mastodon":{"url":"https:\/\/pubeurope.com\/@no\/117165671662431679","error":""},"_links":{"self":[{"href":"https:\/\/www.europesays.com\/no\/wp-json\/wp\/v2\/posts\/335321","targetHints":{"allow":["GET"]}}],"collection":[{"href":"https:\/\/www.europesays.com\/no\/wp-json\/wp\/v2\/posts"}],"about":[{"href":"https:\/\/www.europesays.com\/no\/wp-json\/wp\/v2\/types\/post"}],"author":[{"embeddable":true,"href":"https:\/\/www.europesays.com\/no\/wp-json\/wp\/v2\/users\/2"}],"replies":[{"embeddable":true,"href":"https:\/\/www.europesays.com\/no\/wp-json\/wp\/v2\/comments?post=335321"}],"version-history":[{"count":0,"href":"https:\/\/www.europesays.com\/no\/wp-json\/wp\/v2\/posts\/335321\/revisions"}],"wp:featuredmedia":[{"embeddable":true,"href":"https:\/\/www.europesays.com\/no\/wp-json\/wp\/v2\/media\/335322"}],"wp:attachment":[{"href":"https:\/\/www.europesays.com\/no\/wp-json\/wp\/v2\/media?parent=335321"}],"wp:term":[{"taxonomy":"category","embeddable":true,"href":"https:\/\/www.europesays.com\/no\/wp-json\/wp\/v2\/categories?post=335321"},{"taxonomy":"post_tag","embeddable":true,"href":"https:\/\/www.europesays.com\/no\/wp-json\/wp\/v2\/tags?post=335321"}],"curies":[{"name":"wp","href":"https:\/\/api.w.org\/{rel}","templated":true}]}}