{"id":335345,"date":"2026-08-27T05:27:25","date_gmt":"2026-08-27T05:27:25","guid":{"rendered":"https:\/\/www.europesays.com\/no\/335345\/"},"modified":"2026-08-27T05:27:25","modified_gmt":"2026-08-27T05:27:25","slug":"to-dode-i-mystisk-husbrann-politiet-utelukker-ikke-band-til-dodsulykke","status":"publish","type":"post","link":"https:\/\/www.europesays.com\/no\/335345\/","title":{"rendered":"To d\u00f8de i mystisk husbrann \u2013 politiet utelukker ikke b\u00e5nd til d\u00f8dsulykke"},"content":{"rendered":"\n<p class=\"_lead_145nj_2 _lead_6fko5_53 layout-component text-serif-m layout-normal text-serif-l layout-component layout-wide layout-padded _wide_17hqh_1 layout-padded\">Natalie (34) McDonald og niesen Valentina Foster (7) omkom i brannen. N\u00e5 er to menn er p\u00e5grepet, mistenkt for drap.<\/p>\n<p><img alt=\" Foto: Owen Humphreys \/ Pa Photos \/ NTB\" class=\"_image_jw3bv_65 layout-component layout-wide\" data-fullscreen- data-track-element-type=\"Article image fullscreen\" data-track-name=\"ImageFullscreen\" fetchpriority=\"high\" decoding=\"sync\" loading=\"eager\" height=\"3840\" itemprop=\"image\"  src=\"https:\/\/www.europesays.com\/no\/wp-content\/uploads\/2026\/08\/78d6e411-27c0-3e98-8d27-66cf079ad65a.jpeg\"  style=\"object-position:0% 0%\" width=\"5760\"\/> Foto: Owen Humphreys \/ Pa Photos \/ NTB<\/p>\n<ul aria-hidden=\"true\" class=\"_images_ntbth_112\">\n<li><a class=\"_link_ntbth_117\" href=\"https:\/\/www.vg.no\/forfatter\/preben-soerensen-olsen\" style=\"z-index:1\" title=\"Preben S\u00f8rensen Olsen\" rel=\"nofollow noopener\" target=\"_blank\"><img alt=\"Bilde av Preben S\u00f8rensen Olsen\" class=\"_image_ntbth_93\" fetchpriority=\"low\" loading=\"lazy\" decoding=\"async\" itemprop=\"image\"  src=\"https:\/\/www.europesays.com\/no\/wp-content\/uploads\/2026\/08\/1787808443_106_64aa1fb4-b39a-43ab-9306-fd34402fdbb9.jpeg\"  width=\"480\"\/><\/a><\/li>\n<\/ul>\n<p> Oppdatert torsdag 27. august kl. 03:36     <\/p>\n<p class=\"_paragraph_145nj_4 _paragraph_6fko5_10 layout-component text-serif-m layout-normal text-serif-m layout-padded\">En syv \u00e5r gammel jente og hennes 34 \u00e5r gamle tante mistet livet da et hus i Grangetown ved Middlesbrough i <a href=\"https:\/\/www.vg.no\/tag\/england?utm_source=vg-article&amp;utm_medium=auto-tagger&amp;utm_campaign=7p4EAv\" class=\"_link_145nj_39\" rel=\"nofollow noopener\" target=\"_blank\">England<\/a> stod i full fyr onsdag morgen. N\u00e5 er to menn p\u00e5 23 og 31 \u00e5r p\u00e5grepet, mistenkt for drap, melder <a href=\"https:\/\/www.bbc.com\/news\/articles\/c4gmrz8d31mo\" class=\"_link_145nj_39\" rel=\"nofollow noopener\" target=\"_blank\">BBC<\/a>.<\/p>\n<p class=\"_paragraph_145nj_4 _paragraph_6fko5_10 layout-component text-serif-m layout-normal text-serif-m layout-padded\">Det er bare to kilometer fra der syv personer d\u00f8de i en bilulykke sist l\u00f8rdag. I begge tilfeller etterforsker politiet om det kan v\u00e6re koblinger til organisert kriminalitet. <\/p>\n<p class=\"_paragraph_145nj_4 _paragraph_6fko5_10 layout-component text-serif-m layout-normal text-serif-m layout-padded\">\u2013 Vi jobber fortsatt med \u00e5 klarlegge n\u00f8yaktig hva som har skjedd, men holder alle muligheter \u00e5pne og kan p\u00e5 n\u00e5v\u00e6rende tidspunkt ikke utelukke forbindelser til et st\u00f8rre organisert kriminelt milj\u00f8, sier Emily Harris i Cleveland-politiet om brannen if\u00f8lge en <a href=\"https:\/\/www.cleveland.police.uk\/news\/cleveland\/news\/2026\/august\/two-arrests-in-grangetown-murder-investigation\/\" class=\"_link_145nj_39\" rel=\"nofollow noopener\" target=\"_blank\">pressemelding<\/a>.  <\/p>\n<p><img alt=\"Foto: Owen Humphreys \/ Pa Photos \/ NTB\" class=\"_image_jw3bv_65 layout-component layout-normal\" data-fullscreen- data-track-element-type=\"Article image fullscreen\" data-track-name=\"ImageFullscreen\" decoding=\"async\" loading=\"lazy\" height=\"4000\" itemprop=\"image\"  src=\"https:\/\/www.europesays.com\/no\/wp-content\/uploads\/2026\/08\/41a9035b-05aa-31da-812f-b443e2c7c300.jpeg\"  style=\"object-position:0% 0%\" width=\"6000\"\/>Foto: Owen Humphreys \/ Pa Photos \/ NTB<\/p>\n<p class=\"_paragraph_145nj_4 _paragraph_6fko5_10 layout-component text-serif-m layout-normal text-serif-m layout-padded\">De omkomne er identifisert som Natalie McDonald (34) og niesen Valentina Foster (7), skriver BBC. <\/p>\n<p class=\"_paragraph_145nj_4 _paragraph_6fko5_10 layout-component text-serif-m layout-normal text-serif-m layout-padded\">En 48 \u00e5r gammel kvinne ligger i kritisk tilstand p\u00e5 sykehus, og tre andre personer ble lettere skadet i brannen, som br\u00f8t ut like f\u00f8r klokken 05.30 lokal tid.<\/p>\n<p class=\"_paragraph_145nj_4 _paragraph_6fko5_10 layout-component text-serif-m layout-normal text-serif-m layout-padded\">Natalies mor, Lisa Kirton, beskriver datteren som en \u00abvakker sjel\u00bb.<\/p>\n<p class=\"_paragraph_145nj_4 _paragraph_6fko5_10 layout-component text-serif-m layout-normal text-serif-m layout-padded\">\u2013 Alle elsket henne, sier hun til BBC.<\/p>\n<p class=\"_paragraph_145nj_4 _paragraph_6fko5_10 layout-component text-serif-m layout-normal text-serif-m layout-padded\">Om barnebarnet Valentina, som tilbrakte sommerferien hos familien, sier hun:<\/p>\n<p><img alt=\"Foto: Owen Humphreys \/ Pa Photos \/ NTB\" class=\"_image_jw3bv_65 layout-component layout-normal\" data-fullscreen- data-track-element-type=\"Article image fullscreen\" data-track-name=\"ImageFullscreen\" decoding=\"async\" loading=\"lazy\" height=\"1814\" itemprop=\"image\"  src=\"https:\/\/www.europesays.com\/no\/wp-content\/uploads\/2026\/08\/ec29b6b4-4a57-38a6-b7c8-d2cd0b2c5496.jpeg\"  style=\"object-position:0% 0%\" width=\"2865\"\/>Foto: Owen Humphreys \/ Pa Photos \/ NTB<\/p>\n<p class=\"_paragraph_145nj_4 _paragraph_6fko5_10 layout-component text-serif-m layout-normal text-serif-m layout-padded\">\u2013 Hun var en s\u00f8t liten unge. Jeg kan ikke tro det, syv \u00e5r gammel \u2013 det er bare en skam.<\/p>\n<p class=\"_paragraph_145nj_4 _paragraph_6fko5_10 layout-component text-serif-m layout-normal text-serif-m layout-padded\">If\u00f8lge bestemoren klarte Natalies 15 \u00e5r gamle datter og en venninnen \u00e5 redde seg ut gjennom et vindu i andre etasje. Venninnen skal ha sparket ut vinduet og \u00abreddet livene deres\u00bb.<\/p>\n<p class=\"_paragraph_145nj_4 _paragraph_6fko5_10 layout-component text-serif-m layout-normal text-serif-m layout-padded\">En 20 \u00e5r gammel nabo, Ellie, som ikke ville oppgi etternavnet sitt, forteller om dramatikken:<\/p>\n<p class=\"_paragraph_145nj_4 _paragraph_6fko5_10 layout-component text-serif-m layout-normal text-serif-m layout-padded\">\u2013 Hele huset var glovarmt. Jeg kom ikke i n\u00e6rheten av inngangen, det var s\u00e5 varmt, sier hun til BBC. <\/p>\n<p class=\"_paragraph_145nj_4 _paragraph_6fko5_10 layout-component text-serif-m layout-normal text-serif-m layout-padded\">Hun holdt h\u00e5nden til en gr\u00e5tende kvinne som hadde hoppet ut av et vindu, helt til ambulansepersonell kom.<\/p>\n<p class=\"_paragraph_145nj_4 _paragraph_6fko5_10 layout-component text-serif-m layout-normal text-serif-m layout-padded\">Brannen fant sted bare to kilometer fra stedet der syv mennesker, blant dem to politibetjenter, d\u00f8de i en frontkollisjon p\u00e5 motorveien A66 sist l\u00f8rdag, if\u00f8lge <a href=\"https:\/\/www.theguardian.com\/uk-news\/2026\/aug\/26\/murder-investigation-middlesbrough-house-fire\" class=\"_link_145nj_39\" rel=\"nofollow noopener\" target=\"_blank\">The Guardian<\/a>.<\/p>\n<p class=\"_paragraph_145nj_4 _paragraph_6fko5_10 layout-component text-serif-m layout-normal text-serif-m layout-padded\">En Volkswagen Passat kj\u00f8rte da mot kj\u00f8reretningen og kolliderte med en politibil.<\/p>\n<p><img alt=\"En politibetjent legger ned blomster etter d\u00f8dsulykken p\u00e5 A66 \u2013 to betjenter d\u00f8de i ulykken.  Foto: Owen Humphreys \/ Pa Photos \/ NTB\" class=\"_image_jw3bv_65 layout-component layout-normal\" data-fullscreen- data-track-element-type=\"Article image fullscreen\" data-track-name=\"ImageFullscreen\" decoding=\"async\" loading=\"lazy\" height=\"2801\" itemprop=\"image\"  src=\"https:\/\/www.europesays.com\/no\/wp-content\/uploads\/2026\/08\/c8e969e2-3c5d-3074-8a39-5d2c823290eb.jpeg\"  style=\"object-position:0% 0%\" width=\"4000\"\/>En politibetjent legger ned blomster etter d\u00f8dsulykken p\u00e5 A66 \u2013 to betjenter d\u00f8de i ulykken.  Foto: Owen Humphreys \/ Pa Photos \/ NTB<\/p>\n<p class=\"_paragraph_145nj_4 _paragraph_6fko5_10 layout-component text-serif-m layout-normal text-serif-m layout-padded\">If\u00f8lge avisen har politiet opplyst at flere av de fem i personbilen kan ha tilknytning til \u00abalvorlig og organisert kriminalitet\u00bb. <\/p>\n<p class=\"_paragraph_145nj_4 _paragraph_6fko5_10 layout-component text-serif-m layout-normal text-serif-m layout-padded\">17 personer er p\u00e5grepet i etterforskningen etter kollisjonen.<\/p>\n","protected":false},"excerpt":{"rendered":"Natalie (34) McDonald og niesen Valentina Foster (7) omkom i brannen. N\u00e5 er to menn er p\u00e5grepet, mistenkt&hellip;\n","protected":false},"author":2,"featured_media":335346,"comment_status":"","ping_status":"","sticky":false,"template":"","format":"standard","meta":{"footnotes":"","_share_on_mastodon":"0"},"categories":[5],"tags":[20,21,377,4835,24,25,15,19,148,22,23,17,18,13,30,28,29,14,16,26,27,46],"class_list":["post-335345","post","type-post","status-publish","format-standard","has-post-thumbnail","category-overskrifter","tag-breaking-news","tag-breakingnews","tag-drap","tag-england","tag-featured-news","tag-featurednews","tag-headlines","tag-hovedoppslag","tag-kriminalitet","tag-latest-news","tag-latestnews","tag-main-news","tag-mainnews","tag-news","tag-no","tag-norge","tag-norway","tag-nyheter","tag-overskrifter","tag-top-stories","tag-topstories","tag-vgai"],"share_on_mastodon":{"url":"https:\/\/pubeurope.com\/@no\/117165821173979814","error":""},"_links":{"self":[{"href":"https:\/\/www.europesays.com\/no\/wp-json\/wp\/v2\/posts\/335345","targetHints":{"allow":["GET"]}}],"collection":[{"href":"https:\/\/www.europesays.com\/no\/wp-json\/wp\/v2\/posts"}],"about":[{"href":"https:\/\/www.europesays.com\/no\/wp-json\/wp\/v2\/types\/post"}],"author":[{"embeddable":true,"href":"https:\/\/www.europesays.com\/no\/wp-json\/wp\/v2\/users\/2"}],"replies":[{"embeddable":true,"href":"https:\/\/www.europesays.com\/no\/wp-json\/wp\/v2\/comments?post=335345"}],"version-history":[{"count":0,"href":"https:\/\/www.europesays.com\/no\/wp-json\/wp\/v2\/posts\/335345\/revisions"}],"wp:featuredmedia":[{"embeddable":true,"href":"https:\/\/www.europesays.com\/no\/wp-json\/wp\/v2\/media\/335346"}],"wp:attachment":[{"href":"https:\/\/www.europesays.com\/no\/wp-json\/wp\/v2\/media?parent=335345"}],"wp:term":[{"taxonomy":"category","embeddable":true,"href":"https:\/\/www.europesays.com\/no\/wp-json\/wp\/v2\/categories?post=335345"},{"taxonomy":"post_tag","embeddable":true,"href":"https:\/\/www.europesays.com\/no\/wp-json\/wp\/v2\/tags?post=335345"}],"curies":[{"name":"wp","href":"https:\/\/api.w.org\/{rel}","templated":true}]}}