{"id":335451,"date":"2026-08-27T07:43:01","date_gmt":"2026-08-27T07:43:01","guid":{"rendered":"https:\/\/www.europesays.com\/no\/335451\/"},"modified":"2026-08-27T07:43:01","modified_gmt":"2026-08-27T07:43:01","slug":"kongefamilien-samlet-pa-skaugum-mens-kong-harald-er-innlagt-pa-rikshospitalet","status":"publish","type":"post","link":"https:\/\/www.europesays.com\/no\/335451\/","title":{"rendered":"Kongefamilien samlet p\u00e5 Skaugum mens kong Harald er innlagt p\u00e5 Rikshospitalet"},"content":{"rendered":"<p class=\"kicker \" style=\"\">Kronprinsparet<\/p>\n<p class=\"subtitle \" style=\"\">Mens kong Harald fortsatt er innlagt p\u00e5 Rikshospitalet, samlet flere av kongefamiliens medlemmer seg onsdag kveld.\u00a0<\/p>\n<p>\n    FAMILIESAMLING: Emma Tallulah Behn, Maud Angelica Behn (baki) og Leah Isadora Behn p\u00e5 vei ut av Skaugum onsdag kveld. Foto: Shad Madian \/ Se og H\u00f8r\n  <\/p>\n<p>Det har v\u00e6rt en travel dag for kongefamilien.<\/p>\n<p>Onsdag ettermiddag dro flere av kong Haralds (89) n\u00e6rmeste til Rikshospitalet, hvor kongen har v\u00e6rt innlagt i ni dager. Durek Verrett (51) er ogs\u00e5 for tiden innlagt p\u00e5 Rikshospitalet etter nyretransplantasjonen.\u00a0<\/p>\n<p>        NYOPERERT: Durek Verrett har f\u00e5tt ny nyre! Video: Nora Skavhaug\/R\u00f8d L\u00f8per.<\/p>\n<p>Kronprins Haakon (53), kronprinsesse Mette-Marit (53) og dronning Sonja (89)<a href=\"https:\/\/www.seher.no\/kjendis\/ny-familiesamling-pa-sykehuset\/85065592\" rel=\"nofollow noopener\" target=\"_blank\"> var alle innom sykehuset i l\u00f8pet av ettermiddagen.\u00a0<\/a><\/p>\n<p>De forlot alle sykehuset i halv syv-tiden.<\/p>\n<p>    <a itemprop=\"url\" href=\"https:\/\/www.seher.no\/kjendis\/ny-familiesamling-pa-sykehuset\/85065592\" rel=\"nofollow noopener\" target=\"_blank\"><\/p>\n<p>        <img loading=\"lazy\" decoding=\"async\" src=\"https:\/\/www.europesays.com\/no\/wp-content\/uploads\/2026\/08\/1787816576_155_85065659.webp\" width=\"180\" height=\"81\" alt=\"\" class=\"lazyload\" style=\"--aspect-ratio-image: 2.22; \"\/><\/p>\n<p>        Ny familiesamling p\u00e5 sykehuset<\/p>\n<p>    <\/a><\/p>\n<p class=\"font-weight-bold m-font-weight-bold\" data-lab-font_weight=\"font-weight-bold\">N\u00e5 kan Se og H\u00f8r eksklusivt avsl\u00f8re at flere av familiemedlemmene samlet seg p\u00e5 Skaugum onsdag kveld.<\/p>\n<p>Like f\u00f8r klokken 17 kom prins Sverre Magnus tilbake til kronprinsparets hjem etter \u00e5 ha kj\u00f8rt moren, kronprinsesse Mette-Marit, til Rikshospitalet.<\/p>\n<p>        <img loading=\"lazy\" decoding=\"async\" src=\"https:\/\/www.europesays.com\/no\/wp-content\/uploads\/2026\/08\/85067020.webp\" width=\"667\" height=\"441\" alt=\"\" class=\"\" style=\"--aspect-ratio-image: 1.51; \"\/><\/p>\n<p>\n        SJ\u00c5F\u00d8R: Prins Sverre Magnus observert p\u00e5 vei inn til Skaugum, etter \u00e5 ha sluppet av kronprinsesse Mette-Marit p\u00e5 Rikshospitalet. Foto: Shad Madian \/ Se og H\u00f8r\n    <\/p>\n<p>Klokken 17:42 ankom ogs\u00e5 prinsesse M\u00e4rtha Louises d\u00f8tre Emma Tallulah Behn (17) og Leah Isadora Behn (21) Skaugum.\u00a0<\/p>\n<p>        <img loading=\"lazy\" decoding=\"async\" src=\"https:\/\/www.europesays.com\/no\/wp-content\/uploads\/2026\/08\/85067012.webp\" width=\"667\" height=\"527\" alt=\"\" class=\"\" style=\"--aspect-ratio-image: 1.27; \"\/><\/p>\n<p>\n        P\u00c5 BES\u00d8K: Prinsesse M\u00e4rtha Louises d\u00f8tre p\u00e5 vei inn til Skaugum onsdag kveld. Der ble de i godt over en time. Foto: Shad Madian \/ Se og H\u00f8r\n    <\/p>\n<p>Det er i tillegg stor sannsynlighet for at prinsesse Ingrid Alexandra (22) og Marius Borg H\u00f8iby (29) var samlet med familien onsdag kveld.\u00a0<\/p>\n<p>Like f\u00f8r 19 kom ogs\u00e5 kronprinsparet tilbake til Skaugum.\u00a0<\/p>\n<p>        <img loading=\"lazy\" decoding=\"async\" src=\"https:\/\/www.europesays.com\/no\/wp-content\/uploads\/2026\/08\/85067016.webp\" width=\"667\" height=\"547\" alt=\"\" class=\"\" style=\"--aspect-ratio-image: 1.22; \"\/><\/p>\n<p>\n        TILBAKE IGJEN: Kronprinsparet kom tilbake rundt 19-tiden og fikk dermed tilbrakt tid med niesene sine. Foto: Shad Madian \/ Se og H\u00f8r\n    <\/p>\n<p class=\"font-weight-bold m-font-weight-bold\" data-lab-font_weight=\"font-weight-bold\">Rundt kvart over \u00e5tte forlot prinsesse M\u00e4rtha Louises d\u00f8tre Leah, Emma og Maud Angelica Behn (23) Skaugum.\u00a0<\/p>\n<p>        <img loading=\"lazy\" decoding=\"async\" src=\"https:\/\/www.europesays.com\/no\/wp-content\/uploads\/2026\/08\/85067010.webp\" width=\"667\" height=\"561\" alt=\"\" class=\"\" style=\"--aspect-ratio-image: 1.19; \"\/><\/p>\n<p>\n        GODT HUM\u00d8R: Leah Behn smilte fra \u00f8re til \u00f8re etter bes\u00f8ket hos kronprinsfamilien. Foto: Shad Madian \/ Se og H\u00f8r\n    <\/p>\n<p>&#8211; Sier noe om de n\u00e6re b\u00e5ndene i familien\u00a0\t<\/p>\n<p>Samlingen onsdag kveld skjer samtidig som familien st\u00e5r midt i en bekymringsfull periode.<\/p>\n<p>&#8211; Akkurat n\u00e5 skjer det mye i og rundt kongefamilien. Durek og kongen er p\u00e5 Rikshospitalet, mens kronprinsparet har samlet M\u00e4rthas barn p\u00e5 Skaugum. Det sier noe om de n\u00e6re b\u00e5ndene i familien, sier Se og H\u00f8rs kongehusekspert Caroline Vagle.<\/p>\n<p>        <img loading=\"lazy\" decoding=\"async\" itemprop=\"image\" src=\"https:\/\/www.europesays.com\/no\/wp-content\/uploads\/2026\/08\/85037397.webp\" width=\"180\" height=\"180\" alt=\"\"\/><\/p>\n<p>                    Caroline Vagle<br \/>\n                        Caroline<br \/>\n                        Vagle<\/p>\n<p>                    Caroline Vagle<br \/>\n                        Se og H\u00f8rs kongehusekspert<\/p>\n<p>Hun fortsetter:<\/p>\n<p class=\"font-weight-bold m-font-weight-bold\" data-lab-font_weight=\"font-weight-bold\">&#8211; N\u00e5r det butter, stiller de opp for hverandre. Det har de alltid gjort &#8211; og det blir ekstra tydelig n\u00e5.\u00a0<\/p>\n<p>        RIKSHOSPITALET: Etter at kong Harald ble innlagt p\u00e5 grunn av en infeksjon med bakterier i blodet, har kongefamilien kj\u00f8rt i skytteltrafikk til sykehuset. Foto: NTB \/ Se og H\u00f8r \/\/ Video: NTB \/ H\u00e5vard Bj\u00f8rnerem \/\/ Reporter: Caroline Vagle<\/p>\n<p class=\"font-weight-light m-font-weight-light\" data-lab-font_weight=\"font-weight-light\">Vagle forklarer videre at prinsesse M\u00e4rtha Louise trolig er hos sin nyopererte ektemann.\u00a0<\/p>\n<p class=\"font-weight-bold m-font-weight-bold\" data-lab-font_weight=\"font-weight-bold\">&#8211; Men Haakon og Mette-Marit vet hva det vil si \u00e5 st\u00e5 i alvorlig sykdom og usikkerhet. De vet ogs\u00e5 hvor viktig det er \u00e5 ha sine n\u00e6rmeste rundt seg. I slike \u00f8yeblikk blir det tydelig hva som egentlig betyr noe. Familie!\u00a0<\/p>\n<p>        <img loading=\"lazy\" decoding=\"async\" src=\"https:\/\/www.europesays.com\/no\/wp-content\/uploads\/2026\/08\/85067122.webp\" width=\"667\" height=\"681\" alt=\"\" class=\"\" style=\"--aspect-ratio-image: 0.98; \"\/><\/p>\n<p>\n        NYOPERERT: Onsdag ettermiddag ble det kjent at Durek Verrett har gjennomg\u00e5tt en nyretransplantasjon. Samme kveld delte Durek dette bildet sammen med venn og \u00abOlsenbanden\u00bb-stjerne Lars Berteig Andersen. Foto: Skjermbilde: @larsberteigandersen \/ shamandurek \/ Instagram\n    <\/p>\n<p>Innlagt over lengre tid\u00a0\t<\/p>\n<p>Kong Harald har n\u00e5 v\u00e6rt innlagt p\u00e5 Rikshospitalet i ni dager.<\/p>\n<p>Kongen ble f\u00f8rst lagt inn etter at han hadde f\u00e5tt v\u00e6skeansamling i kroppen. Dette ble knyttet til kortisonbehandling han hadde f\u00e5tt for blodsykdommen hemolytisk anemi.<\/p>\n<p>        Kronprins Haakon st\u00e5r alene p\u00e5 slottsbalkongen for \u00e5 overv\u00e6re Gardens oppvisning \/\/ Foto: Shad Madian\/ Se og H\u00f8r, NTB \/\/ Stemme: AI \/\/ Klipp: Nico Aagaard<\/p>\n<p>Hemolytisk anemi inneb\u00e6rer at r\u00f8de blodceller brytes ned raskere enn normalt, noe som kan f\u00f8re til blodmangel.<\/p>\n<p class=\"font-weight-bold m-font-weight-bold\" data-lab-font_weight=\"font-weight-bold\">I l\u00f8pet av helgen ble kongens helsetilstand forverret.<\/p>\n<p>        <img loading=\"lazy\" decoding=\"async\" src=\"https:\/\/www.europesays.com\/no\/wp-content\/uploads\/2026\/08\/85067058.webp\" width=\"667\" height=\"527\" alt=\"\" class=\"\" style=\"--aspect-ratio-image: 1.27; \"\/><\/p>\n<p>\n        ALVORLIG SYK: Det er uvisst hvor lenge kongen skal v\u00e6re innlagt p\u00e5 Rikshospitalet. Foto: NTB\n    <\/p>\n<p>Slottet opplyste da at det var p\u00e5vist en bakterieinfeksjon i blodet. Kong Harald ble satt p\u00e5 antibiotikabehandling.<\/p>\n<p>If\u00f8lge Slottets siste oppdatering er det ingen vesentlige endringer i kongens tilstand, og situasjonen beskrives som stabil.<\/p>\n<p>Kongen er fortsatt sykmeldt, og kronprinsen fungerer som regent mens faren er sykmeldt.\u00a0<\/p>\n<p>Mens kong Harald har v\u00e6rt innlagt,<a href=\"https:\/\/www.seher.no\/kongelig\/slar-ring-om-kongen\/85051104\" rel=\"nofollow noopener\" target=\"_blank\"> har flere av de n\u00e6rmeste v\u00e6rt p\u00e5 bes\u00f8k.<\/a> Kronprins Haakon og kronprinsesse Mette-Marit har flere ganger v\u00e6rt innom, og det samme har dronning Sonja.<\/p>\n<p>        <img loading=\"lazy\" decoding=\"async\" src=\"https:\/\/www.europesays.com\/no\/wp-content\/uploads\/2026\/08\/85067066.webp\" width=\"667\" height=\"561\" alt=\"\" class=\"\" style=\"--aspect-ratio-image: 1.19; \"\/><\/p>\n<p>\n        P\u00c5 BES\u00d8K: Kronprins Haakon, kronprinsesse Mette-Marit og prins Sverre Magnus p\u00e5 vei inn til Rikshospitalet. Foto: Se og H\u00f8r\n    <\/p>\n<p>Ogs\u00e5 prinsesse Ingrid Alexandra, prinsesse Astrid (94), prinsesse M\u00e4rtha Louise, Leah Behn, prins Sverre Magnus og Maud Angelica Behn har v\u00e6rt p\u00e5 Rikshospitalet for \u00e5 bes\u00f8ke kongen.<\/p>\n","protected":false},"excerpt":{"rendered":"Kronprinsparet Mens kong Harald fortsatt er innlagt p\u00e5 Rikshospitalet, samlet flere av kongefamiliens medlemmer seg onsdag kveld.\u00a0 FAMILIESAMLING:&hellip;\n","protected":false},"author":2,"featured_media":335452,"comment_status":"","ping_status":"","sticky":false,"template":"","format":"standard","meta":{"footnotes":"","_share_on_mastodon":"0"},"categories":[5],"tags":[20,21,4104,5803,24,25,15,19,2590,76,1764,2293,22,23,4447,5804,17,18,5805,13,30,28,29,14,16,402,26,27],"class_list":["post-335451","post","type-post","status-publish","format-standard","has-post-thumbnail","category-overskrifter","tag-breaking-news","tag-breakingnews","tag-eksklusivt","tag-emma-tallulah-behn","tag-featured-news","tag-featurednews","tag-headlines","tag-hovedoppslag","tag-kong-harald","tag-kongelig","tag-kronprins-haakon","tag-kronprinsesse-mette-marit","tag-latest-news","tag-latestnews","tag-leah-behn","tag-leah-isadora-behn","tag-main-news","tag-mainnews","tag-maud-angelica-behn","tag-news","tag-no","tag-norge","tag-norway","tag-nyheter","tag-overskrifter","tag-prins-sverre-magnus","tag-top-stories","tag-topstories"],"share_on_mastodon":{"url":"https:\/\/pubeurope.com\/@no\/117166356470736781","error":""},"_links":{"self":[{"href":"https:\/\/www.europesays.com\/no\/wp-json\/wp\/v2\/posts\/335451","targetHints":{"allow":["GET"]}}],"collection":[{"href":"https:\/\/www.europesays.com\/no\/wp-json\/wp\/v2\/posts"}],"about":[{"href":"https:\/\/www.europesays.com\/no\/wp-json\/wp\/v2\/types\/post"}],"author":[{"embeddable":true,"href":"https:\/\/www.europesays.com\/no\/wp-json\/wp\/v2\/users\/2"}],"replies":[{"embeddable":true,"href":"https:\/\/www.europesays.com\/no\/wp-json\/wp\/v2\/comments?post=335451"}],"version-history":[{"count":0,"href":"https:\/\/www.europesays.com\/no\/wp-json\/wp\/v2\/posts\/335451\/revisions"}],"wp:featuredmedia":[{"embeddable":true,"href":"https:\/\/www.europesays.com\/no\/wp-json\/wp\/v2\/media\/335452"}],"wp:attachment":[{"href":"https:\/\/www.europesays.com\/no\/wp-json\/wp\/v2\/media?parent=335451"}],"wp:term":[{"taxonomy":"category","embeddable":true,"href":"https:\/\/www.europesays.com\/no\/wp-json\/wp\/v2\/categories?post=335451"},{"taxonomy":"post_tag","embeddable":true,"href":"https:\/\/www.europesays.com\/no\/wp-json\/wp\/v2\/tags?post=335451"}],"curies":[{"name":"wp","href":"https:\/\/api.w.org\/{rel}","templated":true}]}}