{"id":335519,"date":"2026-08-27T09:02:14","date_gmt":"2026-08-27T09:02:14","guid":{"rendered":"https:\/\/www.europesays.com\/no\/335519\/"},"modified":"2026-08-27T09:02:14","modified_gmt":"2026-08-27T09:02:14","slug":"norgespris-blir-gjenkjennelig-ogsa-neste-ar-sier-store","status":"publish","type":"post","link":"https:\/\/www.europesays.com\/no\/335519\/","title":{"rendered":"Norgespris blir gjenkjennelig ogs\u00e5 neste \u00e5r, sier St\u00f8re"},"content":{"rendered":"\n<p class=\"_lead_145nj_2 _lead_6fko5_53 layout-component text-serif-m layout-normal text-serif-l layout-component layout-wide layout-padded _wide_17hqh_1 layout-padded\">Regjeringen m\u00f8tes i dag til budsjettkonferanse. Neste \u00e5rs statsbudsjett m\u00e5 svare p\u00e5 en krevende tid, sier statsministeren.<\/p>\n<p><img alt=\"Statsminister Jonas Gahr St\u00f8re (Ap) og finansminister Jens Stoltenberg (Ap) og regjeringen samles til budsjettkonferanse p\u00e5 Statsministerens kontor.  Foto: Ole Berg-Rusten \/ NTB\" class=\"_image_jw3bv_65 layout-component layout-wide\" data-fullscreen- data-track-element-type=\"Article image fullscreen\" data-track-name=\"ImageFullscreen\" fetchpriority=\"high\" decoding=\"sync\" loading=\"eager\" height=\"5760\" itemprop=\"image\"  src=\"https:\/\/www.europesays.com\/no\/wp-content\/uploads\/2026\/08\/db95c9ba-64ab-339b-a105-fda9d236377f.jpeg\"  style=\"object-position:0% 0%\" width=\"8640\"\/>Statsminister Jonas Gahr St\u00f8re (Ap) og finansminister Jens Stoltenberg (Ap) og regjeringen samles til budsjettkonferanse p\u00e5 Statsministerens kontor.  Foto: Ole Berg-Rusten \/ NTB<\/p>\n<ul aria-hidden=\"true\" class=\"_images_ntbth_112\">\n<li><a class=\"_link_ntbth_117\" href=\"https:\/\/www.vg.no\/forfatter\/ntb\" style=\"z-index:1\" title=\"NTB\" rel=\"nofollow noopener\" target=\"_blank\"><img alt=\"Bilde av NTB\" class=\"_image_ntbth_93\" fetchpriority=\"low\" loading=\"lazy\" decoding=\"async\" itemprop=\"image\"  src=\"https:\/\/www.europesays.com\/no\/wp-content\/uploads\/2026\/08\/1787821334_271_c33980b0-5d07-4027-84a1-813f90a7c8d6.jpeg\"  width=\"480\"\/><\/a><\/li>\n<\/ul>\n<p> Oppdatert torsdag 27. august kl. 08:56     <\/p>\n<p class=\"_paragraph_145nj_4 _paragraph_6fko5_10 layout-component text-serif-m layout-normal text-serif-m layout-padded\">Statsminister Jonas Gahr St\u00f8re (Ap) trekker s\u00e6rlig fram lav barnehagepris, gratis skolefritidsordning og norgespris p\u00e5 str\u00f8m n\u00e5r han i dag m\u00f8tte pressen og innledet til regjeringens budsjettkonferanse.<\/p>\n<p class=\"_paragraph_145nj_4 _paragraph_6fko5_10 layout-component text-serif-m layout-normal text-serif-m layout-padded\">Norgespris blir gjenkjennelig, sier St\u00f8re.<\/p>\n<p class=\"_paragraph_145nj_4 _paragraph_6fko5_10 layout-component text-serif-m layout-normal text-serif-m layout-padded\">\u2013 Vi f\u00f8lger det opplegget som kom da norgespris ble annonsert, nemlig at vi hvert \u00e5r m\u00e5 gj\u00f8re en vurdering av hva som er riktig anslag for neste \u00e5r. Og n\u00e5 skal vi gj\u00f8re det for 2027.<\/p>\n<p class=\"_paragraph_145nj_4 _paragraph_6fko5_10 layout-component text-serif-m layout-normal text-serif-m layout-padded\">\u2013 Det blir et gjenkjennelig opplegg, svarer St\u00f8re p\u00e5 sp\u00f8rsm\u00e5l fra NTB om det blir endringer i norgespris neste \u00e5r.<\/p>\n<p class=\"_paragraph_145nj_4 _paragraph_6fko5_10 layout-component text-serif-m layout-normal text-serif-m layout-padded\">St\u00f8re sier neste \u00e5rs budsjett m\u00e5 svare p\u00e5 tiden vi lever i.<\/p>\n<p class=\"_paragraph_145nj_4 _paragraph_6fko5_10 layout-component text-serif-m layout-normal text-serif-m layout-padded\">\u2013 Budsjettet vil ha som sin hovedoppgave \u00e5 svare p\u00e5 dette knyttet til sikkerhet, beredskap, samfunnssikkerhet, sivil beredskap, sier St\u00f8re.<\/p>\n<p class=\"_paragraph_145nj_4 _paragraph_6fko5_10 layout-component text-serif-m layout-normal text-serif-m layout-padded\">Han sier samtidig at Norge har vekst i \u00f8konomien i motsetning til andre land i n\u00e6rheten, og viser videre til lav arbeidsledighet og god aktivitet i norsk n\u00e6ringsliv, industri og samfunnsliv.<\/p>\n<p class=\"_paragraph_145nj_4 _paragraph_6fko5_10 layout-component text-serif-m layout-normal text-serif-m layout-padded\">Fyllingsgrad hele landet. Sortert fra st\u00f8rst til minst kapasitet i magasinene. Den lilla streken er det fyllingsgraden normalt har v\u00e6rt p\u00e5 denne tiden av \u00e5ret (median).<\/p>\n","protected":false},"excerpt":{"rendered":"Regjeringen m\u00f8tes i dag til budsjettkonferanse. Neste \u00e5rs statsbudsjett m\u00e5 svare p\u00e5 en krevende tid, sier statsministeren. Statsminister&hellip;\n","protected":false},"author":2,"featured_media":335520,"comment_status":"","ping_status":"","sticky":false,"template":"","format":"standard","meta":{"footnotes":"","_share_on_mastodon":"0"},"categories":[10],"tags":[20,21,2812,24,25,15,22,23,13,30,28,3333,29,14,16,26,27],"class_list":["post-335519","post","type-post","status-publish","format-standard","has-post-thumbnail","category-norge","tag-breaking-news","tag-breakingnews","tag-budsjett","tag-featured-news","tag-featurednews","tag-headlines","tag-latest-news","tag-latestnews","tag-news","tag-no","tag-norge","tag-norgespris","tag-norway","tag-nyheter","tag-overskrifter","tag-top-stories","tag-topstories"],"share_on_mastodon":{"url":"https:\/\/pubeurope.com\/@no\/117166666693527830","error":""},"_links":{"self":[{"href":"https:\/\/www.europesays.com\/no\/wp-json\/wp\/v2\/posts\/335519","targetHints":{"allow":["GET"]}}],"collection":[{"href":"https:\/\/www.europesays.com\/no\/wp-json\/wp\/v2\/posts"}],"about":[{"href":"https:\/\/www.europesays.com\/no\/wp-json\/wp\/v2\/types\/post"}],"author":[{"embeddable":true,"href":"https:\/\/www.europesays.com\/no\/wp-json\/wp\/v2\/users\/2"}],"replies":[{"embeddable":true,"href":"https:\/\/www.europesays.com\/no\/wp-json\/wp\/v2\/comments?post=335519"}],"version-history":[{"count":0,"href":"https:\/\/www.europesays.com\/no\/wp-json\/wp\/v2\/posts\/335519\/revisions"}],"wp:featuredmedia":[{"embeddable":true,"href":"https:\/\/www.europesays.com\/no\/wp-json\/wp\/v2\/media\/335520"}],"wp:attachment":[{"href":"https:\/\/www.europesays.com\/no\/wp-json\/wp\/v2\/media?parent=335519"}],"wp:term":[{"taxonomy":"category","embeddable":true,"href":"https:\/\/www.europesays.com\/no\/wp-json\/wp\/v2\/categories?post=335519"},{"taxonomy":"post_tag","embeddable":true,"href":"https:\/\/www.europesays.com\/no\/wp-json\/wp\/v2\/tags?post=335519"}],"curies":[{"name":"wp","href":"https:\/\/api.w.org\/{rel}","templated":true}]}}