{"id":335765,"date":"2026-08-27T14:52:33","date_gmt":"2026-08-27T14:52:33","guid":{"rendered":"https:\/\/www.europesays.com\/no\/335765\/"},"modified":"2026-08-27T14:52:33","modified_gmt":"2026-08-27T14:52:33","slug":"nyheter-trafikk-malt-i-65-km-t-i-40-sonen","status":"publish","type":"post","link":"https:\/\/www.europesays.com\/no\/335765\/","title":{"rendered":"Nyheter, Trafikk | M\u00e5lt i 65 km\/t i 40-sonen"},"content":{"rendered":"\n<p>Politiet har i tidlig ettermiddag utf\u00f8rt en trafikkontroll p\u00e5 Fv2774 ved B\u00e6vergrendveien.<\/p>\n<p>Politiet ga fire f\u00f8rere reaksjoner. H\u00f8yeste hastighet skal ha blitt m\u00e5lt til 65 km\/t i 40-sonen.<\/p>\n<p>     iframe {<br \/>\n  width: 100% !important;<br \/>\n  height: 100% !important;<br \/>\n}<\/p>\n<p>.am-embed-ratio {<br \/>\n  position: relative;<br \/>\n  height: 0;<br \/>\n}<\/p>\n<p>.am-embed-error {<br \/>\n  color: #292827;<br \/>\n  background: #e7e6e2;<br \/>\n  padding: 10px 20px;<br \/>\n  line-height: 1.3em;<br \/>\n}<\/p>\n<p>amedia-smartembed-iframe {<br \/>\n  display: block;<br \/>\n}<\/p>\n<p>.am-embed-ratio.x-scroll {<br \/>\n  overflow-x: scroll;<br \/>\n}<\/p>\n<p>.am-embed-ratio.x-scroll iframe {<br \/>\n  min-width: 800px;<br \/>\n}<\/p>\n<p>.am-embed-ratio.x-scroll::-webkit-scrollbar {<br \/>\n  height: 8px;<br \/>\n}<\/p>\n<p>.am-embed-ratio.x-scroll::-webkit-scrollbar-track {<br \/>\n  margin: 0 10px;<br \/>\n  background-color: #eee;<br \/>\n  border-radius: 10px;<br \/>\n}<\/p>\n<p>.am-embed-ratio.x-scroll::-webkit-scrollbar-thumb {<br \/>\n  background-color: #484544;<br \/>\n  border-radius: 10px;<br \/>\n}<\/p>\n<p>amedia-smartembed iframe {<br \/>\n  border: none;<br \/>\n  width: 100%;<br \/>\n}<br \/>\n]]]]>]]><\/p>\n","protected":false},"excerpt":{"rendered":"Politiet har i tidlig ettermiddag utf\u00f8rt en trafikkontroll p\u00e5 Fv2774 ved B\u00e6vergrendveien. Politiet ga fire f\u00f8rere reaksjoner. H\u00f8yeste&hellip;\n","protected":false},"author":2,"featured_media":335766,"comment_status":"","ping_status":"","sticky":false,"template":"","format":"standard","meta":{"footnotes":"","_share_on_mastodon":"0"},"categories":[56],"tags":[36,60,61,62,30,28,29,14,468,1510,224],"class_list":["post-335765","post","type-post","status-publish","format-standard","has-post-thumbnail","category-naeringsliv","tag-art","tag-business","tag-economy","tag-naeringsliv","tag-no","tag-norge","tag-norway","tag-nyheter","tag-politiet","tag-story","tag-trafikk"],"share_on_mastodon":{"url":"https:\/\/pubeurope.com\/@no\/117168042543653284","error":""},"_links":{"self":[{"href":"https:\/\/www.europesays.com\/no\/wp-json\/wp\/v2\/posts\/335765","targetHints":{"allow":["GET"]}}],"collection":[{"href":"https:\/\/www.europesays.com\/no\/wp-json\/wp\/v2\/posts"}],"about":[{"href":"https:\/\/www.europesays.com\/no\/wp-json\/wp\/v2\/types\/post"}],"author":[{"embeddable":true,"href":"https:\/\/www.europesays.com\/no\/wp-json\/wp\/v2\/users\/2"}],"replies":[{"embeddable":true,"href":"https:\/\/www.europesays.com\/no\/wp-json\/wp\/v2\/comments?post=335765"}],"version-history":[{"count":0,"href":"https:\/\/www.europesays.com\/no\/wp-json\/wp\/v2\/posts\/335765\/revisions"}],"wp:featuredmedia":[{"embeddable":true,"href":"https:\/\/www.europesays.com\/no\/wp-json\/wp\/v2\/media\/335766"}],"wp:attachment":[{"href":"https:\/\/www.europesays.com\/no\/wp-json\/wp\/v2\/media?parent=335765"}],"wp:term":[{"taxonomy":"category","embeddable":true,"href":"https:\/\/www.europesays.com\/no\/wp-json\/wp\/v2\/categories?post=335765"},{"taxonomy":"post_tag","embeddable":true,"href":"https:\/\/www.europesays.com\/no\/wp-json\/wp\/v2\/tags?post=335765"}],"curies":[{"name":"wp","href":"https:\/\/api.w.org\/{rel}","templated":true}]}}