{"id":336141,"date":"2026-08-27T23:05:15","date_gmt":"2026-08-27T23:05:15","guid":{"rendered":"https:\/\/www.europesays.com\/no\/336141\/"},"modified":"2026-08-27T23:05:15","modified_gmt":"2026-08-27T23:05:15","slug":"habrann-pa-land-i-sorfold-nordland","status":"publish","type":"post","link":"https:\/\/www.europesays.com\/no\/336141\/","title":{"rendered":"H\u00e5brann p\u00e5 land i S\u00f8rfold, Nordland"},"content":{"rendered":"\n<ul class=\"_list_145nj_3 _list_64s2r_85 _unordered_145nj_106 text-sans-m\">\n<li class=\"_item_145nj_30\">En stor, blodig og livl\u00f8s h\u00e5brann ble funnet ved en familiehytte i S\u00f8rfold.<\/li>\n<li class=\"_item_145nj_30\">Minas lilles\u00f8ster delte bilde i familiechatten, men de trodde f\u00f8rst det var AI-generert.<\/li>\n<li class=\"_item_145nj_30\">Forsker mener haien ble dratt opp p\u00e5 land og har ligget der en stund.<\/li>\n<li class=\"_item_145nj_30\">Funnet skapte diskusjon om det blir bading denne sommeren.<\/li>\n<\/ul>\n<p>Vis mer <\/p>\n<p class=\"_paragraph_145nj_4 _paragraph_6fko5_10 layout-component text-serif-m layout-normal text-serif-m layout-padded\">\u2013 Jeg hadde ikke trodd at det kunne v\u00e6re en s\u00e5 stor hai s\u00e5 n\u00e6rt land, sier Norah Helene Eilertsen (20) til VG.<\/p>\n<p class=\"_paragraph_145nj_4 _paragraph_6fko5_10 layout-component text-serif-m layout-normal text-serif-m layout-padded\">Det uvanlige funnet ble gjort ved Straumen i <a href=\"https:\/\/www.vg.no\/tag\/soerfold?utm_source=vg-article&amp;utm_medium=auto-tagger&amp;utm_campaign=K8qB1o\" class=\"_link_145nj_39\" rel=\"nofollow noopener\" target=\"_blank\">S\u00f8rfold<\/a>, nord for Bod\u00f8.<\/p>\n<p class=\"_paragraph_145nj_4 _paragraph_6fko5_10 layout-component text-serif-m layout-normal text-serif-m layout-padded\">Mina Othelie \u00d8wre (21) har tilbrakt mange somre p\u00e5 familiehytta og badet i sj\u00f8en like ved. Men noe lignende har hun aldri sett.<\/p>\n<p>   \u2013 Trodde det var AI<\/p>\n<p class=\"_paragraph_145nj_4 _paragraph_6fko5_10 layout-component text-serif-m layout-normal text-serif-m layout-padded\">Det hele startet da Minas lilles\u00f8ster sendte et bilde av haien i familiens gruppechat.<\/p>\n<p class=\"_paragraph_145nj_4 _paragraph_6fko5_10 layout-component text-serif-m layout-normal text-serif-m layout-padded\">\u2013 Jeg trodde jo ikke p\u00e5 det. Jeg tenkte at bildet var AI-generert, forteller Mina.<\/p>\n<p class=\"_paragraph_145nj_4 _paragraph_6fko5_10 layout-component text-serif-m layout-normal text-serif-m layout-padded\">Hun ringte venninnen Nora, som var minst like skeptisk.<\/p>\n<p class=\"_paragraph_145nj_4 _paragraph_6fko5_10 layout-component text-serif-m layout-normal text-serif-m layout-padded\">\u2013 Jeg sa: \u00abNei, det tror jeg ikke p\u00e5\u00bb, sier hun<\/p>\n<p><img alt=\"Foto: Privat\" class=\"_image_jw3bv_65 layout-component layout-normal\" data-fullscreen- data-track-element-type=\"Article image fullscreen\" data-track-name=\"ImageFullscreen\" decoding=\"async\" loading=\"lazy\" height=\"2268\" itemprop=\"image\"  src=\"https:\/\/www.europesays.com\/no\/wp-content\/uploads\/2026\/08\/6fdc63c9-95b8-3327-955d-fbbe994b09c4.jpeg\"  style=\"object-position:0% 0%\" width=\"3024\"\/>Foto: Privat<\/p>\n<p class=\"_paragraph_145nj_4 _paragraph_6fko5_10 layout-component text-serif-m layout-normal text-serif-m layout-padded\">Venninnen m\u00e5tte derfor ned til hytta for \u00e5 sjekke med egne \u00f8yne. <\/p>\n<p class=\"_paragraph_145nj_4 _paragraph_6fko5_10 layout-component text-serif-m layout-normal text-serif-m layout-padded\">\u2013 Den var faktisk der. Jeg ble helt paff.<\/p>\n<p class=\"_paragraph_145nj_4 _paragraph_6fko5_10 layout-component text-serif-m layout-normal text-serif-m layout-padded\">Haien l\u00e5 livl\u00f8s ved vannkanten, med synlige skader og blod rundt seg.<\/p>\n<p class=\"_paragraph_145nj_4 _paragraph_6fko5_10 layout-component text-serif-m layout-normal text-serif-m layout-padded\">\u2013 Den var jo stor. Og s\u00e5 syntes vi synd p\u00e5 den. Den kan jo ikke ha hatt det noe bra, sier Mina.<\/p>\n<p>Forsker: \u2013 H\u00e5brann<\/p>\n<p class=\"_paragraph_145nj_4 _paragraph_6fko5_10 layout-component text-serif-m layout-normal text-serif-m layout-padded\">Forsker Otte Bjelland ved Havforskningsinstituttet har sett bildene.<\/p>\n<p class=\"_paragraph_145nj_4 _paragraph_6fko5_10 layout-component text-serif-m layout-normal text-serif-m layout-padded\">Han er ikke i tvil om arten:<\/p>\n<p class=\"_paragraph_145nj_4 _paragraph_6fko5_10 layout-component text-serif-m layout-normal text-serif-m layout-padded\">\u2013 Det er h\u00e5brann, sier han til VG. <\/p>\n<p><img decoding=\"async\" alt=\"Bilde av Otte Bjelland\" class=\"_image_148z4_25\" height=\"38\" itemprop=\"image\" loading=\"lazy\"  src=\"https:\/\/www.europesays.com\/no\/wp-content\/uploads\/2026\/08\/6a448316-5c90-38a1-9643-59eb18a902ce.jpeg\"  width=\"40\"\/><strong class=\"_name_148z4_34 title-serif-xs\">Otte Bjelland<\/strong><\/p>\n<p class=\"_paragraph_145nj_4 text-sans-m _description_148z4_39\">Forsker<\/p>\n<p class=\"_paragraph_145nj_4 _paragraph_6fko5_10 layout-component text-serif-m layout-normal text-serif-m layout-padded\">Bjelland mener ogs\u00e5 at haien m\u00e5 ha blitt dratt opp p\u00e5 land.<\/p>\n<p class=\"_paragraph_145nj_4 _paragraph_6fko5_10 layout-component text-serif-m layout-normal text-serif-m layout-padded\">\u2013 Den er uten tvil dratt opp p\u00e5 land. Det virker litt rart, rett og slett.<\/p>\n<p class=\"_paragraph_145nj_4 _paragraph_6fko5_10 layout-component text-serif-m layout-normal text-serif-m layout-padded\">Hvor lenge den har ligget der, er vanskeligere \u00e5 sl\u00e5 fast.<\/p>\n<p class=\"_paragraph_145nj_4 _paragraph_6fko5_10 layout-component text-serif-m layout-normal text-serif-m layout-padded\">\u2013 Den ser t\u00f8rr ut i skinnet, s\u00e5 den har nok ligget en stund. Samtidig er det friskt blod der. Kanskje en dag.<\/p>\n<p class=\"_paragraph_145nj_4 _paragraph_6fko5_10 layout-component text-serif-m layout-normal text-serif-m layout-padded\">H\u00e5brann er ikke ukjent i omr\u00e5det. If\u00f8lge Bjelland har Havforskningsinstituttet f\u00e5tt flere meldinger om arten denne sommeren.<\/p>\n<p class=\"_paragraph_145nj_4 _paragraph_6fko5_10 layout-component text-serif-m layout-normal text-serif-m layout-padded\">\u2013 Vi ser gjennom meldinger fra publikum at det er hyppige tilfeller der folk f\u00e5r h\u00e5brann n\u00e5r de fisker.<\/p>\n<p class=\"_paragraph_145nj_4 _paragraph_6fko5_10 layout-component text-serif-m layout-normal layout-padded\"><strong class=\"_strong_145nj_25\">Les ogs\u00e5:<\/strong> <a href=\"https:\/\/www.vg.no\/i\/abeGOL\" data-track-element-type=\"Link\" data-track-id=\"link:abeGOL\" class=\"_link_145nj_39\" rel=\"nofollow noopener\" target=\"_blank\">Jakter p\u00e5 brugde: Haifeber i Nord-Norge<\/a><\/p>\n<p>\u2013 Sp\u00f8rs om det blir noe bading<\/p>\n<p class=\"_paragraph_145nj_4 _paragraph_6fko5_10 layout-component text-serif-m layout-normal text-serif-m layout-padded\">For Mina var det likevel et sv\u00e6rt uvanlig syn.<\/p>\n<p class=\"_paragraph_145nj_4 _paragraph_6fko5_10 layout-component text-serif-m layout-normal text-serif-m layout-padded\">\u2013 Vi har v\u00e6rt der mange somre og badet, men vi har aldri sett noen hai.<\/p>\n<p class=\"_paragraph_145nj_4 _paragraph_6fko5_10 layout-component text-serif-m layout-normal text-serif-m layout-padded\">Funnet har allerede skapt diskusjon i familiechatten.<\/p>\n<p class=\"_paragraph_145nj_4 _paragraph_6fko5_10 layout-component text-serif-m layout-normal text-serif-m layout-padded\">\u2013 Vi snakket faktisk om at det sp\u00f8rs om det blir noe bading n\u00e5.<\/p>\n<p><img alt=\"Foto: Privat\" class=\"_image_jw3bv_65 layout-component layout-normal\" data-fullscreen- data-track-element-type=\"Article image fullscreen\" data-track-name=\"ImageFullscreen\" decoding=\"async\" loading=\"lazy\" height=\"878\" itemprop=\"image\"  src=\"https:\/\/www.europesays.com\/no\/wp-content\/uploads\/2026\/08\/48326fc9-4e15-319d-abb4-d0da2e1f3b06.jpeg\"  style=\"object-position:0% 0%\" width=\"1560\"\/>Foto: Privat<\/p>\n<p class=\"_paragraph_145nj_4 _paragraph_6fko5_10 layout-component text-serif-m layout-normal text-serif-m layout-padded\">H\u00e5brannen er i samme familie som hvithaien, men Bjelland beskriver f\u00f8rst og fremst arten som fascinerende.<\/p>\n<p class=\"_paragraph_145nj_4 _paragraph_6fko5_10 layout-component text-serif-m layout-normal text-serif-m layout-padded\">\u2013 Den er varmblodig og har fascinerende muligheter til \u00e5 bevege seg raskt og forflytte seg langt. Det er en skikkelig spennende art \u00e5 jobbe med.<\/p>\n<p class=\"_paragraph_145nj_4 _paragraph_6fko5_10 layout-component text-serif-m layout-normal text-serif-m layout-padded\">Det er fortsatt mye forskerne ikke vet om h\u00e5brannen.<\/p>\n<p class=\"_paragraph_145nj_4 _paragraph_6fko5_10 layout-component text-serif-m layout-normal text-serif-m layout-padded\">\u2013 Vi har veldig lite kunnskap og data om den. Vi begynner \u00e5 f\u00e5 kunnskap om vandringen, hva den gj\u00f8r her og hvilke tider den er her.<\/p>\n<p class=\"_paragraph_145nj_4 _paragraph_6fko5_10 layout-component text-serif-m layout-normal text-serif-m layout-padded\">Havforskningsinstituttet forsker nettopp p\u00e5 h\u00e5brannens bevegelser, blant annet gjennom satellittmerking. Bjelland har selv deltatt i merkingen av arten i Nord-Norge.<\/p>\n<p class=\"_paragraph_145nj_4 _paragraph_6fko5_10 layout-component text-serif-m layout-normal layout-padded\"><strong class=\"_strong_145nj_25\">Les ogs\u00e5:<\/strong> <a href=\"https:\/\/www.vg.no\/i\/OklPwl\" data-track-element-type=\"Link\" data-track-id=\"link:OklPwl\" class=\"_link_145nj_39\" rel=\"nofollow noopener\" target=\"_blank\">Arve (56) fikk uvanlig fangst: \u2013 Under minstem\u00e5let<\/a><\/p>\n<p>\u2013 Virker litt un\u00f8dvendig<\/p>\n<p class=\"_paragraph_145nj_4 _paragraph_6fko5_10 layout-component text-serif-m layout-normal text-serif-m layout-padded\">Venninnene lurte p\u00e5 om haien kunne ha havnet i et fiskegarn f\u00f8r den endte p\u00e5 land.<\/p>\n<p class=\"_paragraph_145nj_4 _paragraph_6fko5_10 layout-component text-serif-m layout-normal text-serif-m layout-padded\">Bjelland sier at Havforskningsinstituttet fra tid til annen ser tilfeller der h\u00e5brann blir fanget i fiskeredskap og tatt med p\u00e5 land.<\/p>\n<p class=\"_paragraph_145nj_4 _paragraph_6fko5_10 layout-component text-serif-m layout-normal text-serif-m layout-padded\">Hvis haien allerede er d\u00f8d, mener han det er bedre \u00e5 bruke den enn \u00e5 etterlate den.<\/p>\n<p class=\"_paragraph_145nj_4 _paragraph_6fko5_10 layout-component text-serif-m layout-normal text-serif-m layout-padded\">\u2013 Hvis du f\u00e5r den d\u00f8d i et garn, og tar den med deg til land, bruk den til mat i stedet for \u00e5 la den ligge der. Det virker litt un\u00f8dvendig.<\/p>\n<p class=\"_paragraph_145nj_4 _paragraph_6fko5_10 layout-component text-serif-m layout-normal text-serif-m layout-padded\">For h\u00e5brann er spiselig.<\/p>\n<p class=\"_paragraph_145nj_4 _paragraph_6fko5_10 layout-component text-serif-m layout-normal text-serif-m layout-padded\">\u2013 Ja, det er den.<\/p>\n","protected":false},"excerpt":{"rendered":"En stor, blodig og livl\u00f8s h\u00e5brann ble funnet ved en familiehytte i S\u00f8rfold. Minas lilles\u00f8ster delte bilde i&hellip;\n","protected":false},"author":2,"featured_media":336142,"comment_status":"","ping_status":"","sticky":false,"template":"","format":"standard","meta":{"footnotes":"","_share_on_mastodon":"0"},"categories":[10],"tags":[20,21,1279,24,25,4567,15,22,23,13,30,28,29,14,16,833,26,27],"class_list":["post-336141","post","type-post","status-publish","format-standard","has-post-thumbnail","category-norge","tag-breaking-news","tag-breakingnews","tag-dyr","tag-featured-news","tag-featurednews","tag-hai","tag-headlines","tag-latest-news","tag-latestnews","tag-news","tag-no","tag-norge","tag-norway","tag-nyheter","tag-overskrifter","tag-sorfold","tag-top-stories","tag-topstories"],"share_on_mastodon":{"url":"https:\/\/pubeurope.com\/@no\/117169981369771229","error":""},"_links":{"self":[{"href":"https:\/\/www.europesays.com\/no\/wp-json\/wp\/v2\/posts\/336141","targetHints":{"allow":["GET"]}}],"collection":[{"href":"https:\/\/www.europesays.com\/no\/wp-json\/wp\/v2\/posts"}],"about":[{"href":"https:\/\/www.europesays.com\/no\/wp-json\/wp\/v2\/types\/post"}],"author":[{"embeddable":true,"href":"https:\/\/www.europesays.com\/no\/wp-json\/wp\/v2\/users\/2"}],"replies":[{"embeddable":true,"href":"https:\/\/www.europesays.com\/no\/wp-json\/wp\/v2\/comments?post=336141"}],"version-history":[{"count":0,"href":"https:\/\/www.europesays.com\/no\/wp-json\/wp\/v2\/posts\/336141\/revisions"}],"wp:featuredmedia":[{"embeddable":true,"href":"https:\/\/www.europesays.com\/no\/wp-json\/wp\/v2\/media\/336142"}],"wp:attachment":[{"href":"https:\/\/www.europesays.com\/no\/wp-json\/wp\/v2\/media?parent=336141"}],"wp:term":[{"taxonomy":"category","embeddable":true,"href":"https:\/\/www.europesays.com\/no\/wp-json\/wp\/v2\/categories?post=336141"},{"taxonomy":"post_tag","embeddable":true,"href":"https:\/\/www.europesays.com\/no\/wp-json\/wp\/v2\/tags?post=336141"}],"curies":[{"name":"wp","href":"https:\/\/api.w.org\/{rel}","templated":true}]}}