{"id":33617,"date":"2025-09-12T14:33:15","date_gmt":"2025-09-12T14:33:15","guid":{"rendered":"https:\/\/www.europesays.com\/no\/33617\/"},"modified":"2025-09-12T14:33:15","modified_gmt":"2025-09-12T14:33:15","slug":"sover-i-spesialbygget-seng-med-fire-kjaerester","status":"publish","type":"post","link":"https:\/\/www.europesays.com\/no\/33617\/","title":{"rendered":"sover i spesialbygget seng med fire kj\u00e6rester"},"content":{"rendered":"<p class=\"kicker \" style=\"\">Ne-Yo:\u00a0<\/p>\n<p>  Mens andre krangler om plass i dobbeltsenga, har Ne-Yo g\u00e5tt til innkj\u00f8p av en \u00abAlaskan King\u00bb-seng for \u00e5 dele med sine fire kj\u00e6rester.<\/p>\n<p>\n    KJ\u00c6RLIGHETSPYRAMIDE: Ne-Yo lever i et polyamor\u00f8st forhold med fire kj\u00e6rester. Han omtaler dem som sine \u00abkoner\u00bb, og har f\u00e5tt bygget en enorm seng for \u00e5 f\u00e5 plass til alle. Foto: Instagram \/ @ne-yo\n  <\/p>\n<p>Den amerikanske artisten Ne-Yo, hvis ekte navn er Shaffer Chimere Smith (45), har den siste tida levd i et polyamor\u00f8st forhold.<\/p>\n<p>    <a itemprop=\"url\" href=\"https:\/\/www.seher.no\/kjendis\/utroskapsanklager-atte-ar-med-logner-og-bedrag\/76770785\" rel=\"nofollow noopener\" target=\"_blank\"><\/p>\n<p>      <img loading=\"lazy\" decoding=\"async\" src=\"https:\/\/www.europesays.com\/no\/wp-content\/uploads\/2025\/09\/76770790.webp\" width=\"980\" height=\"441\" title=\"Utroskapsanklager: \u00ab\u00c5tte \u00e5r med l\u00f8gner og bedrag\u00bb\" alt=\"\" class=\"lazyload\" style=\"--aspect-ratio-image: 2.22; \"\/><\/p>\n<p>        Utroskapsanklager: \u00ab\u00c5tte \u00e5r med l\u00f8gner og bedrag\u00bb<\/p>\n<p>    <\/a><\/p>\n<p> Artisten, som tidligere var gift med Crystal Renay Williams fra 2016 til 2023, er nemlig i et polyamor\u00f8st forhold med fire kvinner.<\/p>\n<p>Spesialbygget seng\t<\/p>\n<p>De fire kvinnene, Cristina, som han kaller \u00abPretty Baby\u00bb, Arielle Hill, som g\u00e5r under navnet \u00abTwin Flame\u00bb, Moneii, som han kaller \u00abPhoenix Feather\u00bb, og Brionna Williams, som han kaller \u00abSexy Lil\u2019 Somethin\u2019\u00bb, har alle faste roller i artistens liv.<\/p>\n<p>          <img loading=\"lazy\" decoding=\"async\" src=\"https:\/\/www.europesays.com\/no\/wp-content\/uploads\/2025\/09\/83582411.webp\" width=\"686\" height=\"522\" title=\"FIRKL\u00d8VER: (F.v.) \u00abPhoenix Feather\u00bb, \u00abSexy Lil' Somethin'\u00bb, \u00abTwin Flame\u00bb og \u00abPretty Baby\u00bb er alle i et forhold med 45-\u00e5ringen. Foto: Instagram \/ @moon4thestar\" alt=\"\" class=\"\" style=\"--aspect-ratio-image: 1.31; \"\/><\/p>\n<p>\n          FIRKL\u00d8VER: (F.v.) \u00abPhoenix Feather\u00bb, \u00abSexy Lil&#8217; Somethin&#8217;\u00bb, \u00abTwin Flame\u00bb og \u00abPretty Baby\u00bb er alle i et forhold med 45-\u00e5ringen. Foto: Instagram \/ @moon4thestar\n      <\/p>\n<p>Selv om han ikke er lovlig gift med noen av dem, omtaler han dem som konene sine.\u00a0<\/p>\n<p>For \u00e5 f\u00e5 plass til det uvanlige oppsettet har den Grammy-vinnende artisten f\u00e5tt spesialbygget en enorm Alaskan King-seng.\u00a0<\/p>\n<p>    <a itemprop=\"url\" href=\"https:\/\/www.seher.no\/kjendis\/trodde-jeg-var-lesbisk\/83581023\" rel=\"nofollow noopener\" target=\"_blank\"><\/p>\n<p>      <img loading=\"lazy\" decoding=\"async\" src=\"https:\/\/www.europesays.com\/no\/wp-content\/uploads\/2025\/09\/1757687595_693_83580761.webp\" width=\"980\" height=\"441\" title=\"- Trodde jeg var lesbisk\" alt=\"\" class=\"lazyload\" style=\"--aspect-ratio-image: 2.22; \"\/><\/p>\n<p>        &#8211; Trodde jeg var lesbisk<\/p>\n<p>    <\/a><\/p>\n<p>Den er p\u00e5 274 cm x 274 cm, omtrent dobbelt s\u00e5 stort som en tradisjonell California king.\u00a0<\/p>\n<p class=\"font-weight-bold m-font-weight-bold\" data-lab-font_weight=\"font-weight-bold\">&#8211;\u00a0 Du m\u00e5 f\u00e5 den laget p\u00e5 bestilling, forklarte artisten nylig under en <a href=\"https:\/\/www.youtube.com\/watch?v=P9zEMJRUgIQ\" rel=\"nofollow noopener\" target=\"_blank\">direktestr\u00f8m<\/a> med\u00a0Twitch-profilen Kai Cenat (23).<\/p>\n<p>Kaller dem \u00abpyramiden\u00bb\t<\/p>\n<p> Han introduserte forholdet til offentligheten i mars, da han la ut et innlegg p\u00e5 Instagram hvor han kalte de fire kvinnene for \u00abpyramiden\u00bb sin.<\/p>\n<p>Han\u00a0understreker at n\u00f8kkelen til \u00e5 f\u00e5 et slikt forhold til \u00e5 fungere er kommunikasjon, og forteller at de fire kvinnene er sv\u00e6rt forskjellige.\u00a0<\/p>\n<p>&#8211; En av dem er mye mer seri\u00f8s enn de andre, hvis jeg glemmer noe i huset s\u00e5 har hun det med. En annen ler jeg med hele tiden og alt er morsomt hele tiden, sier artisten til Cenat fortsetter:\u00a0<\/p>\n<p>&#8211; En vet jeg alltid kommer til \u00e5 forsvare meg, hun hadde sloss for meg hvis jeg ble angrepet. Den siste er musen min, hun danser og er artist. S\u00e5 alle har hver sin greie.\u00a0<\/p>\n<p>        IRRITERT: Cristian Brennhovd liker d\u00e5rlig \u00e5 bli satt p\u00e5 plass av AnneMa Juvali i \u00abNorges dummeste\u00bb. Video: TV 2 \/ R\u00f8d L\u00f8per<\/p>\n<p> Han har tidligere fortalt at kj\u00e6restenene selv ba om eksklusivitet til ham, men at det ikke betyr at han m\u00e5 gi det samme tilbake. <\/p>\n<p>&#8211; Da jeg ble sammen med disse kvinnene, ba jeg dem ikke om \u00e5 v\u00e6re eksklusive. De kom til meg og sa at de \u00f8nsket \u00e5 v\u00e6re det. Jeg svarte: \u00abDu forst\u00e5r at din eksklusivitet til meg ikke betyr at jeg er eksklusiv til deg. Er du komfortabel med det?\u00bb, fortalte han i podkasten <a href=\"https:\/\/www.youtube.com\/watch?v=uRkdWIgZf0U\" rel=\"nofollow noopener\" target=\"_blank\">\u00abThe Angie Martinez Show\u00bb<\/a> i april.\u00a0<\/p>\n","protected":false},"excerpt":{"rendered":"Ne-Yo:\u00a0 Mens andre krangler om plass i dobbeltsenga, har Ne-Yo g\u00e5tt til innkj\u00f8p av en \u00abAlaskan King\u00bb-seng for&hellip;\n","protected":false},"author":2,"featured_media":33618,"comment_status":"","ping_status":"","sticky":false,"template":"","format":"standard","meta":{"footnotes":""},"categories":[59],"tags":[479,2543,5375,30,28,29,5374,83,82],"class_list":{"0":"post-33617","1":"post","2":"type-post","3":"status-publish","4":"format-standard","5":"has-post-thumbnail","7":"category-sport","8":"tag-kjendis","9":"tag-kjendisdesken","10":"tag-ne-yo","11":"tag-no","12":"tag-norge","13":"tag-norway","14":"tag-polyamoros","15":"tag-sport","16":"tag-sports"},"share_on_mastodon":{"url":"","error":""},"_links":{"self":[{"href":"https:\/\/www.europesays.com\/no\/wp-json\/wp\/v2\/posts\/33617","targetHints":{"allow":["GET"]}}],"collection":[{"href":"https:\/\/www.europesays.com\/no\/wp-json\/wp\/v2\/posts"}],"about":[{"href":"https:\/\/www.europesays.com\/no\/wp-json\/wp\/v2\/types\/post"}],"author":[{"embeddable":true,"href":"https:\/\/www.europesays.com\/no\/wp-json\/wp\/v2\/users\/2"}],"replies":[{"embeddable":true,"href":"https:\/\/www.europesays.com\/no\/wp-json\/wp\/v2\/comments?post=33617"}],"version-history":[{"count":0,"href":"https:\/\/www.europesays.com\/no\/wp-json\/wp\/v2\/posts\/33617\/revisions"}],"wp:featuredmedia":[{"embeddable":true,"href":"https:\/\/www.europesays.com\/no\/wp-json\/wp\/v2\/media\/33618"}],"wp:attachment":[{"href":"https:\/\/www.europesays.com\/no\/wp-json\/wp\/v2\/media?parent=33617"}],"wp:term":[{"taxonomy":"category","embeddable":true,"href":"https:\/\/www.europesays.com\/no\/wp-json\/wp\/v2\/categories?post=33617"},{"taxonomy":"post_tag","embeddable":true,"href":"https:\/\/www.europesays.com\/no\/wp-json\/wp\/v2\/tags?post=33617"}],"curies":[{"name":"wp","href":"https:\/\/api.w.org\/{rel}","templated":true}]}}