{"id":336429,"date":"2026-08-28T08:32:21","date_gmt":"2026-08-28T08:32:21","guid":{"rendered":"https:\/\/www.europesays.com\/no\/336429\/"},"modified":"2026-08-28T08:32:21","modified_gmt":"2026-08-28T08:32:21","slug":"mercedes-benz-glc-far-rimeligere-modeller-pris-rekkevidde-og-lading","status":"publish","type":"post","link":"https:\/\/www.europesays.com\/no\/336429\/","title":{"rendered":"Mercedes-Benz GLC f\u00e5r rimeligere modeller: Pris, rekkevidde og lading"},"content":{"rendered":"<p class=\"kicker text-red color_mobile_text-red hasTextColor hasTextColorMobile\" style=\"\">Mercedes-Benz GLC<\/p>\n<p class=\"subtitle \" style=\"\">N\u00e5 kan du f\u00e5 Mercedes-Benz&#8217; h\u00f8yaktuelle SUV rimeligere.<\/p>\n<p>\n    POPUL\u00c6R: Mercedes-Benz har allerede registrert over 1000 eksemplarer av GLC, som har tatt over for den utg\u00e5tte EQC-modellen. Foto: Mercedes-Benz\n  <\/p>\n<p>(Elbil24): S\u00e6rlig tre SUV-er har utpekt seg som ekstra spennende for mange norske bilkj\u00f8pere i \u00e5r, og det er BMW iX3, Volvo EX60 og Mercedes-Benz GLC.<\/p>\n<p>Elbil24 har allerede testet b\u00e5de <a href=\"https:\/\/www.elbil24.no\/pro\/imponerer-voldsomt-en-bil-svaert-mange-vil-like\/84424167\" rel=\"nofollow noopener\" target=\"_blank\">BMW iX3<\/a> og sistnevnte:<\/p>\n<p>    <a itemprop=\"url\" href=\"https:\/\/www.elbil24.no\/pro\/test-skal-lete-lenge-etter-en-mer-komfortabel-bil\/84876947\" rel=\"nofollow noopener\" target=\"_blank\"><\/p>\n<p>        <img loading=\"lazy\" decoding=\"async\" src=\"https:\/\/www.europesays.com\/no\/wp-content\/uploads\/2026\/08\/1787905940_65_84877161.webp\" width=\"180\" height=\"81\" alt=\"\" class=\"lazyload\" style=\"--aspect-ratio-image: 2.22; \"\/><\/p>\n<p>        Mercedes-Benz GLC 400 4Matic leverer<\/p>\n<p>    <\/a><\/p>\n<p>Den f\u00f8rste GLC-utgaven som kom var 400 4Matic-utgaven, med pris fra 759\u00a0900 kroner.<\/p>\n<p>To nye utgaver\t<\/p>\n<p>N\u00e5 melder Mercedes-Benz at to nye varianter av bilen er tilgjengelig for bestilling, med forventet levering p\u00e5 denne siden av nytt\u00e5r.<\/p>\n<p>Det gjelder da GLC 250 med tohjulsdrift, som starter p\u00e5 673\u00a0900 kroner, og GLC 300 4Matic med firehjulsdrift, som starter p\u00e5 714\u00a0900 kroner. Begge er alts\u00e5 rimeligere enn den f\u00f8rste varianten som ble tilgjengelig.<\/p>\n<p>\u2013 Nye Mercedes-Benz GLC har ikke overraskende tatt det norske markedet med storm. Med solid rekkevidde, lynrask lading og avansert teknologi, kombinert med usl\u00e5elig komfort, er GLC en bil som tilfredsstiller de aller fleste bilbehov. N\u00e5 er flere utgaver tilgjengelige for bestilling, der utgaven GLC 250 begynner p\u00e5 673.900,- kroner,\u00a0sier Thorbj\u00f8rn Myrhaug, direkt\u00f8r i Mercedes-Benz Norge hos Bertel O. Steen.<\/p>\n<p>Mindre batteri\t<\/p>\n<p>Begge modellene har mindre batteri enn 400 4Matic-utgaven, med 85 kWh anvendelig kapasitet (vs 94 kWh).<\/p>\n<p>For 250-utgaven gir det WLTP-rekkevidde p\u00e5 632 kilometer. Med PSM-motor p\u00e5 bakakselen som leverer 354 hestekrefter fra et dreiemoment p\u00e5 505 Nm, gj\u00f8r den en 0\u2013100-spurt p\u00e5 5,9 sekunder.<\/p>\n<p>        <img loading=\"lazy\" decoding=\"async\" src=\"https:\/\/www.europesays.com\/no\/wp-content\/uploads\/2026\/08\/85059942.webp\" width=\"688\" height=\"393\" alt=\"\" class=\"\" style=\"--aspect-ratio-image: 1.75; \"\/><\/p>\n<p>\n        Foto: Mercedes-Benz\n    <\/p>\n<p>300 4Matic f\u00e5r 601 km WLTP-rekkevidde i standardkonfigurasjon. Den har 421 hestekrefter fra et dreiemoment p\u00e5 800 Nm og gj\u00f8r samme spurt p\u00e5 4,7 sekunder.<\/p>\n<p>For ordens skyld har 400 4Matic-utgaven, med st\u00f8rre batteri, rekkevidde p\u00e5 inntil 703 kilometer.<\/p>\n<p>Begge de nye utgavene kan lades med opptil 320 kW effekt (3,76 C) og lades 10\u201380 prosent p\u00e5 22 minutter. De kan f\u00e5s med 22 kW ombordlader (11 kW er standard).<\/p>\n<p>Hengervekten er p\u00e5 henholdsvis 2200 kg og 2400 kg for 250 og 300 4Matic. GLC har bagasjerom p\u00e5 520 liter + frunk p\u00e5 128 liter. Frunken blir riktignok ikke st\u00f8rre p\u00e5 250-utgaven selv om den mangler motor foran.<\/p>\n<tr class=\"eb24-head-row\">\n          Modell<\/p>\n<p>GLC 250<\/p>\n<p>RWD<\/p>\n<p>GLC 300<\/p>\n<p>4MATIC<\/p>\n<p>GLC 400<\/p>\n<p>4MATIC<\/p>\n<\/tr>\n<tr class=\"eb24-section-row\">\n<td colspan=\"4\">Drivlinje &amp; Ytelse<\/td>\n<\/tr>\n<tr class=\"eb24-data-row\">\n<td class=\"eb24-label\">Hjuldrift<\/td>\n<td class=\"eb24-value\">Bakhjulstrekk<\/td>\n<td class=\"eb24-value\">Firehjulstrekk<\/td>\n<td class=\"eb24-value\">Firehjulstrekk<\/td>\n<\/tr>\n<tr class=\"eb24-data-row\">\n<td class=\"eb24-label\">Motortype<\/td>\n<td class=\"eb24-value\">PSM<\/td>\n<td class=\"eb24-value\">PSM<\/td>\n<td class=\"eb24-value\">PSM<\/td>\n<\/tr>\n<tr class=\"eb24-data-row\">\n<td class=\"eb24-label\">Effekt<\/td>\n<td class=\"eb24-value\">354 hk<\/td>\n<td class=\"eb24-value\">421 hk<\/td>\n<td class=\"eb24-value eb24-winner\">489 hk<\/td>\n<\/tr>\n<tr class=\"eb24-data-row\">\n<td class=\"eb24-label\">Dreiemoment<\/td>\n<td class=\"eb24-value\">505 Nm<\/td>\n<td class=\"eb24-value eb24-winner\">800 Nm<\/td>\n<td class=\"eb24-value eb24-winner\">800 Nm<\/td>\n<\/tr>\n<tr class=\"eb24-data-row\">\n<td class=\"eb24-label\">0 \u2013 100 km\/t<\/td>\n<td class=\"eb24-value\">5,9 s<\/td>\n<td class=\"eb24-value\">4,7 s<\/td>\n<td class=\"eb24-value eb24-winner\">4,3 s<\/td>\n<\/tr>\n<tr class=\"eb24-data-row\">\n<td class=\"eb24-label\">Toppfart<\/td>\n<td class=\"eb24-value\">210 km\/t<\/td>\n<td class=\"eb24-value\">210 km\/t<\/td>\n<td class=\"eb24-value\">210 km\/t<\/td>\n<\/tr>\n<tr class=\"eb24-section-row\">\n<td colspan=\"4\">Batteri &amp; Lading<\/td>\n<\/tr>\n<tr class=\"eb24-data-row\">\n<td class=\"eb24-label\">Batteritype<\/td>\n<td class=\"eb24-value\">Li-ion<\/td>\n<td class=\"eb24-value\">Li-ion<\/td>\n<td class=\"eb24-value\">Li-ion<\/td>\n<\/tr>\n<tr class=\"eb24-data-row\">\n<td class=\"eb24-label\">Netto batterikapasitet<\/td>\n<td class=\"eb24-value\">85 kWh<\/td>\n<td class=\"eb24-value\">85 kWh<\/td>\n<td class=\"eb24-value eb24-winner\">94 kWh<\/td>\n<\/tr>\n<tr class=\"eb24-data-row\">\n<td class=\"eb24-label\">DC-lading (maks)<\/td>\n<td class=\"eb24-value\">Opptil 320 kW<\/td>\n<td class=\"eb24-value\">Opptil 320 kW<\/td>\n<td class=\"eb24-value eb24-winner\">Opptil 330 kW<\/td>\n<\/tr>\n<tr class=\"eb24-data-row\">\n<td class=\"eb24-label\">Ladetid (10\u201380%)<\/td>\n<td class=\"eb24-value\">22 min<\/td>\n<td class=\"eb24-value\">22 min<\/td>\n<td class=\"eb24-value\">22 min<\/td>\n<\/tr>\n<tr class=\"eb24-data-row\">\n<td class=\"eb24-label\">AC-lading (std \/ tilvalg)<\/td>\n<td class=\"eb24-value\">11 \/ 22 kW<\/td>\n<td class=\"eb24-value\">11 \/ 22 kW<\/td>\n<td class=\"eb24-value\">11 \/ 22 kW<\/td>\n<\/tr>\n<tr class=\"eb24-data-row\">\n<td class=\"eb24-label\">WLTP-rekkevidde<\/td>\n<td class=\"eb24-value\">Inntil 632 km<\/td>\n<td class=\"eb24-value\">Inntil 601 km<\/td>\n<td class=\"eb24-value eb24-winner\">Inntil 703 km<\/td>\n<\/tr>\n<tr class=\"eb24-data-row\">\n<td class=\"eb24-label\">Forbruk (WLTP)<\/td>\n<td class=\"eb24-value\">1,50\u20131,81 kWh\/mil<\/td>\n<td class=\"eb24-value\">1,59\u20131,88 kWh\/mil<\/td>\n<td class=\"eb24-value\">1,49\u20131,89 kWh\/mil<\/td>\n<\/tr>\n<tr class=\"eb24-data-row\">\n<td class=\"eb24-label\">CO2-utslipp<\/td>\n<td class=\"eb24-value\">0 g\/km<\/td>\n<td class=\"eb24-value\">0 g\/km<\/td>\n<td class=\"eb24-value\">0 g\/km<\/td>\n<\/tr>\n<tr class=\"eb24-section-row\">\n<td colspan=\"4\">M\u00e5l, Kapasitet &amp; Praktisk<\/td>\n<\/tr>\n<tr class=\"eb24-data-row\">\n<td class=\"eb24-label\">Lengde \/ Bredde \/ H\u00f8yde<\/td>\n<td class=\"eb24-value\">4,85 \/ 1,91 \/ 1,64 m<\/td>\n<td class=\"eb24-value\">4,85 \/ 1,91 \/ 1,64 m<\/td>\n<td class=\"eb24-value\">4,85 \/ 1,91 \/ 1,64 m<\/td>\n<\/tr>\n<tr class=\"eb24-data-row\">\n<td class=\"eb24-label\">Akselavstand<\/td>\n<td class=\"eb24-value\">2,97 m<\/td>\n<td class=\"eb24-value\">2,97 m<\/td>\n<td class=\"eb24-value\">2,97 m<\/td>\n<\/tr>\n<tr class=\"eb24-data-row\">\n<td class=\"eb24-label\">Bagasjerom<\/td>\n<td class=\"eb24-value\">520\u20131690 l<\/td>\n<td class=\"eb24-value\">520\u20131690 l<\/td>\n<td class=\"eb24-value\">520\u20131690 l<\/td>\n<\/tr>\n<tr class=\"eb24-data-row\">\n<td class=\"eb24-label\">Frunk<\/td>\n<td class=\"eb24-value\">128 l<\/td>\n<td class=\"eb24-value\">128 l<\/td>\n<td class=\"eb24-value\">128 l<\/td>\n<\/tr>\n<tr class=\"eb24-data-row\">\n<td class=\"eb24-label\">Maks hengervekt<\/td>\n<td class=\"eb24-value\">2200 kg<\/td>\n<td class=\"eb24-value eb24-winner\">2400 kg<\/td>\n<td class=\"eb24-value eb24-winner\">2400 kg<\/td>\n<\/tr>\n<tr class=\"eb24-section-row\">\n<td colspan=\"4\">Pris<\/td>\n<\/tr>\n<tr class=\"eb24-data-row\">\n<td class=\"eb24-label\">Pris fra (inkl. lev.)<\/td>\n<td class=\"eb24-value eb24-winner\">673 900 kr<\/td>\n<td class=\"eb24-value\">714 900 kr<\/td>\n<td class=\"eb24-value\">759 900 kr<\/td>\n<\/tr>\n","protected":false},"excerpt":{"rendered":"Mercedes-Benz GLC N\u00e5 kan du f\u00e5 Mercedes-Benz&#8217; h\u00f8yaktuelle SUV rimeligere. POPUL\u00c6R: Mercedes-Benz har allerede registrert over 1000 eksemplarer&hellip;\n","protected":false},"author":2,"featured_media":336430,"comment_status":"","ping_status":"","sticky":false,"template":"","format":"standard","meta":{"footnotes":"","_share_on_mastodon":"0"},"categories":[56],"tags":[60,61,267,3261,10357,62,30,28,29,14],"class_list":["post-336429","post","type-post","status-publish","format-standard","has-post-thumbnail","category-naeringsliv","tag-business","tag-economy","tag-elbil","tag-mercedes-benz","tag-mercedes-benz-glc","tag-naeringsliv","tag-no","tag-norge","tag-norway","tag-nyheter"],"share_on_mastodon":{"url":"https:\/\/pubeurope.com\/@no\/117172211015377497","error":""},"_links":{"self":[{"href":"https:\/\/www.europesays.com\/no\/wp-json\/wp\/v2\/posts\/336429","targetHints":{"allow":["GET"]}}],"collection":[{"href":"https:\/\/www.europesays.com\/no\/wp-json\/wp\/v2\/posts"}],"about":[{"href":"https:\/\/www.europesays.com\/no\/wp-json\/wp\/v2\/types\/post"}],"author":[{"embeddable":true,"href":"https:\/\/www.europesays.com\/no\/wp-json\/wp\/v2\/users\/2"}],"replies":[{"embeddable":true,"href":"https:\/\/www.europesays.com\/no\/wp-json\/wp\/v2\/comments?post=336429"}],"version-history":[{"count":0,"href":"https:\/\/www.europesays.com\/no\/wp-json\/wp\/v2\/posts\/336429\/revisions"}],"wp:featuredmedia":[{"embeddable":true,"href":"https:\/\/www.europesays.com\/no\/wp-json\/wp\/v2\/media\/336430"}],"wp:attachment":[{"href":"https:\/\/www.europesays.com\/no\/wp-json\/wp\/v2\/media?parent=336429"}],"wp:term":[{"taxonomy":"category","embeddable":true,"href":"https:\/\/www.europesays.com\/no\/wp-json\/wp\/v2\/categories?post=336429"},{"taxonomy":"post_tag","embeddable":true,"href":"https:\/\/www.europesays.com\/no\/wp-json\/wp\/v2\/tags?post=336429"}],"curies":[{"name":"wp","href":"https:\/\/api.w.org\/{rel}","templated":true}]}}