{"id":336471,"date":"2026-08-28T10:53:14","date_gmt":"2026-08-28T10:53:14","guid":{"rendered":"https:\/\/www.europesays.com\/no\/336471\/"},"modified":"2026-08-28T10:53:14","modified_gmt":"2026-08-28T10:53:14","slug":"flesland-bybanen-skremmende-oppforsel-to-sendt-i-drukkenskapsarrest","status":"publish","type":"post","link":"https:\/\/www.europesays.com\/no\/336471\/","title":{"rendered":"Flesland, Bybanen | Skremmende oppf\u00f8rsel: \u2013 To sendt i drukkenskapsarrest"},"content":{"rendered":"\n<p>\u2013 Det er to stykker som ikke har klart \u00e5 oppf\u00f8re seg, og som er sendt i drukkenskapsarrest, forteller operasjonsleder ved Vest politidistrikt, Dan Erik Johannessen.\u00a0<\/p>\n<p>De to det er snakk om er begge menn i 40-\u00e5rene, der hendelsene har skjedd hver for seg.\u00a0<\/p>\n<p>Aggressiv p\u00e5 Flesland <\/p>\n<p>I 02-tiden natt til fredag mottar politiet en melding fra vekterne p\u00e5 Flesland.\u00a0<\/p>\n<p>\u2013 Det var en godt full mann som oppholdt seg p\u00e5 flyplassen. Han hadde ingen planer om \u00e5 reise verken ut eller inn, opplyser Johannessen.\u00a0<\/p>\n<p>Mannen hevdet \u00e5 skulle ta imot noen bekjente i l\u00f8pet av dagen, if\u00f8lge Johannessen.\u00a0<\/p>\n<p>\u2013 Han hisset seg enda mer opp da en vekter opps\u00f8kte han, og begynte \u00e5 sl\u00e5 etter vedkommende. Det var da ble politiet ble tilkalt.\u00a0<\/p>\n<p>Politiet fors\u00f8kte \u00e5 bortvise mannen uten hell, og det hele resulterte i at han ble tatt inn til drukkenskapsarrest.\u00a0<\/p>\n<p>\u2013 Han er n\u00e5 anmeldt for ordensforstyrrelse, understreker Johannessen.<\/p>\n<p>Aggressiv p\u00e5 Bybanen <\/p>\n<p>Det var en lignende oppf\u00f8rsel som vekte oppsikt p\u00e5 bybanen bare to timer tidligere.\u00a0<\/p>\n<p>Klokken tolv er politiet p\u00e5 plass i Ytrebygda etter melding fra to ulike hold om aggressiv oppf\u00f8rsel.<\/p>\n<p>\u2013 Det var f\u00f8rst en passasjer som opplevde han som skremmende og aggressiv. Litt senere tok ogs\u00e5 driftsansvarlig kontakt om det samme.\u00a0<\/p>\n<p>Mannen skal ha sl\u00e5tt p\u00e5 ruten til sj\u00e5f\u00f8ren flere ganger.\u00a0<\/p>\n<p>\u2013 Da politiet kom i kontakt med han var han beruset og roet seg heller ikke ned.\u00a0<\/p>\n<p>Inne i arresten ble det funnet litt narkotika p\u00e5 mannen opplyser Johannessen.\u00a0<\/p>\n<p>\u2013 Han anmeldes for dette, og for ordensforstyrrelse, forteller han avslutningsvis. <\/p>\n<p><a class=\"brick-c-hOTghF\" href=\"#skip-\">Hopp over karusellen.<\/a><\/p>\n<p data-static=\"\" class=\"brick-c-fgNmNC\" id=\"carousel-title-\">Innholdskarusell med 20 artikler.<\/p>\n<ul data-static=\"\" aria-label=\"Navigasjon for innholdskarusell\" class=\"carousel-nav\">\n<li>\n<\/li>\n<li>\n<\/li>\n<\/ul>\n","protected":false},"excerpt":{"rendered":"\u2013 Det er to stykker som ikke har klart \u00e5 oppf\u00f8re seg, og som er sendt i drukkenskapsarrest,&hellip;\n","protected":false},"author":2,"featured_media":336472,"comment_status":"","ping_status":"","sticky":false,"template":"","format":"standard","meta":{"footnotes":"","_share_on_mastodon":"0"},"categories":[10],"tags":[36,444,20,21,3942,26071,24,25,1872,15,22,23,13,30,28,29,14,16,1510,26,27],"class_list":["post-336471","post","type-post","status-publish","format-standard","has-post-thumbnail","category-norge","tag-art","tag-bergen","tag-breaking-news","tag-breakingnews","tag-bybanen","tag-drukkenskapsarrest","tag-featured-news","tag-featurednews","tag-flesland","tag-headlines","tag-latest-news","tag-latestnews","tag-news","tag-no","tag-norge","tag-norway","tag-nyheter","tag-overskrifter","tag-story","tag-top-stories","tag-topstories"],"share_on_mastodon":{"url":"https:\/\/pubeurope.com\/@no\/117172765068722873","error":""},"_links":{"self":[{"href":"https:\/\/www.europesays.com\/no\/wp-json\/wp\/v2\/posts\/336471","targetHints":{"allow":["GET"]}}],"collection":[{"href":"https:\/\/www.europesays.com\/no\/wp-json\/wp\/v2\/posts"}],"about":[{"href":"https:\/\/www.europesays.com\/no\/wp-json\/wp\/v2\/types\/post"}],"author":[{"embeddable":true,"href":"https:\/\/www.europesays.com\/no\/wp-json\/wp\/v2\/users\/2"}],"replies":[{"embeddable":true,"href":"https:\/\/www.europesays.com\/no\/wp-json\/wp\/v2\/comments?post=336471"}],"version-history":[{"count":0,"href":"https:\/\/www.europesays.com\/no\/wp-json\/wp\/v2\/posts\/336471\/revisions"}],"wp:featuredmedia":[{"embeddable":true,"href":"https:\/\/www.europesays.com\/no\/wp-json\/wp\/v2\/media\/336472"}],"wp:attachment":[{"href":"https:\/\/www.europesays.com\/no\/wp-json\/wp\/v2\/media?parent=336471"}],"wp:term":[{"taxonomy":"category","embeddable":true,"href":"https:\/\/www.europesays.com\/no\/wp-json\/wp\/v2\/categories?post=336471"},{"taxonomy":"post_tag","embeddable":true,"href":"https:\/\/www.europesays.com\/no\/wp-json\/wp\/v2\/tags?post=336471"}],"curies":[{"name":"wp","href":"https:\/\/api.w.org\/{rel}","templated":true}]}}