{"id":336501,"date":"2026-08-28T11:36:19","date_gmt":"2026-08-28T11:36:19","guid":{"rendered":"https:\/\/www.europesays.com\/no\/336501\/"},"modified":"2026-08-28T11:36:19","modified_gmt":"2026-08-28T11:36:19","slug":"mangelen-pa-patriot-luftvern-i-europa-er-forbi-kritisk","status":"publish","type":"post","link":"https:\/\/www.europesays.com\/no\/336501\/","title":{"rendered":"Mangelen p\u00e5 Patriot-luftvern i Europa er \u00abforbi kritisk\u00bb"},"content":{"rendered":"<p class=\"kicker \" style=\"\">Kilder til AP:\u00a0<\/p>\n<p class=\"subtitle \" style=\"\">Mangelen p\u00e5 luftvernsystemer i Europa beskrives av kilder i det amerikanske milit\u00e6ret og Nato som \u00abforbi kritisk\u00bb.<\/p>\n<p>\n    ALARM: Kilder i det amerikanske milit\u00e6ret og Nato beskriver mangelen p\u00e5 luftvernsystemer, s\u00e6rlig Patriot-missiler, som \u00abforbi kritisk\u00bb. Dette bildet av et Patriot-utskytingssystem ble tatt i Ukraina i august 2024. Foto: Jefrem Lukatsky \/ AP \/ NTB\n  <\/p>\n<p>Mest bekymringsfullt er mangelen p\u00e5 Patriot-missiler, som kan skyte ned sv\u00e6rt raske russiske ballistiske missiler, sier en tjenesteperson i det amerikanske forsvaret til AP.<\/p>\n<p>En tjenesteperson i Nato bekrefter overfor nyhetsbyr\u00e5et at lageret av Patriot-missiler er lavt b\u00e5de blant amerikanske og Natos styrker i Europa. Begge uttaler seg anonymt.<\/p>\n<p>        DRONE: Russlands luftforsvar skal ha blitt svekket etter et ukrainsk droneangrep i den russisk-okkuperte delen av Donetsk-regionen. Video: Telegram, reporter: Danny Son To \/ DBTV<\/p>\n<p>&#8211; Slag etter slag\t<\/p>\n<p>De viser til at dersom Russland skulle angripe m\u00e5l som milit\u00e6re hovedkvarter eller kraftanlegg, vil Nato befinne seg i en lignende situasjon som Ukraina, som over tid har manglet Patriot-missiler til \u00e5 forsvare seg mot russiske missil- og droneangrep.<\/p>\n<p>Nato-land vil dermed bli tvunget til \u00ab\u00e5 ta imot slag etter slag i trynet\u00bb, sier den amerikanske forsvarskilden. Kilden fastsl\u00e5r videre:<\/p>\n<p>* Det amerikanske milit\u00e6ret har \u00abdefinitivt\u00bb ikke nok Patriot-missiler til \u00e5 stanse et langvarig ballistisk missilangrep.<\/p>\n<p>* Og evnen til \u00e5 forsvare seg mot ett enkelt angrep eller et russisk missil p\u00e5 avveie og ute av kurs vurderes som \u00abveldig begrenset\u00bb.<\/p>\n<p>    <a itemprop=\"url\" href=\"https:\/\/www.dagbladet.no\/nyheter\/amerikansk-militaerfly-landet-i-moskva\/85059456\" rel=\"nofollow noopener\" target=\"_blank\"><\/p>\n<p>        <img loading=\"lazy\" decoding=\"async\" src=\"https:\/\/www.europesays.com\/no\/wp-content\/uploads\/2026\/08\/1787916977_477_85059485.webp\" width=\"180\" height=\"81\" alt=\"\" class=\"lazyload\" style=\"--aspect-ratio-image: 2.22; \"\/><\/p>\n<p>        Amerikansk milit\u00e6rfly landet i Moskva<\/p>\n<p>    <\/a><\/p>\n<p>CIA-sjefen i Moskva\t<\/p>\n<p>Etter at USA og Israel gikk til angrepskrig mot Iran 28. februar, er de amerikanske lagrene av missiler i Europa blitt flyttet til Midt\u00f8sten.<\/p>\n<p>B\u00e5de USA og de allierte golfstatene har avfyrt betydelige mengder med avskj\u00e6ringsmissiler, inkludert Patriot-missiler, mot iranske droner og missiler. Flere amerikanske soldater er blitt drept og s\u00e5ret i disse angrepene.<\/p>\n<p>    <a itemprop=\"url\" href=\"https:\/\/www.dagbladet.no\/nyheter\/cia-sjef-advarte-russland-mot-a-angripe-nato-land\/85067493\" rel=\"nofollow noopener\" target=\"_blank\"><\/p>\n<p>        <img loading=\"lazy\" decoding=\"async\" src=\"https:\/\/www.europesays.com\/no\/wp-content\/uploads\/2026\/08\/85067498.webp\" width=\"180\" height=\"81\" alt=\"\" class=\"lazyload\" style=\"--aspect-ratio-image: 2.22; \"\/><\/p>\n<p>        CIA-sjef advarte Russland mot \u00e5 angripe Nato-land<\/p>\n<p>    <\/a><\/p>\n<p>Selv om det ikke er ventet at Russland kan komme til \u00e5 avfyre missiler mot europeiske m\u00e5l i n\u00e6r fremtid, fl\u00f8y CIA-sjef John Ratcliffe til Moskva tirsdag. I m\u00f8tet med sin russiske motpart Sergej Narysjkin advarte han Russland mot \u00e5 g\u00e5 til angrep mot Nato-land, skriver\u00a0<a href=\"https:\/\/www.wsj.com\/politics\/policy\/cia-chiefs-surprise-moscow-trip-was-to-warn-russia-not-to-attack-nato-c2d997f3?mod=trending_now_news_1\" target=\"_blank\" rel=\"nofollow noopener\">The Wall Street Journal<\/a>.<\/p>\n<p>President Donald Trump tonet ned det sjeldne og hemmelige Moskva-bes\u00f8ket og betegnet det som et \u00absemi-rutinebes\u00f8k\u00bb.<\/p>\n<p>I et telefonintervju med Axios torsdag sa Trump at han ikke er bekymret for at Russland vil angripe Nato-land.<\/p>\n<p>    <a itemprop=\"url\" href=\"https:\/\/www.dagbladet.no\/nyheter\/iran-vurderer-angrep-i-europa\/85033996\" rel=\"nofollow noopener\" target=\"_blank\"><\/p>\n<p>        <img loading=\"lazy\" decoding=\"async\" src=\"https:\/\/www.europesays.com\/no\/wp-content\/uploads\/2026\/08\/1787916978_804_85034449.webp\" width=\"180\" height=\"81\" alt=\"\" class=\"lazyload\" style=\"--aspect-ratio-image: 2.22; \"\/><\/p>\n<p>        Iran vurderer angrep i Europa<\/p>\n<p>    <\/a><\/p>\n<p>Iran-krigen var et vendepunkt\t<\/p>\n<p>Toppfolk i EU og Nato har sagt at Russland kan v\u00e6re i stand til \u00e5\u00a0<a href=\"https:\/\/www.reuters.com\/world\/europe\/russia-may-be-ready-attack-nato-5-8-years-german-official-says-2024-04-18\/\" target=\"_blank\" rel=\"nofollow noopener\">angripe land i alliansen innen 2030<\/a>\u00a0, men da er lagrene av missiler ventet \u00e5 v\u00e6re bygget opp igjen.<\/p>\n<p>Samtidig kan krigen i Ukraina dempe Russlands evne til \u00e5 gjennomf\u00f8re et angrep mot Europa, noe som vil bety en luftkrig p\u00e5 to fronter.<\/p>\n<p>Gjennom fire og et halvt \u00e5r med krig i Ukraina har landet f\u00e5tt hundrevis av Patriot-missiler, men det er Iran-krigen som har v\u00e6rt det virkelige vendepunktet og som har spist grovt av lagrene, sier Ed Arnold ved den milit\u00e6re tenketanken Royal United Services Institute i London.<\/p>\n<p>    <a itemprop=\"url\" href=\"https:\/\/www.dagbladet.no\/nyheter\/truer-med-a-bombe-dritten-ut-av-oman\/85025425\" rel=\"nofollow noopener\" target=\"_blank\"><\/p>\n<p>        <img loading=\"lazy\" decoding=\"async\" src=\"https:\/\/www.europesays.com\/no\/wp-content\/uploads\/2026\/08\/1787916979_552_85021523.webp\" width=\"180\" height=\"81\" alt=\"\" class=\"lazyload\" style=\"--aspect-ratio-image: 2.22; \"\/><\/p>\n<p>        Truer med \u00e5 \u00abbombe dritten ut av\u00bb Oman<\/p>\n<p>    <\/a><\/p>\n<p>If\u00f8lge Arnold har land som Tyskland kj\u00f8pt dyre Patriot-systemer, men befinner seg i en h\u00e5pl\u00f8s situasjon der man ikke har ammunisjon \u00e5 bruke. Det tyske forsvarsdepartementet \u00f8nsker ikke \u00e5 si noe om deres lagre av krigsmateriell.<\/p>\n<p>If\u00f8lge tenketanken Center for Strategic and International Studies (CSIS) i Washington er om lag 65 prosent av de amerikanske Patriot-missilene brukt i krigen mot Iran.<\/p>\n<p>Nato og Pentagon avviser\t<\/p>\n<p>Tjenestepersonene fra EU og Nato viser ogs\u00e5 til kritisk mangel p\u00e5 missilsystemet Atacms (Army Tactical Missile System). Dette er mellomdistansemissiler som kan n\u00e5 bak fiendens linjer. Det pekes imidlertid p\u00e5 at for krigsmateriell i Europa generelt er situasjonen mindre alvorlig.<\/p>\n<p>If\u00f8lge CSIS ventes det at det blir produsert 600 Patriot-missiler i \u00e5r, inkludert de som er ment for Europa. Innen 2030 er m\u00e5let en \u00e5rlig produksjonskapasitet p\u00e5 2000 missiler.<\/p>\n<p>Nato-talsperson Martin O&#8217;Donnell toner ned bekymringen og sier det \u00abrett og slett ikke er tilfellet\u00bb at antallet Patriot-missiler i Europa er forbi kritisk.<\/p>\n<p>&#8211; Nato er i stand til \u00e5 blokkere slag, sier han.<\/p>\n<p>Fra Pentagon er ogs\u00e5 beskjeden klar. P\u00e5standen om knapphet p\u00e5 krigsmateriell er falsk, sier talsperson Sean Parnell.<\/p>\n<p>&#8211; Vi har alt vi trenger for \u00e5 sl\u00e5 til n\u00e5r og hvor presidenten \u00f8nsker det, sier Parnell.<\/p>\n","protected":false},"excerpt":{"rendered":"Kilder til AP:\u00a0 Mangelen p\u00e5 luftvernsystemer i Europa beskrives av kilder i det amerikanske milit\u00e6ret og Nato som&hellip;\n","protected":false},"author":2,"featured_media":336502,"comment_status":"","ping_status":"","sticky":false,"template":"","format":"standard","meta":{"footnotes":"","_share_on_mastodon":"0"},"categories":[12],"tags":[20,21,24,25,15,22,23,13,30,28,29,14,16,26,27,412,42,43,44,45],"class_list":["post-336501","post","type-post","status-publish","format-standard","has-post-thumbnail","category-verden","tag-breaking-news","tag-breakingnews","tag-featured-news","tag-featurednews","tag-headlines","tag-latest-news","tag-latestnews","tag-news","tag-no","tag-norge","tag-norway","tag-nyheter","tag-overskrifter","tag-top-stories","tag-topstories","tag-utenriks","tag-verden","tag-world","tag-world-news","tag-worldnews"],"share_on_mastodon":{"url":"https:\/\/pubeurope.com\/@no\/117172935032318846","error":""},"_links":{"self":[{"href":"https:\/\/www.europesays.com\/no\/wp-json\/wp\/v2\/posts\/336501","targetHints":{"allow":["GET"]}}],"collection":[{"href":"https:\/\/www.europesays.com\/no\/wp-json\/wp\/v2\/posts"}],"about":[{"href":"https:\/\/www.europesays.com\/no\/wp-json\/wp\/v2\/types\/post"}],"author":[{"embeddable":true,"href":"https:\/\/www.europesays.com\/no\/wp-json\/wp\/v2\/users\/2"}],"replies":[{"embeddable":true,"href":"https:\/\/www.europesays.com\/no\/wp-json\/wp\/v2\/comments?post=336501"}],"version-history":[{"count":0,"href":"https:\/\/www.europesays.com\/no\/wp-json\/wp\/v2\/posts\/336501\/revisions"}],"wp:featuredmedia":[{"embeddable":true,"href":"https:\/\/www.europesays.com\/no\/wp-json\/wp\/v2\/media\/336502"}],"wp:attachment":[{"href":"https:\/\/www.europesays.com\/no\/wp-json\/wp\/v2\/media?parent=336501"}],"wp:term":[{"taxonomy":"category","embeddable":true,"href":"https:\/\/www.europesays.com\/no\/wp-json\/wp\/v2\/categories?post=336501"},{"taxonomy":"post_tag","embeddable":true,"href":"https:\/\/www.europesays.com\/no\/wp-json\/wp\/v2\/tags?post=336501"}],"curies":[{"name":"wp","href":"https:\/\/api.w.org\/{rel}","templated":true}]}}