{"id":336519,"date":"2026-08-28T11:50:13","date_gmt":"2026-08-28T11:50:13","guid":{"rendered":"https:\/\/www.europesays.com\/no\/336519\/"},"modified":"2026-08-28T11:50:13","modified_gmt":"2026-08-28T11:50:13","slug":"fotball-sport-gustav-christensen-er-klar-for-kbk","status":"publish","type":"post","link":"https:\/\/www.europesays.com\/no\/336519\/","title":{"rendered":"Fotball, Sport | Gustav Christensen er klar for KBK"},"content":{"rendered":"\n<p>Det melder KBK <a rel=\"Follow nofollow noopener\" href=\"https:\/\/www.kristiansundbk.no\/nyheter\/christensen-er-klar-for-kbk\" target=\"_blank\">p\u00e5 sine nettsider.<\/a><\/p>\n<p>Avtalen varer ut denne sesongen, og KBK har opsjon p\u00e5 kj\u00f8p.\u00a0<\/p>\n<p>Gustav Christensen, som opprinnelig er fra Danmark, forteller at han er glad for \u00e5 ha kommet til klubben.\u00a0<\/p>\n<p>\u2013 Kristiansund er en liten, hyggelig by, og KBK er en klubb som satser p\u00e5 unge spillere og har familief\u00f8lelse. Jeg ser fram til \u00e5 trene med laget og spille kamper, sier han.<\/p>\n<p>M\u00e5l om \u00e5 spille mye<\/p>\n<p>Dansken kom til Nordm\u00f8re torsdag kveld, og dagen etterp\u00e5 gjennomf\u00f8rte han medisinsk test og signerte. Han deltar p\u00e5 fredagens trening.<\/p>\n<p>\u2013 Jeg har hatt gode samtaler med klubben. Her er de gode p\u00e5 \u00e5 utvikle unge spillere, og jeg har m\u00e5l om \u00e5 spille mye og hjelpe laget med \u00e5 ta poeng, sier han.<\/p>\n<p><b>Christensen startet fotballkarrieren i hjembyen Ikast, f\u00f8r han signerte med Midtjylland i 2019. Han debuterte for Danmarks G16-landslag samme \u00e5r. Som 18-\u00e5ring ble han toppscorer i U19-ligaen i Danmark, med 31 m\u00e5l. Han ble hentet til Hertha Berlin i Tyskland i 2023.<\/b><\/p>\n<p>  <a href=\"https:\/\/www.tk.no\/80-51-6726\" class=\"related-teaser has-image article--c-MkAkR\" rel=\"nofollow noopener\" target=\"_blank\"><\/p>\n<p>    <img decoding=\"async\" width=\"155\"  loading=\"lazy\"  src=\"https:\/\/www.europesays.com\/no\/wp-content\/uploads\/2026\/08\/NTB_SWvlWPIyUaY (1).jpg\" alt=\"\" class=\"brick-c-cFOWSL\" style=\"\"\/><\/p>\n<p>\n            Les ogs\u00e5<\/p>\n<p>            Kilen p\u00e5 vei til Molde\n        <\/p>\n<p>  <\/a><\/p>\n<p>  <a href=\"https:\/\/www.tk.no\/80-51-5893\" class=\"related-teaser has-image article--c-MkAkR\" rel=\"nofollow noopener\" target=\"_blank\"><\/p>\n<p>    <img decoding=\"async\" width=\"155\"  loading=\"lazy\"  src=\"https:\/\/www.europesays.com\/no\/wp-content\/uploads\/2026\/08\/KBKSurnadal1.jpg\" alt=\"\" class=\"brick-c-cFOWSL\" style=\"\"\/><\/p>\n<p>\n            Les ogs\u00e5<\/p>\n<p>            Formaliserer samarbeidet: \u2013 En milep\u00e6l\n        <\/p>\n<p>  <\/a><\/p>\n<p>  <a href=\"https:\/\/www.tk.no\/80-51-5893\" class=\"related-teaser has-image article--c-MkAkR\" rel=\"nofollow noopener\" target=\"_blank\"><\/p>\n<p>    <img decoding=\"async\" width=\"155\"  loading=\"lazy\"  src=\"https:\/\/www.europesays.com\/no\/wp-content\/uploads\/2026\/08\/KBKSurnadal1.jpg\" alt=\"\" class=\"brick-c-cFOWSL\" style=\"\"\/><\/p>\n<p>\n            Les ogs\u00e5<\/p>\n<p>            Formaliserer samarbeidet: \u2013 En milep\u00e6l\n        <\/p>\n<p>  <\/a><\/p>\n","protected":false},"excerpt":{"rendered":"Det melder KBK p\u00e5 sine nettsider. Avtalen varer ut denne sesongen, og KBK har opsjon p\u00e5 kj\u00f8p.\u00a0 Gustav&hellip;\n","protected":false},"author":2,"featured_media":336520,"comment_status":"","ping_status":"","sticky":false,"template":"","format":"standard","meta":{"footnotes":"","_share_on_mastodon":"0"},"categories":[59],"tags":[36,92,3219,298,30,28,29,83,82,1510],"class_list":["post-336519","post","type-post","status-publish","format-standard","has-post-thumbnail","category-sport","tag-art","tag-fotball","tag-kbk","tag-kristiansund","tag-no","tag-norge","tag-norway","tag-sport","tag-sports","tag-story"],"share_on_mastodon":{"url":"","error":""},"_links":{"self":[{"href":"https:\/\/www.europesays.com\/no\/wp-json\/wp\/v2\/posts\/336519","targetHints":{"allow":["GET"]}}],"collection":[{"href":"https:\/\/www.europesays.com\/no\/wp-json\/wp\/v2\/posts"}],"about":[{"href":"https:\/\/www.europesays.com\/no\/wp-json\/wp\/v2\/types\/post"}],"author":[{"embeddable":true,"href":"https:\/\/www.europesays.com\/no\/wp-json\/wp\/v2\/users\/2"}],"replies":[{"embeddable":true,"href":"https:\/\/www.europesays.com\/no\/wp-json\/wp\/v2\/comments?post=336519"}],"version-history":[{"count":0,"href":"https:\/\/www.europesays.com\/no\/wp-json\/wp\/v2\/posts\/336519\/revisions"}],"wp:featuredmedia":[{"embeddable":true,"href":"https:\/\/www.europesays.com\/no\/wp-json\/wp\/v2\/media\/336520"}],"wp:attachment":[{"href":"https:\/\/www.europesays.com\/no\/wp-json\/wp\/v2\/media?parent=336519"}],"wp:term":[{"taxonomy":"category","embeddable":true,"href":"https:\/\/www.europesays.com\/no\/wp-json\/wp\/v2\/categories?post=336519"},{"taxonomy":"post_tag","embeddable":true,"href":"https:\/\/www.europesays.com\/no\/wp-json\/wp\/v2\/tags?post=336519"}],"curies":[{"name":"wp","href":"https:\/\/api.w.org\/{rel}","templated":true}]}}