{"id":336585,"date":"2026-08-28T13:02:52","date_gmt":"2026-08-28T13:02:52","guid":{"rendered":"https:\/\/www.europesays.com\/no\/336585\/"},"modified":"2026-08-28T13:02:52","modified_gmt":"2026-08-28T13:02:52","slug":"hva-skjer-nar-kongen-dor","status":"publish","type":"post","link":"https:\/\/www.europesays.com\/no\/336585\/","title":{"rendered":"Hva skjer n\u00e5r kongen d\u00f8r?"},"content":{"rendered":"\n<p class=\"_paragraph_145nj_4 _paragraph_6fko5_10 layout-component text-serif-m layout-normal text-serif-m layout-padded\">Norge har mistet kongen som gjennom flere ti\u00e5r har v\u00e6rt landets statsoverhode og en av de mest kjente skikkelsene i norsk offentlighet.<\/p>\n<p class=\"_paragraph_145nj_4 _paragraph_6fko5_10 layout-component text-serif-m layout-normal text-serif-m layout-padded\">D\u00f8dsfallet markerer slutten p\u00e5 en epoke for kongehuset og starten p\u00e5 en ny.<\/p>\n<p><img alt=\"Slottsplassen i Oslo torsdag formiddag.  Foto: Polina Kovalenko \/ VG\" class=\"_image_jw3bv_65 layout-component layout-normal\" data-fullscreen- data-track-element-type=\"Article image fullscreen\" data-track-name=\"ImageFullscreen\" decoding=\"async\" loading=\"lazy\" height=\"3413\" itemprop=\"image\"  src=\"https:\/\/www.europesays.com\/no\/wp-content\/uploads\/2026\/08\/bb608fff-c132-3dcc-a467-2366cfcde874.jpeg\"  style=\"object-position:0% 0%\" width=\"4516\"\/>Slottsplassen i Oslo torsdag formiddag.  Foto: Polina Kovalenko \/ VG<\/p>\n<p class=\"_paragraph_145nj_4 _paragraph_6fko5_10 layout-component text-serif-m layout-normal text-serif-m layout-padded\">Men hva skjer egentlig n\u00e5r en norsk konge d\u00f8r? <\/p>\n<p class=\"_paragraph_145nj_4 _paragraph_6fko5_10 layout-component text-serif-m layout-normal text-serif-m layout-padded\">Her er svar p\u00e5 noen av de viktigste sp\u00f8rsm\u00e5lene:<\/p>\n<p> 1 Hva skjer n\u00e5r kongen d\u00f8r?<\/p>\n<p class=\"_paragraph_145nj_4 _paragraph_6fko5_10 layout-component text-serif-m layout-normal text-serif-m layout-padded\"><a href=\"https:\/\/www.vg.no\/tag\/kronprins-haakon?utm_source=vg-article&amp;utm_medium=auto-tagger&amp;utm_campaign=3pXlvL\" class=\"_link_145nj_39\" rel=\"nofollow noopener\" target=\"_blank\">Kronprins Haakon<\/a> ble konge med \u00e9n gang. Norge st\u00e5r dermed aldri uten konge.<\/p>\n<p class=\"_paragraph_145nj_4 _paragraph_6fko5_10 layout-component text-serif-m layout-normal text-serif-m layout-padded\">Regjeringen holdt ved 10-tiden regjeringskonferanse p\u00e5 Statsministerens kontor. <\/p>\n<p class=\"_paragraph_145nj_4 _paragraph_6fko5_10 layout-component text-serif-m layout-normal text-serif-m layout-padded\">Klokken 11.30 var det ekstraordin\u00e6rt statsr\u00e5d p\u00e5 Slottet. Der m\u00f8tte regjeringen den nye kongen og kronprinsesse Ingrid Alexandra. <\/p>\n<p class=\"_paragraph_145nj_4 _paragraph_6fko5_10 layout-component text-serif-m layout-normal text-serif-m layout-padded\">I ekstraordin\u00e6rt statsr\u00e5d valgte Haakon sitt nye kongenavn og valgspr\u00e5k. Det er n\u00e5 klart at han tar navnet kong Haakon VIII og valgspr\u00e5ketvalgspr\u00e5ketEt valgspr\u00e5k er en kort setning eller formulering som viser verdiene og m\u00e5lene for kongens arbeid.  \u00abAlt for Norge\u00bb, det samme som sin far kong Harald V, bestefar kong Olav V og oldefar kong Haakon VII \u2013 alts\u00e5 siden 1905.<\/p>\n<p><img alt=\"Kong Haakon VII og tronarving Ingrid Alexandra i ekstraordin\u00e6rt statsr\u00e5d fredag 28. august \u2013 noen timer etter kong Harald Vs d\u00f8d.  Foto: Lise \u00c5serud \/ NTB\" class=\"_image_jw3bv_65 layout-component layout-normal\" data-fullscreen- data-track-element-type=\"Article image fullscreen\" data-track-name=\"ImageFullscreen\" decoding=\"async\" loading=\"lazy\" height=\"3487\" itemprop=\"image\"  src=\"https:\/\/www.europesays.com\/no\/wp-content\/uploads\/2026\/08\/73c81598-1109-3a9e-8de6-a0759bec5a03.jpeg\"  style=\"object-position:0% 0%\" width=\"5230\"\/>Kong Haakon VII og tronarving Ingrid Alexandra i ekstraordin\u00e6rt statsr\u00e5d fredag 28. august \u2013 noen timer etter kong Harald Vs d\u00f8d.  Foto: Lise \u00c5serud \/ NTB<\/p>\n<p class=\"_paragraph_145nj_4 _paragraph_6fko5_10 layout-component text-serif-m layout-normal text-serif-m layout-padded\">Etter statsr\u00e5d signerte statsministeren og statsr\u00e5dene kondolanseprotokollen for kong Harald V. <\/p>\n<p class=\"_paragraph_145nj_4 _paragraph_6fko5_10 layout-component text-serif-m layout-normal text-serif-m layout-padded\">Klokken 12.00 startet ogs\u00e5 Forsvarets ni saluttstasjoner landet over \u00e5 avfyre s\u00f8rgesalutter; 21 skudd med 30 sekunders mellomrom. <\/p>\n<p class=\"_paragraph_145nj_4 _paragraph_6fko5_10 layout-component text-serif-m layout-normal text-serif-m layout-padded\">Klokken 13.00 holdt statsminister Jonas Gahr St\u00f8re en minnetale.<\/p>\n<p class=\"_paragraph_145nj_4 _paragraph_6fko5_10 layout-component text-serif-m layout-normal text-serif-m layout-padded\">\u2013 En hel nasjon er i sorg, og et folk st\u00e5r igjen i dyp takknemlighet. Vi vil huske kong Harald for hans kj\u00e6rlighet til sitt folk, for hans humor og varme, sa St\u00f8re.<\/p>\n<p><img alt=\"Slottsplassen: Blomsterhav p\u00e5 slottsplassen fredag formiddag.  Foto: Mattis Sandblad \/ VG\" class=\"_image_jw3bv_65 layout-component layout-normal\" data-fullscreen- data-track-element-type=\"Article image fullscreen\" data-track-name=\"ImageFullscreen\" decoding=\"async\" loading=\"lazy\" height=\"2656\" itemprop=\"image\"  src=\"https:\/\/www.europesays.com\/no\/wp-content\/uploads\/2026\/08\/8726d6a2-f118-3806-8088-3356d1bf0ef5.jpeg\"  style=\"object-position:0% 0%\" width=\"3984\"\/>Slottsplassen: Blomsterhav p\u00e5 slottsplassen fredag formiddag.  Foto: Mattis Sandblad \/ VG  2 Kommer den nye kongen til \u00e5 holde tale?<\/p>\n<p class=\"_paragraph_145nj_4 _paragraph_6fko5_10 layout-component text-serif-m layout-normal text-serif-m layout-padded\">Det er ventet at den nye kongen holder en tale til folket i l\u00f8pet av det f\u00f8rste eller andre d\u00f8gnet.<\/p>\n<p>  3 Hva inneb\u00e6rer landesorg?<\/p>\n<p class=\"_paragraph_145nj_4 _paragraph_6fko5_10 layout-component text-serif-m layout-normal text-serif-m layout-padded\">Kongehuset opplyser at flagget p\u00e5 slottets tak ble senket til halv stang da Kong Harald var g\u00e5tt bort. Etter ekstraordin\u00e6rt statsr\u00e5d og da den nye kongens navn var kunngjort, ble flagget heist igjen.<\/p>\n<p class=\"_paragraph_145nj_4 _paragraph_6fko5_10 layout-component text-serif-m layout-normal text-serif-m layout-padded\">Flagget p\u00e5 slottsbalkongen skal henge p\u00e5 halv stang inntil kong Haralds gravferd er avsluttet i Akershus slottskirke og b\u00e5ren plassert i Det kongelige mausoleum. Da fires flagget fra Slottsbalkongen og erstattes med statsflagget som heises til full stang.<\/p>\n<p><img alt=\"Foto: Lise \u00c5serud \/ NTB\" class=\"_image_jw3bv_65 layout-component layout-normal\" data-fullscreen- data-track-element-type=\"Article image fullscreen\" data-track-name=\"ImageFullscreen\" decoding=\"async\" loading=\"lazy\" height=\"3293\" itemprop=\"image\"  src=\"https:\/\/www.europesays.com\/no\/wp-content\/uploads\/2026\/08\/2b187324-ee68-3ffb-96a7-a80d9336eb25.jpeg\"  style=\"object-position:0% 0%\" width=\"4441\"\/>Foto: Lise \u00c5serud \/ NTB<\/p>\n<p class=\"_paragraph_145nj_4 _paragraph_6fko5_10 layout-component text-serif-m layout-normal text-serif-m layout-padded\">Regjeringen har fredag fastsatt nasjonal s\u00f8rgeperiodenasjonal s\u00f8rgeperiodeNasjonal s\u00f8rgeperiode, ogs\u00e5 kalt landesorg, er en offisiell periode med sorg som erkl\u00e6res av myndighetene., ogs\u00e5 kalt landesorg, fra d\u00f8dsdagen til gravferdsdagen. <\/p>\n<p class=\"_paragraph_145nj_4 _paragraph_6fko5_10 layout-component text-serif-m layout-normal text-serif-m layout-padded\">Regjeringen og statlige virksomheter vil markere den nasjonale s\u00f8rgeperioden p\u00e5 flere m\u00e5ter. Det vil flagges p\u00e5 halv stang fra kongelige residenser, statlige bygninger og milit\u00e6re forlegninger.<\/p>\n<p class=\"_paragraph_145nj_4 _paragraph_6fko5_10 layout-component text-serif-m layout-normal text-serif-m layout-padded\">Aktiviteter og arrangementer av faglig karakter vil bli gjennomf\u00f8rt som planlagt, men det vil legges vekt p\u00e5 at arrangementer i perioden har en verdig ramme og at det markeres at landet er i sorg.<\/p>\n<p class=\"_paragraph_145nj_4 _paragraph_6fko5_10 layout-component text-serif-m layout-normal text-serif-m layout-padded\">Ut over det som gjelder for regjeringen og statlige virksomheter er det ingen klart definerte regler om nasjonal s\u00f8rgeperiode, skriver regjeringen p\u00e5 sine nettsider. skriver regjeringen p\u00e5 sine nettsider. https:\/\/www.regjeringen.no\/no\/dokumenter\/hans-majestet-kong-haralds-bortgang-veiledning-til-den-nasjonale-sorgeperioden\/id3171460\/<\/p>\n<p><img alt=\"Da kong Olav V d\u00f8de i 1991, samlet mange mennesker seg p\u00e5 Slottsplassen for \u00e5 tenne lys og legge ned blomster.  Foto: Hans Olav Forsang \/ VG\" class=\"_image_jw3bv_65 layout-component layout-normal\" data-fullscreen- data-track-element-type=\"Article image fullscreen\" data-track-name=\"ImageFullscreen\" decoding=\"async\" loading=\"lazy\" height=\"2923\" itemprop=\"image\"  src=\"https:\/\/www.europesays.com\/no\/wp-content\/uploads\/2026\/08\/10c7fd62-4eae-3c9e-afb7-265fb0ad4e0c.jpeg\"  style=\"object-position:0% 0%\" width=\"4635\"\/>Da kong Olav V d\u00f8de i 1991, samlet mange mennesker seg p\u00e5 Slottsplassen for \u00e5 tenne lys og legge ned blomster.  Foto: Hans Olav Forsang \/ VG<\/p>\n<p class=\"_paragraph_145nj_4 _paragraph_6fko5_10 layout-component text-serif-m layout-normal text-serif-m layout-padded\">I alle kommuner og domkirker er det lagt ut kondolanseprotokoller der folk kan skrive en siste hilsen og ta farvel med kong Harald. Det vil v\u00e6re \u00e5pne kirker over hele landet helt fram til gravferdsdagen, skriver NTB. <\/p>\n<p class=\"_paragraph_145nj_4 _paragraph_6fko5_10 layout-component text-serif-m layout-normal text-serif-m layout-padded\">Kongehuset har ogs\u00e5 lagt ut en digital kondolanseprotokoll p\u00e5 sine nettsider. <\/p>\n<p>Blir skoler og barnehager stengt?<\/p>\n<p class=\"_paragraph_145nj_4 _paragraph_6fko5_10 layout-component text-serif-m layout-normal text-serif-m layout-padded\">Utdanningsdirektoratet anbefaler ikke at barnehager og skoler stenger i forbindelse med at kong Harald V er d\u00f8d.<\/p>\n<p class=\"_paragraph_145nj_4 _paragraph_6fko5_10 layout-component text-serif-m layout-normal text-serif-m layout-padded\">Fra klokken 12 til 13 fredag ringte kirkeklokkene landet rundt for \u00e5 minnes kong Harald. <\/p>\n<p class=\"_paragraph_145nj_4 _paragraph_6fko5_10 layout-component text-serif-m layout-normal text-serif-m layout-padded\">\u2013 Vi ber om Guds n\u00e6rv\u00e6r og omsorg for alle som n\u00e5 s\u00f8rger, sa preses Olav Fykse Tveit, som er ledende biskop i Den norske kirke til NTB. <\/p>\n<p>  4 Hvordan blir gravferden?<\/p>\n<p class=\"_paragraph_145nj_4 _paragraph_6fko5_10 layout-component text-serif-m layout-normal text-serif-m layout-padded\">Kongehuset har ikke enda annonsert n\u00e5r gravferden vil finne sted, men vil komme tilbake med mer informasjon om dette. <\/p>\n<p class=\"_paragraph_145nj_4 _paragraph_6fko5_10 layout-component text-serif-m layout-normal text-serif-m layout-padded\">Det blir en offisiell gravferd. Slottet opplyser senere om tidspunkt og innhold. Det vil trolig bli gudstjeneste, prosesjon og milit\u00e6re \u00e6resmarkeringer.<\/p>\n<p class=\"_paragraph_145nj_4 _paragraph_6fko5_10 layout-component text-serif-m layout-normal text-serif-m layout-padded\">Kongens gravferd vil v\u00e6re en statsbegravelse. <\/p>\n<p class=\"_paragraph_145nj_4 _paragraph_6fko5_10 layout-component text-serif-m layout-normal text-serif-m layout-padded\">If\u00f8lge NTB startet gravferden etter planen med en privat stund i Slottskapellet for de aller n\u00e6rmeste. S\u00e5 \u00e5pner hovedporten p\u00e5 Slottet, og det blir s\u00f8rgesalutt p\u00e5 21 skudd fra Akershus slott. Kongens b\u00e5re blir s\u00e5 fraktet i en stor prosesjon fra Slottet til Oslo domkirke, f\u00f8r en ny, mye mindre prosesjon som f\u00f8lger b\u00e5ren til Akershus slottskirke.<\/p>\n<p class=\"_paragraph_145nj_4 _paragraph_6fko5_10 layout-component text-serif-m layout-normal text-serif-m layout-padded\">B\u00e5de kong Haakon VII i 1957 og kong Olav V i 1991 hadde begravelsesgudstjeneste i Oslo domkirke.<\/p>\n<p><img alt=\"1991: Kong Olavs begravelse i Oslo Domkirke.  Foto: Lise \u00c5serud \/ NTB\" class=\"_image_jw3bv_65 layout-component layout-normal\" data-fullscreen- data-track-element-type=\"Article image fullscreen\" data-track-name=\"ImageFullscreen\" decoding=\"async\" loading=\"lazy\" height=\"3306\" itemprop=\"image\"  src=\"https:\/\/www.europesays.com\/no\/wp-content\/uploads\/2026\/08\/339f74a8-e36b-3faf-be11-95a381618702.jpeg\"  style=\"object-position:0% 0%\" width=\"4937\"\/>1991: Kong Olavs begravelse i Oslo Domkirke.  Foto: Lise \u00c5serud \/ NTB<\/p>\n<p class=\"_paragraph_145nj_4 _paragraph_6fko5_10 layout-component text-serif-m layout-normal text-serif-m layout-padded\">Etter seremonien i Slottskirken der kong Harald skal stedes til hvile, skytes det dobbel kongesalutt fra Akershus slott. Alle flagg som har v\u00e6rt p\u00e5 halv stang over hele landet, skal heises til topps, skriver NTB. <\/p>\n<p class=\"_paragraph_145nj_4 _paragraph_6fko5_10 layout-component text-serif-m layout-normal text-serif-m layout-padded\">Gravferdsdagen er ikke en offisiell fridag, men arbeidsplassen eller skolen din kan velge \u00e5 la arbeidstagere eller elever se p\u00e5 gravferden p\u00e5 TV.<\/p>\n<p class=\"_paragraph_145nj_4 _paragraph_6fko5_10 layout-component text-serif-m layout-normal text-serif-m layout-padded\">P\u00e5 gravferdsdagen minnes kong Harald med ett minutts stillhet over hele landet fra kl. 13.00 til kl. 13.01.<\/p>\n<p class=\"_paragraph_145nj_4 _paragraph_6fko5_10 layout-component text-serif-m layout-normal text-serif-m layout-padded\">Stillheten innledes med tre klokkeslag fra alle landets kirker. N\u00e5r minuttet er g\u00e5tt, markerer tre nye klokkeslag stillhetens avslutning.<\/p>\n<p>  5 Kan jeg se b\u00e5ren med kong Harald?<\/p>\n<p class=\"_paragraph_145nj_4 _paragraph_6fko5_10 layout-component text-serif-m layout-normal text-serif-m layout-padded\">Fram til gravferdsdagen vil b\u00e5ren st\u00e5 i Slottskapellet, opplyser Kongehuset. B\u00e5ren skal plasseres der innen kort tid. <\/p>\n<p class=\"_paragraph_145nj_4 _paragraph_6fko5_10 layout-component text-serif-m layout-normal text-serif-m layout-padded\">Kadetter fra Forsvarets krigsskoler st\u00e5r b\u00e5revakt \u2013 to p\u00e5 hver side. B\u00e5ren vil st\u00e5 p\u00e5 en purpurkledt katafalk, og familiens krans blir festet p\u00e5 b\u00e5ren. Kongekronen, rikssverdet, septeret og rikseplet plasseres p\u00e5 b\u00e5ren.<\/p>\n<p><img alt=\"Kong Olav d\u00f8de i 1991. Her fra prosesjonen hvor kisten ble fraktet fra Slottet til Akershus festning.  Foto: Per Fronth Nygaard \/ VG\" class=\"_image_jw3bv_65 layout-component layout-normal\" data-fullscreen- data-track-element-type=\"Article image fullscreen\" data-track-name=\"ImageFullscreen\" decoding=\"async\" loading=\"lazy\" height=\"3195\" itemprop=\"image\"  src=\"https:\/\/www.europesays.com\/no\/wp-content\/uploads\/2026\/08\/1a4a96f9-4c9e-30ba-b299-a9d591a219ab.jpeg\"  style=\"object-position:0% 0%\" width=\"4819\"\/>Kong Olav d\u00f8de i 1991. Her fra prosesjonen hvor kisten ble fraktet fra Slottet til Akershus festning.  Foto: Per Fronth Nygaard \/ VG<\/p>\n<p class=\"_paragraph_145nj_4 _paragraph_6fko5_10 layout-component text-serif-m layout-normal text-serif-m layout-padded\">Kapellet vil v\u00e6re \u00e5pent slik at alle kan g\u00e5 forbi b\u00e5ren for \u00e5 ta farvel med kong Harald. Datoer for dette vil bli kunngjort senere.<\/p>\n<p class=\"_paragraph_145nj_4 _paragraph_6fko5_10 layout-component text-serif-m layout-normal text-serif-m layout-padded\">I landets elleve domkirker blir det ogs\u00e5 mulighet for \u00e5 skrive i kondolanseprotokoll. Mange av lokalkirkene vil ogs\u00e5 legge fram en protokoll for dette.<\/p>\n<p>  6 Hva skjer med kisten?<\/p>\n<p class=\"_paragraph_145nj_4 _paragraph_6fko5_10 layout-component text-serif-m layout-normal text-serif-m layout-padded\">Kisten f\u00f8res vanligvis til Slottet og Slottskapellet. <\/p>\n<p><img alt=\"Kong Harald fotografert i minnegudstjenesten til Kong Olav i 1991.  Foto: Tore Kristiansen \/ VG\" class=\"_image_jw3bv_65 layout-component layout-normal\" data-fullscreen- data-track-element-type=\"Article image fullscreen\" data-track-name=\"ImageFullscreen\" decoding=\"async\" loading=\"lazy\" height=\"3289\" itemprop=\"image\"  src=\"https:\/\/www.europesays.com\/no\/wp-content\/uploads\/2026\/08\/33731828-aa3c-38b4-936e-1ee973b1d3f8.jpeg\"  style=\"object-position:0% 0%\" width=\"4780\"\/>Kong Harald fotografert i minnegudstjenesten til Kong Olav i 1991.  Foto: Tore Kristiansen \/ VG  7 Hvor blir kongen gravlagt?<\/p>\n<p class=\"_paragraph_145nj_4 _paragraph_6fko5_10 layout-component text-serif-m layout-normal text-serif-m layout-padded\">Han blir gravlagt i Det kongelige mausoleum p\u00e5 Akershus slott i Oslo. I 2024 <a href=\"https:\/\/www.vg.no\/rampelys\/i\/4Bm4lg\/vil-gi-harald-og-sonja-15-5-millioner\" data-track-element-type=\"Link\" data-track-id=\"link:4Bm4lg\" class=\"_link_145nj_39\" rel=\"nofollow noopener\" target=\"_blank\">bevilget regjeringen 20 millioner kroner<\/a> til en sarkofagsarkofagSarkofag er en likkiste av monumental karakter, i hovedsak beregnet for personer av h\u00f8y rang i samfunnet de tilh\u00f8rer. Sarkofager er kjent fra flere land og historiske epoker. Der er gjerne plassert i spesielle bygg, for eksempel en pyramide, et mausoleum, en kirke eller et slott. til kongeparet.<\/p>\n<p class=\"_paragraph_145nj_4 _paragraph_6fko5_10 layout-component text-serif-m layout-normal text-serif-m layout-padded\">Tidligere i \u00e5r skrev VG at sarkofagensarkofagenutsmykket kiste ikke skal vises frem f\u00f8r den skal tas i bruk. <\/p>\n<p><img alt=\"Mausoleet under Akershus festning.  Foto: Heiko Junge \/ NTB\" class=\"_image_jw3bv_65 layout-component layout-normal\" data-fullscreen- data-track-element-type=\"Article image fullscreen\" data-track-name=\"ImageFullscreen\" decoding=\"async\" loading=\"lazy\" height=\"5760\" itemprop=\"image\"  src=\"https:\/\/www.europesays.com\/no\/wp-content\/uploads\/2026\/08\/bb8db64c-b91d-3d75-a39d-315f00146431.jpeg\"  style=\"object-position:0% 0%\" width=\"8640\"\/>Mausoleet under Akershus festning.  Foto: Heiko Junge \/ NTB  8 Hva skal Stortinget gj\u00f8re?<\/p>\n<p class=\"_paragraph_145nj_4 _paragraph_6fko5_10 layout-component text-serif-m layout-normal text-serif-m layout-padded\">Den nye kongen skal avlegge ed til Stortinget innen kort tid, s\u00e5 lenge Stortinget er samlet. Hvis ikke, avlegges eden f\u00f8rst i statsr\u00e5d og senere for Stortinget. Dette skal skje s\u00e5 snart som mulig. <\/p>\n<p class=\"_paragraph_145nj_4 _paragraph_6fko5_10 layout-component text-serif-m layout-normal text-serif-m layout-padded\">I Grunnloven heter det i kongens ed:<\/p>\n<p class=\"_paragraph_145nj_4 _paragraph_6fko5_10 layout-component text-serif-m layout-normal text-serif-m layout-padded\">\u00abJeg lover og sverger \u00e5 ville regjere kongeriket Norge i overensstemmelse med dets konstitusjon og lover, s\u00e5 sant hjelpe meg Gud den allmektige og allvitende!\u00bb<\/p>\n<p><img alt=\"Foto: Fredrik Varfjell \/ NTB\" class=\"_image_jw3bv_65 layout-component layout-normal\" data-fullscreen- data-track-element-type=\"Article image fullscreen\" data-track-name=\"ImageFullscreen\" decoding=\"async\" loading=\"lazy\" height=\"2857\" itemprop=\"image\"  src=\"https:\/\/www.europesays.com\/no\/wp-content\/uploads\/2026\/08\/db058f70-d35f-37ea-abf4-ad5907c32fb4.jpeg\"  style=\"object-position:0% 0%\" width=\"4286\"\/>Foto: Fredrik Varfjell \/ NTB  9 Blir det kroning?<\/p>\n<p class=\"_paragraph_145nj_4 _paragraph_6fko5_10 layout-component text-serif-m layout-normal text-serif-m layout-padded\">Nei. Norge har ikke kroning lenger. Den nye kongen blir konge automatisk idet den forrige kongen d\u00f8r.<\/p>\n<p class=\"_paragraph_145nj_4 _paragraph_6fko5_10 layout-component text-serif-m layout-normal text-serif-m layout-padded\">De siste kongelige som ble kronet i Norge var kong Haakon VII og dronning Maud i 1906. Det skjedde i Nidarosdomen i Trondheim.<\/p>\n<p class=\"_paragraph_145nj_4 _paragraph_6fko5_10 layout-component text-serif-m layout-normal text-serif-m layout-padded\">I 1908 fjernet Stortinget kroningsparagrafen. Blant annet fordi det ble sett p\u00e5 som gammeldags og udemokratisk. <\/p>\n<p>  10 Kan det bli en seremoni i kirken likevel?<\/p>\n<p class=\"_paragraph_145nj_4 _paragraph_6fko5_10 layout-component text-serif-m layout-normal text-serif-m layout-padded\">Ja, det kan bli en signing i Nidarosdomen senere. Det er en kirkelig velsignelse, ikke en kroning.<\/p>\n<p class=\"_paragraph_145nj_4 _paragraph_6fko5_10 layout-component text-serif-m layout-normal text-serif-m layout-padded\">Det som n\u00e5 er tradisjonen, er signing av den nye monarken. Den skjer ogs\u00e5 i Nidarosdomen, og er en kristen velsignelse. \u00abDet har v\u00e6rt foretatt signing av den nye monarken siden 1163\u00bb, skriver <a href=\"https:\/\/www.kongehuset.no\/nyhet.html?tid=131423&amp;sek=26939\" class=\"_link_145nj_39\" rel=\"nofollow noopener\" target=\"_blank\">Kongehuset<\/a>. <\/p>\n<p class=\"_paragraph_145nj_4 _paragraph_6fko5_10 layout-component text-serif-m layout-normal text-serif-m layout-padded\">Vanligvis kan det ogs\u00e5 f\u00f8lge en signingsferd, alts\u00e5 en reise rundt i landet for \u00e5 markere tronskiftet.<\/p>\n<p><img alt=\"Kong Olav og kronprinsesse M\u00e4rtha er stedt til hvile i en sarkofag i gr\u00f8nn bronse i det kongelige mausoleet under Slottskirken p\u00e5 Akershus festning.  Foto: Heiko Junge \/ NTB\" class=\"_image_jw3bv_65 layout-component layout-normal\" data-fullscreen- data-track-element-type=\"Article image fullscreen\" data-track-name=\"ImageFullscreen\" decoding=\"async\" loading=\"lazy\" height=\"5760\" itemprop=\"image\"  src=\"https:\/\/www.europesays.com\/no\/wp-content\/uploads\/2026\/08\/50bb4a8a-a098-3116-a544-78c6fd049aec.jpeg\"  style=\"object-position:0% 0%\" width=\"8640\"\/>Kong Olav og kronprinsesse M\u00e4rtha er stedt til hvile i en sarkofag i gr\u00f8nn bronse i det kongelige mausoleet under Slottskirken p\u00e5 Akershus festning.  Foto: Heiko Junge \/ NTB  11 Hvem er i arverekken til kongehuset i Norge?<\/p>\n<p class=\"_paragraph_145nj_4 _paragraph_6fko5_10 layout-component text-serif-m layout-normal text-serif-m layout-padded\">Arverekken til den norske tronen er fastsatt i Grunnloven. Den som st\u00e5r f\u00f8rst i arverekken etter den nye kongen, blir kronprins eller kronprinsesse.<\/p>\n<p class=\"_paragraph_145nj_4 _paragraph_6fko5_10 layout-component text-serif-m layout-normal text-serif-m layout-padded\">Slik er arverekken n\u00e5:<\/p>\n<ul class=\"_list_145nj_3 _list_6fko5_9 _unordered_145nj_106 layout-component text-serif-m layout-normal text-serif-m layout-padded\">\n<li class=\"_item_145nj_30\">Kronprinsesse Ingrid Alexandra (22)<\/li>\n<li class=\"_item_145nj_30\">Prins Sverre Magnus (20)<\/li>\n<li class=\"_item_145nj_30\">Prinsesse M\u00e4rtha Louise (54)<\/li>\n<li class=\"_item_145nj_30\">Maud Angelica Behn (23)<\/li>\n<li class=\"_item_145nj_30\">Leah Isadora Behn (21)<\/li>\n<li class=\"_item_145nj_30\">Emma Tallulah Behn (17)<\/li>\n<\/ul>\n<p><img alt=\"Foto: Cornelius Poppe \/ POOL \/ NTB\" class=\"_image_jw3bv_65 layout-component layout-normal\" data-fullscreen- data-track-element-type=\"Article image fullscreen\" data-track-name=\"ImageFullscreen\" decoding=\"async\" loading=\"lazy\" height=\"4747\" itemprop=\"image\"  src=\"https:\/\/www.europesays.com\/no\/wp-content\/uploads\/2026\/08\/abfde678-d20d-3d47-935f-102dffffdb55.jpeg\"  style=\"object-position:0% 0%\" width=\"7121\"\/>Foto: Cornelius Poppe \/ POOL \/ NTB  12 Hva skjer med Ingrid Alexandra n\u00e5?<\/p>\n<p class=\"_paragraph_145nj_4 _paragraph_6fko5_10 layout-component text-serif-m layout-normal text-serif-m layout-padded\">Prinsesse Ingrid Alexandra rykker opp til f\u00f8rsteplass i arverekken og blir Norges tronarving.<\/p>\n<p class=\"_paragraph_145nj_4 _paragraph_6fko5_10 layout-component text-serif-m layout-normal text-serif-m layout-padded\">Det gir henne ogs\u00e5 en ny konstitusjonell rolle. Dersom kong Haakon er i utlandet eller er s\u00e5 syk at han ikke kan ivareta sine oppgaver som statsoverhode, skal Ingrid Alexandra tre inn som regent og midlertidig ut\u00f8ve kongemakten. <\/p>\n<p><img alt=\"Foto: Mattis Sandblad \/ VG\" class=\"_image_jw3bv_65 layout-component layout-normal\" data-fullscreen- data-track-element-type=\"Article image fullscreen\" data-track-name=\"ImageFullscreen\" decoding=\"async\" loading=\"lazy\" height=\"2656\" itemprop=\"image\"  src=\"https:\/\/www.europesays.com\/no\/wp-content\/uploads\/2026\/08\/9c598672-ecbd-3254-a027-38b32ae2cf6a.jpeg\"  style=\"object-position:0% 0%\" width=\"3984\"\/>Foto: Mattis Sandblad \/ VG<\/p>\n<p class=\"_paragraph_145nj_4 _paragraph_6fko5_10 layout-component text-serif-m layout-normal text-serif-m layout-padded\">Som myndig tronarving kan hun ogs\u00e5 sitte i statsr\u00e5d sammen med kongen, men uten stemmerett eller ansvar for beslutningene som tas.<\/p>\n<p class=\"_paragraph_145nj_4 _paragraph_6fko5_10 layout-component text-serif-m layout-normal text-serif-m layout-padded\">Ved kong Haralds d\u00f8d er det f\u00f8rste gang i nyere historie at den som blir nummer to i arverekkef\u00f8lgen allerede er myndig. <\/p>\n<p class=\"_paragraph_145nj_4 _paragraph_6fko5_10 layout-component text-serif-m layout-normal text-serif-m layout-padded\">Kronprinsesse Ingrid Alexandra skal derfor avlegge ed avlegge ed \u00e5 avgi en h\u00f8ytidelig og formell erkl\u00e6ring der man lover \u00e5 snakke sant eller v\u00e6re trofast, ofte ved \u00e5 p\u00e5kalle en h\u00f8yere makt som Gudskriftlig til Stortinget.<\/p>\n<p><img alt=\"Kronprinsesse Ingrid Alexandra avbildet n\u00e5r regjeringen samles til ekstraordin\u00e6rt statsr\u00e5d p\u00e5 Slottet, fredag etter kong Haralds d\u00f8d.  Foto: Heiko Junge \/ NTB\" class=\"_image_jw3bv_65 layout-component layout-normal\" data-fullscreen- data-track-element-type=\"Article image fullscreen\" data-track-name=\"ImageFullscreen\" decoding=\"async\" loading=\"lazy\" height=\"3000\" itemprop=\"image\"  src=\"https:\/\/www.europesays.com\/no\/wp-content\/uploads\/2026\/08\/be40321c-f678-327f-aa76-2d50c0373149.jpeg\"  style=\"object-position:0% 0%\" width=\"4499\"\/>Kronprinsesse Ingrid Alexandra avbildet n\u00e5r regjeringen samles til ekstraordin\u00e6rt statsr\u00e5d p\u00e5 Slottet, fredag etter kong Haralds d\u00f8d.  Foto: Heiko Junge \/ NTB  13 Hva skjer med Mette-Marit?<\/p>\n<p class=\"_paragraph_145nj_4 _paragraph_6fko5_10 layout-component text-serif-m layout-normal text-serif-m layout-padded\">N\u00e5r Haakon blir konge, blir Mette-Marit Norges dronning. Det samme skjedde ved forrige tronskifte: Da Harald ble konge etter Olav Vs d\u00f8d i 1991, ble Sonja samtidig Norges dronning.<\/p>\n<p class=\"_paragraph_145nj_4 _paragraph_6fko5_10 layout-component text-serif-m layout-normal text-serif-m layout-padded\">Mette-Marits offisielle program vil samtidig m\u00e5tte tilpasses helsesituasjonen hennes. <\/p>\n<p class=\"_paragraph_145nj_4 _paragraph_6fko5_10 layout-component text-serif-m layout-normal text-serif-m layout-padded\">Det er bekreftet at hun tar navnet dronning Mette-Marit.<\/p>\n<p><img alt=\"\" class=\"_image_jw3bv_65 layout-component layout-normal\" data-fullscreen- data-track-element-type=\"Article image fullscreen\" data-track-name=\"ImageFullscreen\" decoding=\"async\" loading=\"lazy\" height=\"4000\" itemprop=\"image\"  src=\"https:\/\/www.europesays.com\/no\/wp-content\/uploads\/2026\/08\/48e6e442-348f-342b-96bf-2deb2f7d5dbf.jpeg\"  style=\"object-position:0% 0%\" width=\"6000\"\/>  14 Hva skjer med dronning Sonja?<\/p>\n<p class=\"_paragraph_145nj_4 _paragraph_6fko5_10 layout-component text-serif-m layout-normal text-serif-m layout-padded\">Hun blir ikke ny monark. Det er kronprinsen som overtar som konge. Dronning Sonja vil derfor ikke v\u00e6re den regjerende monarkens dronning.<\/p>\n<p class=\"_paragraph_145nj_4 _paragraph_6fko5_10 layout-component text-serif-m layout-normal text-serif-m layout-padded\">\u2013 Selv om Mette-Marit blir dronning, vil ogs\u00e5 dronning Sonja beholde sin dronningtittel, hun blir ikke fratatt den. De er begge ledsagere, ikke regjerende dronninger. S\u00e5nn sett har ikke dette noen konstitusjonell betydning, s\u00e5 det er ikke noe problem med to dronninger, sier Tor Bomann-Larsen til VG. <\/p>\n<p>  15 Hva skjer i hovedstaden n\u00e5?<\/p>\n<p class=\"_paragraph_145nj_4 _paragraph_6fko5_10 layout-component text-serif-m layout-normal text-serif-m layout-padded\">Oslo kommune opplyser at Kong Haralds bortgang vil prege byen i tiden fremover, med flagging p\u00e5 halv stang i Oslo sentrum og p\u00e5 kommunale bygninger. <\/p>\n<p class=\"_paragraph_145nj_4 _paragraph_6fko5_10 layout-component text-serif-m layout-normal text-serif-m layout-padded\">Oslo r\u00e5dhus vil l\u00f8rdag ettermiddag 29. august holde \u00e5pent for kondolanseprotokoll. \u00c5pningstidene er forel\u00f8pig ikke annonsert.<\/p>\n<p class=\"_paragraph_145nj_4 _paragraph_6fko5_10 layout-component text-serif-m layout-normal text-serif-m layout-padded\">Oslo-politiet har satt stab for markeringene og gravferden og varsler trafikale begrensninger. Deler av Oslo sentrum vil bli helt stengt for trafikk i forbindelse med kortesjekj\u00f8ring og prosesjon.<\/p>\n<p class=\"_paragraph_145nj_4 _paragraph_6fko5_10 layout-component text-serif-m layout-normal text-serif-m layout-padded\">Skolene anbefales \u00e5 markere hendelsen gjennom samtaler i klassene, tilpasset elevenes alder og behov, og legge til rette for refleksjon og sp\u00f8rsm\u00e5l, melder Oslo kommune.<\/p>\n","protected":false},"excerpt":{"rendered":"Norge har mistet kongen som gjennom flere ti\u00e5r har v\u00e6rt landets statsoverhode og en av de mest kjente&hellip;\n","protected":false},"author":2,"featured_media":336586,"comment_status":"","ping_status":"","sticky":false,"template":"","format":"standard","meta":{"footnotes":"","_share_on_mastodon":"0"},"categories":[5],"tags":[20,21,2651,24,25,15,19,26073,76,22,23,17,18,13,30,28,29,14,16,404,26,27],"class_list":["post-336585","post","type-post","status-publish","format-standard","has-post-thumbnail","category-overskrifter","tag-breaking-news","tag-breakingnews","tag-dronning","tag-featured-news","tag-featurednews","tag-headlines","tag-hovedoppslag","tag-kong-haakon-8","tag-kongelig","tag-latest-news","tag-latestnews","tag-main-news","tag-mainnews","tag-news","tag-no","tag-norge","tag-norway","tag-nyheter","tag-overskrifter","tag-slottet","tag-top-stories","tag-topstories"],"share_on_mastodon":{"url":"https:\/\/pubeurope.com\/@no\/117173277188702894","error":""},"_links":{"self":[{"href":"https:\/\/www.europesays.com\/no\/wp-json\/wp\/v2\/posts\/336585","targetHints":{"allow":["GET"]}}],"collection":[{"href":"https:\/\/www.europesays.com\/no\/wp-json\/wp\/v2\/posts"}],"about":[{"href":"https:\/\/www.europesays.com\/no\/wp-json\/wp\/v2\/types\/post"}],"author":[{"embeddable":true,"href":"https:\/\/www.europesays.com\/no\/wp-json\/wp\/v2\/users\/2"}],"replies":[{"embeddable":true,"href":"https:\/\/www.europesays.com\/no\/wp-json\/wp\/v2\/comments?post=336585"}],"version-history":[{"count":0,"href":"https:\/\/www.europesays.com\/no\/wp-json\/wp\/v2\/posts\/336585\/revisions"}],"wp:featuredmedia":[{"embeddable":true,"href":"https:\/\/www.europesays.com\/no\/wp-json\/wp\/v2\/media\/336586"}],"wp:attachment":[{"href":"https:\/\/www.europesays.com\/no\/wp-json\/wp\/v2\/media?parent=336585"}],"wp:term":[{"taxonomy":"category","embeddable":true,"href":"https:\/\/www.europesays.com\/no\/wp-json\/wp\/v2\/categories?post=336585"},{"taxonomy":"post_tag","embeddable":true,"href":"https:\/\/www.europesays.com\/no\/wp-json\/wp\/v2\/tags?post=336585"}],"curies":[{"name":"wp","href":"https:\/\/api.w.org\/{rel}","templated":true}]}}