{"id":336793,"date":"2026-08-28T17:25:14","date_gmt":"2026-08-28T17:25:14","guid":{"rendered":"https:\/\/www.europesays.com\/no\/336793\/"},"modified":"2026-08-28T17:25:14","modified_gmt":"2026-08-28T17:25:14","slug":"kong-harald-kong-haakon-kong-haakon-avlegger-sin-ed-for-stortinget-tirsdag","status":"publish","type":"post","link":"https:\/\/www.europesays.com\/no\/336793\/","title":{"rendered":"Kong Harald, Kong Haakon | Kong Haakon avlegger sin ed for Stortinget tirsdag"},"content":{"rendered":"\n<p>Grunnloven sl\u00e5r fast at den nye kongen s\u00e5 snart som mulig m\u00e5 dra til Stortinget for \u00e5 avlegge sin ed for Stortinget.<\/p>\n<p>Eden er nedskrevet i loven og lyder som f\u00f8lger: \u00abJeg lover og sverger \u00e5 ville regjere kongeriket Norge i overensstemmelse med dets konstitusjon og lover, s\u00e5 sant hjelpe meg Gud den allmektige og allvitende!\u00bb<\/p>\n<p> \u2013 Seremonien understreker at Norge er et konstitusjonelt monarki der monarkens makt og myndighet er begrenset og regulert av bestemmelsene i Grunnloven, st\u00e5r det p\u00e5 Stortingets <a href=\"\\&quot;https:\/\/www.stortinget.no\/no\/Stortinget-og-demokratiet\/Storting-og-regjering\/kongens-edsavleggelse-i-stortinget\\&quot;\">nettsider<\/a>.<\/p>\n<p>Den f\u00f8rste edsavleggelsen ble avlagt av Christian Fredrik p\u00e5 Eidsvold i 1814.<\/p>\n<p>Kong Harald avla sin ed 21. januar 1991.<\/p>\n","protected":false},"excerpt":{"rendered":"Grunnloven sl\u00e5r fast at den nye kongen s\u00e5 snart som mulig m\u00e5 dra til Stortinget for \u00e5 avlegge&hellip;\n","protected":false},"author":2,"featured_media":336794,"comment_status":"","ping_status":"","sticky":false,"template":"","format":"standard","meta":{"footnotes":"","_share_on_mastodon":"0"},"categories":[10],"tags":[36,20,21,24,25,15,26072,2590,22,23,13,30,28,29,14,16,333,1510,26,27],"class_list":["post-336793","post","type-post","status-publish","format-standard","has-post-thumbnail","category-norge","tag-art","tag-breaking-news","tag-breakingnews","tag-featured-news","tag-featurednews","tag-headlines","tag-kong-haakon","tag-kong-harald","tag-latest-news","tag-latestnews","tag-news","tag-no","tag-norge","tag-norway","tag-nyheter","tag-overskrifter","tag-stortinget","tag-story","tag-top-stories","tag-topstories"],"share_on_mastodon":{"url":"https:\/\/pubeurope.com\/@no\/117174306579271237","error":""},"_links":{"self":[{"href":"https:\/\/www.europesays.com\/no\/wp-json\/wp\/v2\/posts\/336793","targetHints":{"allow":["GET"]}}],"collection":[{"href":"https:\/\/www.europesays.com\/no\/wp-json\/wp\/v2\/posts"}],"about":[{"href":"https:\/\/www.europesays.com\/no\/wp-json\/wp\/v2\/types\/post"}],"author":[{"embeddable":true,"href":"https:\/\/www.europesays.com\/no\/wp-json\/wp\/v2\/users\/2"}],"replies":[{"embeddable":true,"href":"https:\/\/www.europesays.com\/no\/wp-json\/wp\/v2\/comments?post=336793"}],"version-history":[{"count":0,"href":"https:\/\/www.europesays.com\/no\/wp-json\/wp\/v2\/posts\/336793\/revisions"}],"wp:featuredmedia":[{"embeddable":true,"href":"https:\/\/www.europesays.com\/no\/wp-json\/wp\/v2\/media\/336794"}],"wp:attachment":[{"href":"https:\/\/www.europesays.com\/no\/wp-json\/wp\/v2\/media?parent=336793"}],"wp:term":[{"taxonomy":"category","embeddable":true,"href":"https:\/\/www.europesays.com\/no\/wp-json\/wp\/v2\/categories?post=336793"},{"taxonomy":"post_tag","embeddable":true,"href":"https:\/\/www.europesays.com\/no\/wp-json\/wp\/v2\/tags?post=336793"}],"curies":[{"name":"wp","href":"https:\/\/api.w.org\/{rel}","templated":true}]}}