{"id":336879,"date":"2026-08-28T19:25:14","date_gmt":"2026-08-28T19:25:14","guid":{"rendered":"https:\/\/www.europesays.com\/no\/336879\/"},"modified":"2026-08-28T19:25:14","modified_gmt":"2026-08-28T19:25:14","slug":"sport-hamkam-bud-pa-hamkam-talent","status":"publish","type":"post","link":"https:\/\/www.europesays.com\/no\/336879\/","title":{"rendered":"Sport, HamKam | Bud p\u00e5 HamKam-talent"},"content":{"rendered":"<p>Publisert: 28.08.26 17:22<\/p>\n<p data-content=\"lead-text\" class=\"lead-text story article--c-eOZvhA\">\n<p>          David de Ornelas (18) er \u00f8nsket i Italia. Det erfarer TV 2.\n      <\/p>\n<p>     iframe {<br \/>\n  width: 100% !important;<br \/>\n  height: 100% !important;<br \/>\n}<\/p>\n<p>.am-embed-ratio {<br \/>\n  position: relative;<br \/>\n  height: 0;<br \/>\n}<\/p>\n<p>.am-embed-error {<br \/>\n  color: #292827;<br \/>\n  background: #e7e6e2;<br \/>\n  padding: 10px 20px;<br \/>\n  line-height: 1.3em;<br \/>\n}<\/p>\n<p>amedia-smartembed-iframe {<br \/>\n  display: block;<br \/>\n}<\/p>\n<p>.am-embed-ratio.x-scroll {<br \/>\n  overflow-x: scroll;<br \/>\n}<\/p>\n<p>.am-embed-ratio.x-scroll iframe {<br \/>\n  min-width: 800px;<br \/>\n}<\/p>\n<p>.am-embed-ratio.x-scroll::-webkit-scrollbar {<br \/>\n  height: 8px;<br \/>\n}<\/p>\n<p>.am-embed-ratio.x-scroll::-webkit-scrollbar-track {<br \/>\n  margin: 0 10px;<br \/>\n  background-color: #eee;<br \/>\n  border-radius: 10px;<br \/>\n}<\/p>\n<p>.am-embed-ratio.x-scroll::-webkit-scrollbar-thumb {<br \/>\n  background-color: #484544;<br \/>\n  border-radius: 10px;<br \/>\n}<\/p>\n<p>amedia-smartembed iframe {<br \/>\n  border: none;<br \/>\n  width: 100%;<br \/>\n}<br \/>\n]]]]>]]><\/p>\n<p>        ]]><\/p>\n<p>For ett \u00e5rs tid siden omtalte HA at den italienske klubben Venezia hadde <a href=\"https:\/\/www.h-a.no\/tv-2-italiensk-bud-pa-hamkam-unggutt\/s\/5-139-1817314\" rel=\"Follow nofollow noopener\" target=\"_blank\">kommet med et bud for da 17 \u00e5r gamle David de Ornelas<\/a>.<\/p>\n<p>Den gang n\u00e5dde ikke forhandlingene fram med HamKam. <a href=\"https:\/\/www.tv2.no\/sport\/tv-2-erfarer-italiensk-klubb-med-bud-pa-hamkam-talent\/19172290\/?utm_term=Autofeed&amp;utm_medium=Social&amp;utm_source=Facebook&amp;fbclid=Iwb21leAT-gMZjbGNrBP6AtXBkb2YFZXh0bgNhZW0CMTEAc3J0YwZhcHBfaWQMMzUwNjg1NTMxNzI4AAEeevzrGqmDsHOSeulykpPncQgNuA0gb4qdmqIUpyXOGOtg8Z2yXCW5ntm52aA_aem_65buMu_4eyPn7ds4D74lqw#Echobox=1787927625\" rel=\"Follow nofollow noopener\" target=\"_blank\">N\u00e5 erfarer TV 2<\/a> at det igjen har kommet et bud fra Italia.<\/p>\n<p>Denne gangen skal serie A-klubben Cagliari ha kommet med et bud.<\/p>\n<p>If\u00f8lge kanalen skal dette v\u00e6re en overgang spilleren selv \u00f8nsker.<\/p>\n<p>HamKams sportssjef J\u00f8rgen Bj\u00f8rn har ikke \u00f8nsket \u00e5 kommentere opplysningene overfor TV 2.<\/p>\n<p>David De Ornelas var <a href=\"https:\/\/www.h-a.no\/planen-ble-ikke-fulgt\/s\/5-139-2066013\" rel=\"Follow nofollow noopener\" target=\"_blank\">tilbake p\u00e5 Briskeby<\/a> tidligere i august, etter et l\u00e5neopphold i Raufoss.<\/p>\n<p>Han \u00f8nsket selv \u00e5 returnere til HamKam, fordi oppholdet i Raufoss ikke ble helt slik han hadde sett for seg. Det var manglende spilletid som gjorde at han \u00f8nsket seg tilbake.<\/p>\n<p>  <a href=\"https:\/\/www.h-a.no\/5-139-2066013\" class=\"related-teaser has-image article--c-MkAkR\" rel=\"nofollow noopener\" target=\"_blank\"><\/p>\n<p>    <img decoding=\"async\" width=\"155\"  loading=\"lazy\"  src=\"https:\/\/www.europesays.com\/no\/wp-content\/uploads\/2026\/08\/1787945113_775_David+De+Ornelas.png.jpg\" alt=\"\" class=\"brick-c-cFOWSL\" style=\"\"\/><\/p>\n<p>\n            Les ogs\u00e5<\/p>\n<p>            \u2013 Planen ble ikke fulgt\n        <\/p>\n<p>  <\/a><\/p>\n<p>  <a href=\"https:\/\/www.h-a.no\/5-139-2052267\" class=\"related-teaser has-image article--c-MkAkR\" rel=\"nofollow noopener\" target=\"_blank\"><\/p>\n<p>    <img decoding=\"async\" width=\"155\"  loading=\"lazy\"  src=\"https:\/\/www.europesays.com\/no\/wp-content\/uploads\/2026\/08\/IMG_5629.JPG\" alt=\"\" class=\"brick-c-cFOWSL\" style=\"\"\/><\/p>\n<p>\n            Les ogs\u00e5<\/p>\n<p>            Da Maria (19) snudde seg, sto HamKam-spiller David De Ornelas (18) p\u00e5 kne\n        <\/p>\n<p>  <\/a><\/p>\n<p>          Temaer i artikkelen<\/p>\n<p class=\"article--c-kprJur\">\n            F\u00f8lg det du er interessert i, og finn artiklene p\u00e5<br \/>\n            <strong><a href=\"https:\/\/www.h-a.no\/fordeg\" class=\"article--c-iQzPzU\" rel=\"nofollow noopener\" target=\"_blank\">For deg<\/a><\/strong>\n          <\/p>\n","protected":false},"excerpt":{"rendered":"Publisert: 28.08.26 17:22 David de Ornelas (18) er \u00f8nsket i Italia. Det erfarer TV 2. iframe { width:&hellip;\n","protected":false},"author":2,"featured_media":336880,"comment_status":"","ping_status":"","sticky":false,"template":"","format":"standard","meta":{"footnotes":"","_share_on_mastodon":"0"},"categories":[59],"tags":[36,92,870,30,28,29,83,82,1510],"class_list":["post-336879","post","type-post","status-publish","format-standard","has-post-thumbnail","category-sport","tag-art","tag-fotball","tag-hamkam","tag-no","tag-norge","tag-norway","tag-sport","tag-sports","tag-story"],"share_on_mastodon":{"url":"https:\/\/pubeurope.com\/@no\/117174778585938105","error":""},"_links":{"self":[{"href":"https:\/\/www.europesays.com\/no\/wp-json\/wp\/v2\/posts\/336879","targetHints":{"allow":["GET"]}}],"collection":[{"href":"https:\/\/www.europesays.com\/no\/wp-json\/wp\/v2\/posts"}],"about":[{"href":"https:\/\/www.europesays.com\/no\/wp-json\/wp\/v2\/types\/post"}],"author":[{"embeddable":true,"href":"https:\/\/www.europesays.com\/no\/wp-json\/wp\/v2\/users\/2"}],"replies":[{"embeddable":true,"href":"https:\/\/www.europesays.com\/no\/wp-json\/wp\/v2\/comments?post=336879"}],"version-history":[{"count":0,"href":"https:\/\/www.europesays.com\/no\/wp-json\/wp\/v2\/posts\/336879\/revisions"}],"wp:featuredmedia":[{"embeddable":true,"href":"https:\/\/www.europesays.com\/no\/wp-json\/wp\/v2\/media\/336880"}],"wp:attachment":[{"href":"https:\/\/www.europesays.com\/no\/wp-json\/wp\/v2\/media?parent=336879"}],"wp:term":[{"taxonomy":"category","embeddable":true,"href":"https:\/\/www.europesays.com\/no\/wp-json\/wp\/v2\/categories?post=336879"},{"taxonomy":"post_tag","embeddable":true,"href":"https:\/\/www.europesays.com\/no\/wp-json\/wp\/v2\/tags?post=336879"}],"curies":[{"name":"wp","href":"https:\/\/api.w.org\/{rel}","templated":true}]}}