{"id":336901,"date":"2026-08-28T20:02:27","date_gmt":"2026-08-28T20:02:27","guid":{"rendered":"https:\/\/www.europesays.com\/no\/336901\/"},"modified":"2026-08-28T20:02:27","modified_gmt":"2026-08-28T20:02:27","slug":"innrommer-sjokk-ran-etter-28-ar","status":"publish","type":"post","link":"https:\/\/www.europesays.com\/no\/336901\/","title":{"rendered":"Innr\u00f8mmer sjokk-ran etter 28 \u00e5r"},"content":{"rendered":"<p>&#8211; Jeg har aldri lagt skjul p\u00e5 hvem jeg er. Jeg har v\u00e6rt en kriminell faen, liksom. Men jeg er ferdig. Jeg st\u00e5r fram n\u00e5 for \u00e5 vise at det er mulig \u00e5 snu det. Jeg var kriminell fra jeg var ti \u00e5r til jeg var 40 \u00e5r, sier Koroma til Dagbladet.<\/p>\n<p>54-\u00e5ringen legger bak seg en lang kriminell karriere, men han er aldri tidligere identifisert i pressen.\u00a0<\/p>\n<p class=\"font-weight-bold m-font-weight-bold\" data-lab-font_weight=\"font-weight-bold\">I den ferske dokumentarserien \u00abBrutalt brorskap\u00bb &#8211; laget av Novemberfilm for HBO &#8211; bryter han stillheten for f\u00f8rste gang.<\/p>\n<p>Her forteller Michael Koroma om et brutalt ran mot filialen til V\u00e5r Bank og Forsikring p\u00e5 Storo-senteret 28. august 1998.<\/p>\n<p>        <img loading=\"lazy\" decoding=\"async\" src=\"https:\/\/www.europesays.com\/no\/wp-content\/uploads\/2026\/08\/85075315.webp\" width=\"686\" height=\"515\" alt=\"\" class=\"\" style=\"--aspect-ratio-image: 1.33; \"\/><\/p>\n<p>\n        SNAKKER UT: For f\u00f8rste gang snakker Michael Koroma om sitt kriminelle liv og veien ut av det. Foto: Edda Grjotheim\n    <\/p>\n<p>Ranet p\u00e5 33 sekunder\t<\/p>\n<p>Tidlig den morgenen for n\u00f8yaktig 28 \u00e5r siden tok Koroma, sammen med to andre, seg inn i banken gjennom en glassrute.\u00a0<\/p>\n<p>Han var 26 \u00e5r gammel da han rettet en pistol mot en av bankens funksjon\u00e6rer, mens en av de andre ranerne fylte opp en bag med penger.<\/p>\n<p>P\u00e5 33 sekunder stakk de av med et bel\u00f8p p\u00e5 725 000 kroner.<\/p>\n<p>Da ransbilen kort tid seinere ble funnet p\u00e5 en parkeringsplass p\u00e5 Blindern, f\u00f8rte DNA-funn p\u00e5 innsiden av en finlandshette til p\u00e5gripelsen av Michael Koroma.\u00a0<\/p>\n<p>        <img loading=\"lazy\" decoding=\"async\" src=\"https:\/\/www.europesays.com\/no\/wp-content\/uploads\/2026\/08\/85075891.webp\" width=\"686\" height=\"460\" alt=\"\" class=\"\" style=\"--aspect-ratio-image: 1.49; \"\/><\/p>\n<p>\n        RANET: Slik s\u00e5 det ut etter bankranet hos V\u00e5r Bank og Forsikring p\u00e5 Storo i 1998. Foto: Odd Wentzel \/ Dagbladet\n    <\/p>\n<p>54-\u00e5ringen ble d\u00f8mt for ranet, men nektet hardnakket \u00e5 ha gjort det b\u00e5de i Oslo tingrett og Borgarting lagmannsrett.\u00a0<\/p>\n<p>Han hevdet at hans DNA kunne v\u00e6re avsatt i ransbilen fordi den var brukt under et innbrudd av en taxfree-butikk p\u00e5 Torp flyplass to uker tidligere.\u00a0<\/p>\n<p class=\"italic m-italic\" data-lab-italic=\"italic\">&#8211; I dokumentaren viser du jo hvordan ranet gikk til. Er det f\u00f8rste gang du innr\u00f8mmer at du begikk ranet?\u00a0<\/p>\n<p>&#8211; Ja, det tror jeg faktisk! sier han overrasket.\u00a0<\/p>\n<p>&#8211; Jeg pr\u00f8vde meg jo p\u00e5 forklaringen med at det stammet fra at ransbilen var brukt under innbruddet p\u00e5 Torp. I tillegg var jeg jo i barnehagen da det skjedde. S\u00e5 alibi-messig skulle jeg jo ikke ha v\u00e6rt der.\u00a0<\/p>\n<p class=\"italic m-italic\" data-lab-italic=\"italic\">&#8211; Men du var der?\u00a0<\/p>\n<p>&#8211; Neeei. Eller jo. Ser du, n\u00e5r du lyver s\u00e5 mye om noe, begynner du \u00e5 tro p\u00e5 det selv. Ja, jeg var der, ler han.<\/p>\n<p>    <a itemprop=\"url\" href=\"https:\/\/www.dagbladet.no\/nyheter\/filmet-gissel-video-strid-om-selskap\/85030290\" rel=\"nofollow noopener\" target=\"_blank\"><\/p>\n<p>        <img loading=\"lazy\" decoding=\"async\" src=\"https:\/\/www.europesays.com\/no\/wp-content\/uploads\/2026\/08\/85026674.webp\" width=\"180\" height=\"81\" alt=\"\" class=\"lazyload\" style=\"--aspect-ratio-image: 2.22; \"\/><\/p>\n<p>        Filmet gissel-video: Strid om selskap<\/p>\n<p>    <\/a><\/p>\n<p>&#8211; Har levd som en superstjerne\t<\/p>\n<p>Retten kj\u00f8pte ikke forklaringen hans og han ble d\u00f8mt til fire \u00e5r i fengsel. Da hadde han allerede flere fengselsopphold bak seg.<\/p>\n<p>N\u00e5 har han lagt det kriminelle livet bak seg. I dag har 54-\u00e5ringen medf\u00f8lelse for de som ble rammet av handlingene hans, og han jobber forebyggende med \u00e5 hjelpe andre ut av et rusmilj\u00f8.<\/p>\n<p>Koroma mener det er jobben &#8211; det \u00e5 hjelpe andre i en utfordrende situasjon &#8211; som har gjort ham til den endrede mannen han er i dag.\u00a0<\/p>\n<p>&#8211; Jeg tror de skj\u00f8nner at jeg forst\u00e5r dem p\u00e5 en annen m\u00e5te. At jeg p\u00e5 en m\u00e5te ogs\u00e5 har levd, sier 54-\u00e5ringen.\u00a0<\/p>\n<p>Den gangen tenkte han ikke p\u00e5 ofrene.<\/p>\n<p>&#8211; Da roet det adrenalinet. Det var bare fryd og gammen. Den tida der handlet alt om \u00e5 bli r\u00e5ere og voldeligere, sier han.<\/p>\n<p>Michael Koroma vokste opp p\u00e5 Haugerud i Oslo. Som ti\u00e5ring stjal han lommeb\u00f8ker. S\u00e5 gikk han og kompisene over til st\u00f8rre ting &#8211; blant annet planla de tyveriet av en motorcrosser. Deretter stjal de minibanker, f\u00f8r de bestemte seg for \u00e5 sprenge dem.\u00a0<\/p>\n<p>        <img loading=\"lazy\" decoding=\"async\" src=\"https:\/\/www.europesays.com\/no\/wp-content\/uploads\/2026\/08\/85075319.webp\" width=\"686\" height=\"460\" alt=\"\" class=\"\" style=\"--aspect-ratio-image: 1.49; \"\/><\/p>\n<p>\n        ENDRET: Michael Koroma forteller at han har lagt det kriminelle livet bak seg, men at det ikke bare var enkelt \u00e5 innse at noe m\u00e5tte skje og opps\u00f8ke hjelp. Foto: Edda Grjotheim\n    <\/p>\n<p>Etter det kom de s\u00e5kalte\u00a0\u00absjokk-brekkene\u00bb som herjet hovedstaden p\u00e5 90-tallet. Han beskriver sin egen rolle som en slags slagmann &#8211; en rambukk.\u00a0<\/p>\n<p>Det resulterte i en livsstil med dyre vaner. Fete biler, fete kl\u00e6r, fete reiser. Det gikk i Prada, Gucci og Versace.\u00a0<\/p>\n<p>&#8211; Jeg har levd som en superstjerne, innr\u00f8mmer 54-\u00e5ringen.<\/p>\n<p>Politiet koblet ham til den beryktede Tveita-gjengen, men det er han ikke helt enig i selv.\u00a0<\/p>\n<p>&#8211; Jeg var ikke med i Tveita-gjengen &#8230; De var jo eldre enn meg. Vi hang ikke p\u00e5 Tveita-senteret. Jeg er fra Haugerud. Men det gikk litt p\u00e5 tvers.\u00a0<\/p>\n<p class=\"italic m-italic\" data-lab-italic=\"italic\">&#8211; Dere ble litt formet av dem?\u00a0<\/p>\n<p>&#8211; Ja, vi ble jo det.\u00a0<\/p>\n<p>    <a itemprop=\"url\" href=\"https:\/\/www.dagbladet.no\/nyheter\/fraktet-kriminelle-i-privatfly-730-000-kr\/84830387\" rel=\"nofollow noopener\" target=\"_blank\"><\/p>\n<p>        <img loading=\"lazy\" decoding=\"async\" src=\"https:\/\/www.europesays.com\/no\/wp-content\/uploads\/2026\/08\/84830869.webp\" width=\"180\" height=\"81\" alt=\"\" class=\"lazyload\" style=\"--aspect-ratio-image: 2.22; \"\/><\/p>\n<p>        Fraktet kriminelle i privatfly: 730 000 kr<\/p>\n<p>    <\/a><\/p>\n<p>Voldelig som barn\t<\/p>\n<p>I motsetning til mange som faller utenfor, kommer Koroma fra et godt hjem. Han deltok i idrett og var et stort fotballtalent. Men han har ADHD og var rastl\u00f8s.\u00a0<\/p>\n<p>&#8211; Vi var en vennegjeng som var ganske kreative. Jeg var veldig impulsiv som barn og var glad i vold allerede da. Jeg tok ut bladet av blyantspisseren og skar en medelev over h\u00e5ndleddet f\u00f8r jeg l\u00f8p til skogs, mimrer han.<\/p>\n<p>Han legger til:\u00a0<\/p>\n<p>&#8211; Vi planla ikke \u00e5 bli kriminelle. Det bare ble s\u00e5nn.<\/p>\n<p>Allerede som 15-\u00e5ring begynte han med steroider, og peker p\u00e5 det som en \u00e5rsak til at det eskalerte. Det ble ikke ulovlig \u00e5 bruke steroider f\u00f8r i 2013.<\/p>\n<p>&#8211; Det var med p\u00e5 \u00e5 fucke meg opp. Jeg mistet f\u00f8lelsene.\u00a0<\/p>\n<p>Da han var ferdig med \u00e5 sone dommen fra Storo-ranet i 2004, beskriver han seg selv som hissig og full av steroider.<\/p>\n<p>&#8211; Folk gikk p\u00e5 t\u00e5 rundt meg. Jeg s\u00e5 meg selv i speilet etter hvert og tenkte at det var mer i livet enn kriminalitet. Jeg synes selv at jeg var en f\u00e6l person.\u00a0<\/p>\n<p>I 2012 bestemte han seg for \u00e5 opps\u00f8ke hjelp for steroidebruken. Han fikk oppf\u00f8lging av avhengighetsklinikken p\u00e5 Ullev\u00e5l sykehus. Her ble han bedt om \u00e5 fylle tiden med blant annet sykling og langrenn.<\/p>\n<p>&#8211; Etter hvert ble jeg mer Michael igjen. Jeg fikk empati for andre.<\/p>\n<p>Han fikk seg en ny kj\u00e6reste og beskriver at han\u00a0\u00abm\u00f8tte bra folk p\u00e5 gymmen\u00bb.<\/p>\n<p class=\"italic m-italic\" data-lab-italic=\"italic\">&#8211; Du fikk et nytt og bedre milj\u00f8?<\/p>\n<p>&#8211; Alts\u00e5, det var et bra milj\u00f8 selv om vi var kriminelle. Fram til milllenium hvert fall. Da kom det flere folk inn.\u00a0<\/p>\n<p>    <a itemprop=\"url\" href=\"https:\/\/www.dagbladet.no\/nyheter\/historisk-dom-vil-vise-makt\/84865857\" rel=\"nofollow noopener\" target=\"_blank\"><\/p>\n<p>        <img loading=\"lazy\" decoding=\"async\" src=\"https:\/\/www.europesays.com\/no\/wp-content\/uploads\/2026\/08\/84865863.webp\" width=\"180\" height=\"81\" alt=\"\" class=\"lazyload\" style=\"--aspect-ratio-image: 2.22; \"\/><\/p>\n<p>        Historisk dom: &#8211; Vil vise makt<\/p>\n<p>    <\/a><\/p>\n<p>Raknet etter Nokas\t<\/p>\n<p> Noe skjedde etter Nokas-ranet. F\u00f8r det var de en mindre gruppe ranere, og det var en tydelig kodeks. Koroma forteller at flere i det kriminelle milj\u00f8et visste at Nokas-ranet skulle skje 5. april 2004.<\/p>\n<p>&#8211; Jeg passet p\u00e5 \u00e5 danse foran alle overv\u00e5kingskameraer og gjorde mye ut av meg selv da jeg snakket med folk, for \u00e5 gi meg selv alibi og ikke bli dratt inn i det, sier han.<\/p>\n<p>Men etter ranet raknet det fullstendig &#8211; og det ble full splittelse i milj\u00f8et, beskriver 54-\u00e5ringen.\u00a0<\/p>\n<p>Ranet endte med at politimannen\u00a0Arne Sigve Klungland (53)\u00a0ble skutt og drept &#8211; f\u00f8r ranslaget, med David Toska i spissen, stakk av med 57,4 millioner kroner.<\/p>\n<p>&#8211; Da politimannen d\u00f8de, skj\u00f8nte man at festen var over. Det var trist at det gikk som det gikk.\u00a0Det ble jo en massiv politiaksjon etter det.\u00a0<\/p>\n<p>        <img loading=\"lazy\" decoding=\"async\" src=\"https:\/\/www.europesays.com\/no\/wp-content\/uploads\/2026\/08\/85075831.webp\" width=\"686\" height=\"515\" alt=\"\" class=\"\" style=\"--aspect-ratio-image: 1.33; \"\/><\/p>\n<p>\n        NOKAS-RANET: Overv\u00e5kingsbilder fra Nokas-ranet i april 2004. Foto: Politiet\n    <\/p>\n<p class=\"italic m-italic\" data-lab-italic=\"italic\">&#8211; Det var vel kanskje ikke helt planlagt at noen skulle d\u00f8?<\/p>\n<p>&#8211; Det kan jeg ikke tenke meg. Jeg var jo ikke der, men du melder deg ikke p\u00e5 et ranslag om du ikke er klar for \u00e5 skyte. Du har med v\u00e5pen av en grunn.\u00a0<\/p>\n<p class=\"italic m-italic\" data-lab-italic=\"italic\">&#8211; Var du forberedt p\u00e5 det selv, under Storo-ranet?<\/p>\n<p>&#8211; Har du v\u00e5pen, har du v\u00e5pen. Du g\u00e5r ikke med det for moro skyld. Men mye av volden jeg har ut\u00f8vd, vet jeg ikke konsekvensene av den dag i dag.\u00a0<\/p>\n<p>        <img loading=\"lazy\" decoding=\"async\" src=\"https:\/\/www.europesays.com\/no\/wp-content\/uploads\/2026\/08\/85075854.webp\" width=\"688\" height=\"393\" alt=\"\" class=\"\" style=\"--aspect-ratio-image: 1.75; \"\/><\/p>\n<p>\n        POLITIJAKT: En politimann ble skutt og drept under et v\u00e6pnet ran mot Norsk Kontantservice i Stavanger i april. Bildet viser politistyrker i Ullandhaugskogen i n\u00e6rheten av stedet hvor fluktbilene ble p\u00e5tent.Foto Alf Ove Hansen \/ SCANPIX\n    <\/p>\n<p>Drapet p\u00e5 Betew\t<\/p>\n<p>Blant dem som ble d\u00f8mt for Nokas-ranet er Koromas avd\u00f8de venn, Metkel Betew. Han ble <a href=\"https:\/\/www.dagbladet.no\/nyheter\/metkel-betew-skutt-og-drept\/82980401\" rel=\"nofollow noopener\" target=\"_blank\">skutt og drept p\u00e5sken i fjor<\/a>. Kort tid etter ble <a href=\"https:\/\/www.dagbladet.no\/nyheter\/stig-millehaugen-pagrepet\/82986398\" rel=\"nofollow noopener\" target=\"_blank\">Stig Millehaugen p\u00e5grepet<\/a> og siktet for drap eller medvirkning til drap. Han <a href=\"https:\/\/www.dagbladet.no\/nyheter\/stig-millehaugen-funnet-dod-pa-cella\/84161334\" rel=\"nofollow noopener\" target=\"_blank\">d\u00f8de i fengsel i januar i \u00e5r<\/a>.<\/p>\n<p>54-\u00e5ringen snakket med dem begge kort tid f\u00f8r drapet. De avtalte \u00e5 samles til en felles middag.<\/p>\n<p>I dokumentarserien \u00abBrutalt brorskap\u00bb legger Michael Koroma ned blomster p\u00e5 graven til Betew.<\/p>\n<p>&#8211; Jeg st\u00e5r midt mellom barken og veden, da. Det er kompisen min som har skutt kompisen min, liksom. Jeg er splittet. Hva faen skjer a &#8230;, sier han gr\u00e5tkvalt i episoden.\u00a0<\/p>\n<p>&#8211; Jeg vet ikke hva jeg tror og ikke tror. Jeg kan ikke tro noe som helst, legger han til.<\/p>\n<p>    <a itemprop=\"url\" href=\"https:\/\/www.dagbladet.no\/nyheter\/frykter-de-aldri-far-svar\/84488806\" rel=\"nofollow noopener\" target=\"_blank\"><\/p>\n<p>        <img loading=\"lazy\" decoding=\"async\" src=\"https:\/\/www.europesays.com\/no\/wp-content\/uploads\/2026\/08\/82996761.webp\" width=\"180\" height=\"81\" alt=\"\" class=\"lazyload\" style=\"--aspect-ratio-image: 2.22; \"\/><\/p>\n<p>        &#8211; Frykter de aldri f\u00e5r svar<\/p>\n<p>    <\/a><\/p>\n<p>I intervjuet med Dagbladet omtaler han det hele som\u00a0\u00abhelt forferdelig\u00bb, men sier ogs\u00e5:<\/p>\n<p>&#8211; Enten kj\u00f8rer du fullt ut eller s\u00e5 drar du i brekket og ordner livet f\u00f8r det er for seint. Det er ikke s\u00e5 fett.\u00a0Mange fra den tida har kommet seg ut av det. Hadde Metkel fortsatt p\u00e5 universitetet, kunne det g\u00e5tt bedre. Du vet, det livet her er ikke noen lek. Vi er voksne n\u00e5, og kan ikke skylde p\u00e5 foreldrene v\u00e5re lenger. Fortsetter du det livet s\u00e5 er det et valg.<\/p>\n<p>54-\u00e5ringen understreker:<\/p>\n<p>&#8211; Det er som jeg sier til brukerne mine: Du m\u00e5 legge ned en innsats selv for \u00e5 f\u00e5 til en endring.<\/p>\n<p>    <a itemprop=\"url\" href=\"https:\/\/www.dagbladet.no\/nyheter\/stig-millehaugen-funnet-dod-pa-cella\/84161334\" rel=\"nofollow noopener\" target=\"_blank\"><\/p>\n<p>        <img loading=\"lazy\" decoding=\"async\" src=\"https:\/\/www.europesays.com\/no\/wp-content\/uploads\/2026\/08\/82986408.webp\" width=\"180\" height=\"81\" alt=\"\" class=\"lazyload\" style=\"--aspect-ratio-image: 2.22; \"\/><\/p>\n<p>        Stig Millehaugen funnet d\u00f8d p\u00e5 cella<\/p>\n<p>    <\/a><\/p>\n<p>&#8211; Har betydd alt\t<\/p>\n<p>Tilbake til da alt endret seg for 54-\u00e5ringen. Han var p\u00e5 avhengighetsklinikken p\u00e5 Ullev\u00e5l sykehus. Psykologspesialist Terje Nordhaug spurte om han kunne tenke seg \u00e5 bli en r\u00e5dgiver eller konsulent, for \u00e5 hjelpe unge gutter.\u00a0<\/p>\n<p>De stilte begge opp i en reportasje i <a href=\"https:\/\/www.vg.no\/nyheter\/i\/kaOWmA\/25-aar-som-doping-junkie\" rel=\"nofollow noopener\" target=\"_blank\">VG<\/a>, de holdt flere foredrag og Koroma inngikk et samarbeid med Antidoping Norge, samt et steroideprosjekt p\u00e5 Gaustad. Han fikk en plass i samfunnet.<\/p>\n<p class=\"font-weight-bold m-font-weight-bold\" data-lab-font_weight=\"font-weight-bold\">&#8211; Folk h\u00f8rte p\u00e5 meg. Jeg ble sett. Det var utrolig viktig for meg, sier han.\u00a0<\/p>\n<p>Etter \u00e5 ha blitt far p\u00e5 nytt, s\u00f8kte han jobb som erfaringskonsulent for RusFACT.<\/p>\n<p class=\"italic m-italic\" data-lab-italic=\"italic\">&#8211; Hva skrev du p\u00e5 CVen?\u00a0<\/p>\n<p>&#8211; Jeg var \u00e6rlig og skrev opp \u00e5ra jeg hadde v\u00e6rt i fengsel. Det var noen hull p\u00e5 den CVen. Men jeg ble med videre i prosessen og fikk et intervju.\u00a0<\/p>\n<p>Noen dager seinere satt han i bilen p\u00e5 Lambertseter da telefonen ringte. Han hadde f\u00e5tt jobben.\u00a0<\/p>\n<p>&#8211; Da kom det en t\u00e5re i bilen faktisk. Jeg ble en del av teamet. Jeg er likestilt. Det har betydd alt. Du f\u00f8ler p\u00e5 et medborgerskap, at du har en plass i samfunnet.\u00a0<\/p>\n<p>    <a itemprop=\"url\" href=\"https:\/\/www.dagbladet.no\/nyheter\/hadde-moter-i-skjul\/82987809\" rel=\"nofollow noopener\" target=\"_blank\"><\/p>\n<p>        <img loading=\"lazy\" decoding=\"async\" src=\"https:\/\/www.europesays.com\/no\/wp-content\/uploads\/2026\/08\/80232158.webp\" width=\"180\" height=\"81\" alt=\"\" class=\"lazyload\" style=\"--aspect-ratio-image: 2.22; \"\/><\/p>\n<p>        Hadde m\u00f8ter i skjul<\/p>\n<p>    <\/a><\/p>\n<p>Ny jobb\t<\/p>\n<p>N\u00e5 har han f\u00e5tt ny jobb som brukerspesialist p\u00e5 Oslo universitetssykehus som han starter i til h\u00f8sten.\u00a0<\/p>\n<p class=\"italic m-italic\" data-lab-italic=\"italic\">&#8211; Du har levd som en superstjerne. Hvordan er det da \u00e5 bli fattig?\u00a0<\/p>\n<p>&#8211; Fattig? Jeg er rik p\u00e5 livet! Jeg har barna mine. Jeg gir faen i alt s\u00e5 lenge jeg har tak over hodet og mat p\u00e5 bordet. Men bare s\u00e5 det er sagt, enten du er streit eller kjeltring, det er noe med den f\u00f8lelsen n\u00e5r du kan g\u00e5 inn i en luksusbutikk i Monaco og kj\u00f8pe det du vil. \u00c5 fy faen. Det er digg.<\/p>\n<p class=\"italic m-italic\" data-lab-italic=\"italic\">&#8211; Hender det at du savner det livet?\u00a0<\/p>\n<p>&#8211; Jeg savner kanskje litt action. Det tr\u00f8kket da det sto p\u00e5 som verst. Jeg savner ikke tystere. Og det er mye jobb. Du jobber 24\/7 som kriminell. Det er ikke kjappe penger.<\/p>\n<p>Koroma er sv\u00e6rt takknemlig overfor alle som har gitt ham en sjanse. Uten dem hadde det v\u00e6rt lett \u00e5 falle tilbake til gamle uvaner.<\/p>\n<p class=\"italic m-italic\" data-lab-italic=\"italic\">&#8211; Tror du noen kunne n\u00e5dd inn til deg tidligere?\u00a0<\/p>\n<p>&#8211; Kanskje. Om det hadde v\u00e6rt noen der som tok tak i meg i 13-14-\u00e5rsalderen. At de hadde f\u00e5tt meg til \u00e5 satse p\u00e5 idretten. Men da var det g\u00f8yere med piker, vin og sang.\u00a0<\/p>\n<p>    Har du tips til meg?<\/p>\n<p>        <img loading=\"lazy\" decoding=\"async\" src=\"https:\/\/www.europesays.com\/no\/wp-content\/uploads\/2026\/08\/84490404.webp\" width=\"265\" height=\"197\" alt=\"\" class=\"\" style=\"--aspect-ratio-image: 1.35; \"\/><\/p>\n<p>Jeg heter Angelica Hagen og dekker krim i Dagbladet.<\/p>\n<p>Har du tips i denne eller andre saker? Ta kontakt.<\/p>\n<p><a class=\"button small\" href=\"https:\/\/www.dagbladet.no\/nyheter\/innrommer-sjokk-ran-etter-28-ar\/mailto:krimgruppa@db.no\" rel=\"nofollow noopener\" target=\"_blank\">Send e-post<\/a> <a class=\"button small\" href=\"https:\/\/www.dagbladet.no\/securedrop\/\" rel=\"nofollow noopener\" target=\"_blank\">Kryptert tips<\/a><\/p>\n<p>      Vis mer<br \/>\n      Vis mindre<\/p>\n","protected":false},"excerpt":{"rendered":"&#8211; Jeg har aldri lagt skjul p\u00e5 hvem jeg er. Jeg har v\u00e6rt en kriminell faen, liksom. Men&hellip;\n","protected":false},"author":2,"featured_media":336902,"comment_status":"","ping_status":"","sticky":false,"template":"","format":"standard","meta":{"footnotes":"","_share_on_mastodon":"0"},"categories":[10],"tags":[20,21,24,25,15,2539,148,22,23,13,30,28,29,14,16,26,27],"class_list":["post-336901","post","type-post","status-publish","format-standard","has-post-thumbnail","category-norge","tag-breaking-news","tag-breakingnews","tag-featured-news","tag-featurednews","tag-headlines","tag-innenriks","tag-kriminalitet","tag-latest-news","tag-latestnews","tag-news","tag-no","tag-norge","tag-norway","tag-nyheter","tag-overskrifter","tag-top-stories","tag-topstories"],"share_on_mastodon":{"url":"https:\/\/pubeurope.com\/@no\/117174924715367514","error":""},"_links":{"self":[{"href":"https:\/\/www.europesays.com\/no\/wp-json\/wp\/v2\/posts\/336901","targetHints":{"allow":["GET"]}}],"collection":[{"href":"https:\/\/www.europesays.com\/no\/wp-json\/wp\/v2\/posts"}],"about":[{"href":"https:\/\/www.europesays.com\/no\/wp-json\/wp\/v2\/types\/post"}],"author":[{"embeddable":true,"href":"https:\/\/www.europesays.com\/no\/wp-json\/wp\/v2\/users\/2"}],"replies":[{"embeddable":true,"href":"https:\/\/www.europesays.com\/no\/wp-json\/wp\/v2\/comments?post=336901"}],"version-history":[{"count":0,"href":"https:\/\/www.europesays.com\/no\/wp-json\/wp\/v2\/posts\/336901\/revisions"}],"wp:featuredmedia":[{"embeddable":true,"href":"https:\/\/www.europesays.com\/no\/wp-json\/wp\/v2\/media\/336902"}],"wp:attachment":[{"href":"https:\/\/www.europesays.com\/no\/wp-json\/wp\/v2\/media?parent=336901"}],"wp:term":[{"taxonomy":"category","embeddable":true,"href":"https:\/\/www.europesays.com\/no\/wp-json\/wp\/v2\/categories?post=336901"},{"taxonomy":"post_tag","embeddable":true,"href":"https:\/\/www.europesays.com\/no\/wp-json\/wp\/v2\/tags?post=336901"}],"curies":[{"name":"wp","href":"https:\/\/api.w.org\/{rel}","templated":true}]}}