{"id":337055,"date":"2026-08-29T05:17:33","date_gmt":"2026-08-29T05:17:33","guid":{"rendered":"https:\/\/www.europesays.com\/no\/337055\/"},"modified":"2026-08-29T05:17:33","modified_gmt":"2026-08-29T05:17:33","slug":"omstridt-plan-vekker-sinne-blir-kvalm","status":"publish","type":"post","link":"https:\/\/www.europesays.com\/no\/337055\/","title":{"rendered":"Omstridt plan vekker sinne: &#8211; Blir kvalm"},"content":{"rendered":"<p class=\"kicker \" style=\"\">Kong Harald er d\u00f8d:\u00a0<\/p>\n<p class=\"subtitle \" style=\"\">Kong Haralds siste oppdrag for Norge var preget av b\u00e5de glede og sorg.\u00a0<\/p>\n<p>\n    SISTE GANG: Kong Harald ankommer Oslo domkirke for en minnemarkering etter 22. juli-terroren, 22. juli i \u00e5r. Dette ble kongens siste offentlige oppdrag. Foto: Frederik Ringnes \/ NTB\n  <\/p>\n<p>Kong Harald sovnet stille inn p\u00e5 Rikshospitalet i Oslo tidlig fredag morgen, etter \u00e5 ha v\u00e6rt innlagt siden mandag i forrige uke.\u00a0<\/p>\n<p> If\u00f8lge kongehusets programarkiv hadde kong Harald de faste oppgavene sine, som audienser p\u00e5 Slottet, statsr\u00e5d p\u00e5 fredagene og tilstedev\u00e6relse p\u00e5 merkedager, helt fram til 7. august. Da m\u00f8tte han forsvarsministeren i audiens f\u00f8r han og kronprinsen var til stede ved statsr\u00e5d. <\/p>\n<p>De siste m\u00e5nedene fulgte kong Harald sitt oppsatte program, tross helseutfordringer. Han viste seg p\u00e5 slottsbalkongen 17. mai og hilste barnetoget.\u00a0<\/p>\n<p>    <a itemprop=\"url\" href=\"https:\/\/borsen.dagbladet.no\/nyheter\/kongens-jaktkamerat-i-stor-sorg\/85076071\" rel=\"nofollow noopener\" target=\"_blank\"><\/p>\n<p>        <img loading=\"lazy\" decoding=\"async\" src=\"https:\/\/www.europesays.com\/no\/wp-content\/uploads\/2026\/08\/85076113.webp\" width=\"180\" height=\"81\" alt=\"\" class=\"lazyload\" style=\"--aspect-ratio-image: 2.22; \"\/><\/p>\n<p>        Kongens jaktkamerat: &#8211; I stor sorg<\/p>\n<p>    <\/a><\/p>\n<p>Deltok p\u00e5 minnegudstjeneste  <\/p>\n<p>Kongeparet deltok p\u00e5 minnegudstjeneste i Oslo domkirke 22. juli i \u00e5r &#8211; 15 \u00e5r etter at terroren rammet. Det skulle bli den siste offentlige opptreden for kong Harald.<\/p>\n<p>        <img loading=\"lazy\" decoding=\"async\" src=\"https:\/\/www.europesays.com\/no\/wp-content\/uploads\/2026\/08\/85077766.webp\" width=\"688\" height=\"393\" alt=\"\" class=\"\" style=\"--aspect-ratio-image: 1.75; \"\/><\/p>\n<p>\n        KREVENDE: Biskop Sunniva Gylve sier hun oppfattet at det kostet kong Harald mye \u00e5 g\u00e5 opp og ned midtgangen i Oslo domkirke. Foto: Annika Byrde \/ NTB\n    <\/p>\n<p>Sunniva Gylver er biskop i Oslo og tok imot kongeparet denne dagen.\u00a0<\/p>\n<p>&#8211; Han deltok i gudstjenesten p\u00e5 sin fine m\u00e5te, men det virket som det kostet ham mye \u00e5 g\u00e5 opp og ned midtgangen. Jeg husker jeg tenkte at dette kanskje var siste gang jeg s\u00e5 ham g\u00e5 slik, og at jeg kjente p\u00e5 hvor glad jeg var i kongen v\u00e5r og hvor mye han betydde for oss som nasjon og enkeltmennesker, sier Gylver til Dagbladet.\u00a0<\/p>\n<p>Hun m\u00f8tte kong Harald flere ganger og beskriver ham som \u00abn\u00e6rv\u00e6rende og varm\u00bb.\u00a0<\/p>\n<p>&#8211; Med god humor og en smittende latter. Han evnet \u00e5 v\u00e6re b\u00e5de \u00abfolkelig og kongelig\u00bb p\u00e5 en gang; v\u00e6re en av oss og samtidig v\u00e5r monark, forteller Gylver.\u00a0<\/p>\n<p>    <a itemprop=\"url\" href=\"https:\/\/www.dagbladet.no\/kjendis\/slik-var-kongens-siste-dager\/85073758\" rel=\"nofollow noopener\" target=\"_blank\"><\/p>\n<p>        <img loading=\"lazy\" decoding=\"async\" src=\"https:\/\/www.europesays.com\/no\/wp-content\/uploads\/2026\/08\/85075032.webp\" width=\"180\" height=\"81\" alt=\"\" class=\"lazyload\" style=\"--aspect-ratio-image: 2.22; \"\/><\/p>\n<p>        Slik var kongens siste dager<\/p>\n<p>    <\/a><\/p>\n<p>&#8211; Samlende bauta<\/p>\n<p>Hun sier videre at b\u00e5de hun selv og flere tenkte at kong Harald hadde en stor og utfordrende oppgave da han tok over etter kong Olav i 1991.\u00a0<\/p>\n<p>&#8211; Men kong Harald ble virkelig ogs\u00e5 en folkets konge \u2013 p\u00e5 tvers av holdningene til monarkiet som styreform. Kongens tale 22. juli n\u00e5dde langt inn i oss og langt ut; samlet folk p\u00e5 tvers av det politiske spekteret, og gjorde at folk f\u00f8lte seg sett, sier Gylver.\u00a0<\/p>\n<p>        <img loading=\"lazy\" decoding=\"async\" src=\"https:\/\/www.europesays.com\/no\/wp-content\/uploads\/2026\/08\/85075540.webp\" width=\"688\" height=\"393\" alt=\"\" class=\"\" style=\"--aspect-ratio-image: 1.75; \"\/><\/p>\n<p>\n        SISTE GANG: Kong Harald og biskop i Oslo bisped\u00f8mme, Sunniva Gylver, under 22. juli markeringen i Oslo domkirke 22. juli i \u00e5r. Foto: Annika Byrde \/ NTB\n    <\/p>\n<p>I august 2011 &#8211; rundt en m\u00e5ned etter at terroren rammet for 15 \u00e5r siden, holdt kongen en tale som har blitt omtalt som\u00a0<a href=\"https:\/\/www.dagbladet.no\/nyheter\/hans-aller-beste-tale\/63586924\" target=\"_blank\" rel=\"nofollow noopener\">en av hans aller beste<\/a>.\u00a0<\/p>\n<p>&#8211; Som far, bestefar og ektefelle kan jeg bare ane noe av deres smerte. Som landets konge f\u00f8ler jeg med hver og en av dere, sa en tydelig preget kong Harald den gang.<\/p>\n<p>Gylver sier kong Harald gjennom sine bes\u00f8k landet rundt og gjennom sine taler, ble en samlende konge.\u00a0<\/p>\n<p>&#8211; Kong Harald ble en\u00a0samlende bauta for folket. Han har vist evne til \u00e5 sette ord p\u00e5 tanker og f\u00f8lelser mange har kjent p\u00e5, l\u00f8fte fram utsatte grupper i samfunnet, og sette viktige tema p\u00e5 dagsorden, sier Gylver og trekker fram kong Haralds tale fra 2016.\u00a0<\/p>\n<p>&#8211; Det satte ord p\u00e5 og ga retning til et mangfoldig og inkluderende samfunn som vi fortsatt m\u00e5 strekke oss etter \u00e5 v\u00e6re. <\/p>\n<p>    <a itemprop=\"url\" href=\"https:\/\/www.kk.no\/livet\/dette-skjer-med-mette-marit\/85066317\" rel=\"nofollow noopener\" target=\"_blank\"><\/p>\n<p>        <img loading=\"lazy\" decoding=\"async\" src=\"https:\/\/www.europesays.com\/no\/wp-content\/uploads\/2026\/08\/85066395.webp\" width=\"180\" height=\"81\" alt=\"\" class=\"lazyload\" style=\"--aspect-ratio-image: 2.22; \"\/><\/p>\n<p>        Dette skjer med Mette-Marit<\/p>\n<p>    <\/a><\/p>\n<p>&#8211; Det beste ved \u00e5 v\u00e6re konge  <\/p>\n<p>I mai <a href=\"https:\/\/www.dagbladet.no\/kjendis\/om-dronning-sonja-mye-bedre\/84683273\" target=\"_blank\" rel=\"nofollow noopener\">reiste kong Harald alene<\/a> p\u00e5 fylkestur til Vestland, ettersom <a href=\"https:\/\/www.dagbladet.no\/kjendis\/en-oppriktig-bekymring\/84668044\" target=\"_blank\" rel=\"nofollow noopener\">dronning Sonja var syk<\/a>.\u00a0<\/p>\n<p>&#8211; Tre veldig flotte dager og forskjellige dager. Det gir inntrykk av hvor forskjellige kommunene er i landet v\u00e5rt. Det skal de f\u00e5 lov til \u00e5 vise, sa kong Harald.\u00a0<\/p>\n<p>        <img loading=\"lazy\" decoding=\"async\" src=\"https:\/\/www.europesays.com\/no\/wp-content\/uploads\/2026\/08\/85075953.webp\" width=\"688\" height=\"393\" alt=\"\" class=\"\" style=\"--aspect-ratio-image: 1.75; \"\/><\/p>\n<p>\n        DAGBLADETS SISTE: Kong Harald avbildet p\u00e5 fylkestur i Vestland i mai. Bildet ble et av Dagbladets siste av kong Harald. Foto: Nina Hansen \/ Dagbladet\n    <\/p>\n<p>Kongeparet var ogs\u00e5 p\u00e5 reise til Beiarn i Nordland, en kommune kongeparet ikke hadde bes\u00f8kt tidligere.<\/p>\n<p>Fylkesturene var viktige for kongeparet.\u00a0<\/p>\n<p>&#8211;\u00a0Som kronprins og kronprinsesse bestemte vi oss for \u00e5 l\u00e6re v\u00e5rt folk og v\u00e5rt land \u00e5 kjenne. V\u00e5re fylkesturer var en bevisst handling for \u00e5 oppn\u00e5 v\u00e5rt m\u00e5l, sa kong Harald etter \u00e5 ha blitt konge i 1991.\u00a0<\/p>\n<p>&#8211;\u00a0 M\u00f8tene med folket er noe av det beste ved \u00e5 v\u00e6re konge, sa kong Harald under et intervju med TV 2 i 2001.<\/p>\n<p>    <a itemprop=\"url\" href=\"https:\/\/www.dagbladet.no\/nyheter\/blomsterhavet-oker-samles-i-sorgen\/85073895\" rel=\"nofollow noopener\" target=\"_blank\"><\/p>\n<p>        <img loading=\"lazy\" decoding=\"async\" src=\"https:\/\/www.europesays.com\/no\/wp-content\/uploads\/2026\/08\/85075131.webp\" width=\"180\" height=\"81\" alt=\"\" class=\"lazyload\" style=\"--aspect-ratio-image: 2.22; \"\/><\/p>\n<p>        Blomsterhavet \u00f8ker: Samles i sorgen<\/p>\n<p>    <\/a><\/p>\n<p>Kongens siste utenlandsoppdrag fant sted i juni, da kongen og dronning Sonja var til stede ved markeringen av det svenske kongeparets 50-\u00e5rs bryllupsdag i Stockholm.\u00a0<\/p>\n<p>&#8211; Det er med stor sorg min familie og jeg har mottatt beskjeden om at v\u00e5r kj\u00e6re venn, kong Harald, har g\u00e5tt ut av tiden, skriver Sveriges kong Carl Gustaf fredag.\u00a0<\/p>\n<p>        MINNES: Slik minnes vi idrettskongen, kong Harald (1937-2026) <\/p>\n<p>Tok imot herrelandslaget  <\/p>\n<p>Da herrelandslaget kom tilbake fra VM, inviterte kongen til mottakelse p\u00e5 Slottet 13. juli, sammen med kronprinsen, prinsesse Ingrid Alexandra og prins Sverre Magnus.\u00a0<\/p>\n<p>        <img loading=\"lazy\" decoding=\"async\" src=\"https:\/\/www.europesays.com\/no\/wp-content\/uploads\/2026\/08\/85075760.webp\" width=\"688\" height=\"393\" alt=\"\" class=\"\" style=\"--aspect-ratio-image: 1.75; \"\/><\/p>\n<p>\n        BLANT HANS SISTE: Kong Harald sammen med \u00d8rjan H\u00e5skjold Nyland og herrelandslaget i fotball. Landslaget blir tatt imot av kongefamilien p\u00e5 Slottet etter \u00e5 ha returnert fra VM. Foto: Amanda Pedersen Giske \/ NTB\n    <\/p>\n<p> Lyden av tusener som sang \u00abAlt for Norge\u00bb p\u00e5 Slottsplassen, l\u00f8d gjennom den \u00e5pne d\u00f8ren til Slottsbalkongen. <\/p>\n<p>Kong Harald <a href=\"https:\/\/www.dagbladet.no\/kjendis\/rorende-mote-med-solbakken\/84898129\" target=\"_blank\" rel=\"nofollow noopener\">var tydelig r\u00f8rt<\/a> da han tok imot landslagssjef St\u00e5le Solbakken.\u00a0<\/p>\n<p>&#8211; Det var nesten, kunne man h\u00f8re kongen si.\u00a0<\/p>\n<p>        <img loading=\"lazy\" decoding=\"async\" src=\"https:\/\/www.europesays.com\/no\/wp-content\/uploads\/2026\/08\/85076011.webp\" width=\"667\" height=\"441\" alt=\"\" class=\"\" style=\"--aspect-ratio-image: 1.51; \"\/><\/p>\n<p>\n        Kong Harald, kronprins Haakon og prinesse Ingrid Alexandra tok tok imot herrelandslaget i fotball etter suksessen i VM. Her hilser landslagssjef St\u00e5le Solbakken p\u00e5 kong Harald. Foto: Amanda Pedersen Giske \/ NTB\n    <\/p>\n<p>Solbakken har omtalt m\u00f8tet som \u00absterkt\u00bb.\u00a0<\/p>\n<p>&#8211; Det var et fint m\u00f8te for alle. Et sterkt m\u00f8te i forhold til det vi hadde v\u00e6rt gjennom og det han hadde fulgt med p\u00e5. Han sa at han bare gratulerte og at det hadde v\u00e6rt en fin sommer, sa Solbakken.\u00a0<\/p>\n<p>    <a itemprop=\"url\" href=\"https:\/\/www.kk.no\/livet\/slik-endres-ingrid-alexandras-liv-na\/85071091\" rel=\"nofollow noopener\" target=\"_blank\"><\/p>\n<p>        <img loading=\"lazy\" decoding=\"async\" src=\"https:\/\/www.europesays.com\/no\/wp-content\/uploads\/2026\/08\/85071280.webp\" width=\"180\" height=\"81\" alt=\"\" class=\"lazyload\" style=\"--aspect-ratio-image: 2.22; \"\/><\/p>\n<p>        Slik endres Ingrid Alexandras liv n\u00e5<\/p>\n<p>    <\/a><\/p>\n<p>Landslagsspiller Erling Braut Haaland la fredag ut en\u00a0<a href=\"https:\/\/www.dagbladet.no\/sport\/norsk-idrett-i-sorg\/85068236\" target=\"_blank\" rel=\"nofollow noopener\">melding p\u00e5 sosiale medier<\/a>.\u00a0<\/p>\n<p>&#8211; Hvil i fred, Kong Harald. Takk for alt du har v\u00e6rt for Norge. Det var en \u00e6re \u00e5 m\u00f8te deg, skriver han p\u00e5 X.\u00a0<\/p>\n","protected":false},"excerpt":{"rendered":"Kong Harald er d\u00f8d:\u00a0 Kong Haralds siste oppdrag for Norge var preget av b\u00e5de glede og sorg.\u00a0 SISTE&hellip;\n","protected":false},"author":2,"featured_media":337056,"comment_status":"","ping_status":"","sticky":false,"template":"","format":"standard","meta":{"footnotes":"","_share_on_mastodon":"0"},"categories":[5],"tags":[20,21,24,25,15,19,22,23,17,18,13,30,28,29,14,16,26,27,50,412,26094],"class_list":["post-337055","post","type-post","status-publish","format-standard","has-post-thumbnail","category-overskrifter","tag-breaking-news","tag-breakingnews","tag-featured-news","tag-featurednews","tag-headlines","tag-hovedoppslag","tag-latest-news","tag-latestnews","tag-main-news","tag-mainnews","tag-news","tag-no","tag-norge","tag-norway","tag-nyheter","tag-overskrifter","tag-top-stories","tag-topstories","tag-usa","tag-utenriks","tag-yosemite"],"share_on_mastodon":{"url":"https:\/\/pubeurope.com\/@no\/117177106477963252","error":""},"_links":{"self":[{"href":"https:\/\/www.europesays.com\/no\/wp-json\/wp\/v2\/posts\/337055","targetHints":{"allow":["GET"]}}],"collection":[{"href":"https:\/\/www.europesays.com\/no\/wp-json\/wp\/v2\/posts"}],"about":[{"href":"https:\/\/www.europesays.com\/no\/wp-json\/wp\/v2\/types\/post"}],"author":[{"embeddable":true,"href":"https:\/\/www.europesays.com\/no\/wp-json\/wp\/v2\/users\/2"}],"replies":[{"embeddable":true,"href":"https:\/\/www.europesays.com\/no\/wp-json\/wp\/v2\/comments?post=337055"}],"version-history":[{"count":0,"href":"https:\/\/www.europesays.com\/no\/wp-json\/wp\/v2\/posts\/337055\/revisions"}],"wp:featuredmedia":[{"embeddable":true,"href":"https:\/\/www.europesays.com\/no\/wp-json\/wp\/v2\/media\/337056"}],"wp:attachment":[{"href":"https:\/\/www.europesays.com\/no\/wp-json\/wp\/v2\/media?parent=337055"}],"wp:term":[{"taxonomy":"category","embeddable":true,"href":"https:\/\/www.europesays.com\/no\/wp-json\/wp\/v2\/categories?post=337055"},{"taxonomy":"post_tag","embeddable":true,"href":"https:\/\/www.europesays.com\/no\/wp-json\/wp\/v2\/tags?post=337055"}],"curies":[{"name":"wp","href":"https:\/\/api.w.org\/{rel}","templated":true}]}}