{"id":337161,"date":"2026-08-29T07:27:49","date_gmt":"2026-08-29T07:27:49","guid":{"rendered":"https:\/\/www.europesays.com\/no\/337161\/"},"modified":"2026-08-29T07:27:49","modified_gmt":"2026-08-29T07:27:49","slug":"kongefamilien-samlet-i-sorg-hos-dronning-sonja-etter-kong-haralds-dod","status":"publish","type":"post","link":"https:\/\/www.europesays.com\/no\/337161\/","title":{"rendered":"Kongefamilien samlet i sorg hos dronning Sonja etter kong Haralds d\u00f8d"},"content":{"rendered":"<p class=\"kicker \" style=\"\">Kong Harald er d\u00f8d:<\/p>\n<p class=\"subtitle \" style=\"\">Barn og barnebarn samlet seg hjemme hos dronning Sonja p\u00e5 Bygd\u00f8 kongsg\u00e5rd for \u00e5 bearbeide sorgen.\u00a0<\/p>\n<p>\n    SL\u00c5R RING OM SONJA: Da kong Haakon og kronprinsesse Ingrid Alexandra var i statsr\u00e5d samlet kongefamilien seg bak de hvite veggene p\u00e5 Bygd\u00f8 kongsg\u00e5rd. Foto: Andreas Fadum \/ Se og H\u00f8r.\n  <\/p>\n<p class=\"font-weight-bold m-font-weight-bold no_italic m-no_italic op-bg_80 color_mobile_op-bg_80\" data-lab-italic=\"\" data-lab-font_weight=\"font-weight-bold\">SISTE: Like f\u00f8r 15.30 reiste flere av kongefamiliens medlemmer fra Bygd\u00f8 kongsg\u00e5rd, deriblant Leah (21) og Emma Tallulah (17). En halvtime senere forlot prinsesse M\u00e4rtha Louise (54) ogs\u00e5 kongsg\u00e5rden. De tre prinsessed\u00f8trene kom tilbake igjen, f\u00f8r de senere forlot kongsg\u00e5rden <a href=\"https:\/\/www.seher.no\/kongelig\/reiste-fra-bygdo\/85077133\" rel=\"nofollow noopener\" target=\"_blank\">samtidig som Marius Borg H\u00f8iby<\/a>, klokka 18.40.\u00a0<\/p>\n<p>        <img loading=\"lazy\" decoding=\"async\" src=\"https:\/\/www.europesays.com\/no\/wp-content\/uploads\/2026\/08\/85078118.webp\" width=\"667\" height=\"601\" alt=\"\" class=\"\" style=\"--aspect-ratio-image: 1.11; \"\/><\/p>\n<p>\n        REISTE: Emma Tallulah Behn ble kj\u00f8rt ut av Bygd\u00f8 Kongsg\u00e5rd like f\u00f8r halv fire fredag ettermiddag. Foto: Se og H\u00f8r\n    <\/p>\n<p>        <img loading=\"lazy\" decoding=\"async\" src=\"https:\/\/www.europesays.com\/no\/wp-content\/uploads\/2026\/08\/85078120.webp\" width=\"667\" height=\"434\" alt=\"\" class=\"\" style=\"--aspect-ratio-image: 1.54; \"\/><\/p>\n<p>\n        RETUR: Ogs\u00e5 Leah Behn ble kj\u00f8rt hjem etter \u00e5 ha tilbrakt tid sammen med familien. Foto: Se og H\u00f8r\n    <\/p>\n<p>        <img loading=\"lazy\" decoding=\"async\" src=\"https:\/\/www.europesays.com\/no\/wp-content\/uploads\/2026\/08\/85078355.webp\" width=\"667\" height=\"554\" alt=\"\" class=\"\" style=\"--aspect-ratio-image: 1.20; \"\/><\/p>\n<p>\n        PREGET: Prinsesse M\u00e4rtha Louise p\u00e5 vei ut av Bygd\u00f8 kongsg\u00e5rd. Foto: Se og H\u00f8r\n    <\/p>\n<p class=\"no_italic m-no_italic op-bg_80 color_mobile_op-bg_80 font-weight-light m-font-weight-light color_mobile_no_bg_color\" data-lab-italic=\"\" data-lab-font_weight=\"font-weight-light\" data-lab-text_background_color=\"\">I 18-tiden reiste kong Haakon, dronning Mette-Marit, kronprinsesse Ingrid Alexandra, dronning Sonja og prins Sverre Magnus.\u00a0<\/p>\n<p>        <img loading=\"lazy\" decoding=\"async\" src=\"https:\/\/www.europesays.com\/no\/wp-content\/uploads\/2026\/08\/85078917.webp\" width=\"667\" height=\"554\" alt=\"\" class=\"\" style=\"--aspect-ratio-image: 1.20; \"\/><\/p>\n<p>\n        P\u00c5 VEI: Kronprinsesse Ingrid Alexandra sammen med kong Haakon og dronning Mette-Marit. Foto: Se og H\u00f8r\n    <\/p>\n<p>        <img loading=\"lazy\" decoding=\"async\" src=\"https:\/\/www.europesays.com\/no\/wp-content\/uploads\/2026\/08\/85078919.webp\" width=\"667\" height=\"381\" alt=\"\" class=\"\" style=\"--aspect-ratio-image: 1.75; \"\/><\/p>\n<p>\n        SAMMEN MED BESTEMOR: Prins Sverre Magnus reiste fra kongsg\u00e5rden i samme bil som bestemor dronning Sonja. Foto: Se og H\u00f8r\n    <\/p>\n<p class=\"no_italic m-no_italic\" data-lab-italic=\"\" data-lab-font_weight=\"\">Samtidig som kong Haakon (53) fredag <a href=\"https:\/\/www.seher.no\/kongelig\/innkaller-til-historisk-statsrad\/85068559\" style=\"font-weight: 400;\" rel=\"nofollow noopener\" target=\"_blank\">holdt sitt aller f\u00f8rste statsr\u00e5d som konge<\/a>, samlet den n\u00e6rmeste familien seg p\u00e5 Bygd\u00f8 Kongsg\u00e5rd, hvor dronning Sonja (89) har oppholdt seg i sommerhalv\u00e5ret.<\/p>\n<p>        <img loading=\"lazy\" decoding=\"async\" src=\"https:\/\/www.europesays.com\/no\/wp-content\/uploads\/2026\/08\/85075841.webp\" width=\"667\" height=\"474\" alt=\"\" class=\"\" style=\"--aspect-ratio-image: 1.41; \"\/><\/p>\n<p>\n        SOMMERRESIDENS: Hver sommer flyttet kong Harald og dronning Sonja fra Slottet til Bygd\u00f8 kongsg\u00e5rd. Her er de fotografert sammen da restaureringen sto ferdig. Foto: Andreas Fadum \/ Se og H\u00f8r\n    <\/p>\n<p>Fredag var det stor aktivitet ved Bygd\u00f8 Kongsg\u00e5rd.\u00a0<\/p>\n<p class=\"font-weight-bold m-font-weight-bold\" data-lab-font_weight=\"font-weight-bold\">Se og H\u00f8r observerte 16 sorte biler ved kongsg\u00e5rden, hvor dronning Sonja oppholder seg etter kong Haralds d\u00f8d.<\/p>\n<p>        <img loading=\"lazy\" decoding=\"async\" src=\"https:\/\/www.europesays.com\/no\/wp-content\/uploads\/2026\/08\/85075844.webp\" width=\"667\" height=\"647\" alt=\"\" class=\"\" style=\"--aspect-ratio-image: 1.03; \"\/><\/p>\n<p>\n        H\u00d8YE PORTER: Det var strengt vakthold rundt Bygd\u00f8 kongsg\u00e5rd, ettersom kongefamilien var samlet i sorg. I tillegg til patruljerende gardister var ogs\u00e5 en rekke livvakter fra Eskorten p\u00e5 plass. Foto: Andreas Fadum \/ Se og H\u00f8r\n    <\/p>\n<p>        <img loading=\"lazy\" decoding=\"async\" src=\"https:\/\/www.europesays.com\/no\/wp-content\/uploads\/2026\/08\/85076048.webp\" width=\"667\" height=\"534\" alt=\"\" class=\"\" style=\"--aspect-ratio-image: 1.25; \"\/><\/p>\n<p>\n        STOR AKTIVITET: En rekke biler sto parkert utenfor Bygd\u00f8 kongsg\u00e5rd. Foto: Se og H\u00f8r\n    <\/p>\n<p>Privat sorg<\/p>\n<p>Familien har gjennom mange \u00e5r vist at de s\u00f8ker sammen n\u00e5r livet byr p\u00e5 utfordringer.\u00a0<\/p>\n<p class=\"font-weight-bold m-font-weight-bold\" data-lab-font_weight=\"font-weight-bold\">I de f\u00f8rste timene etter kong Haralds d\u00f8d, var det tydelig at de igjen sl\u00e5r ring om hverandre &#8211; og s\u00e6rlig om dronning Sonja.<\/p>\n<p>        <img loading=\"lazy\" decoding=\"async\" src=\"https:\/\/www.europesays.com\/no\/wp-content\/uploads\/2026\/08\/85075842.webp\" width=\"667\" height=\"514\" alt=\"\" class=\"\" style=\"--aspect-ratio-image: 1.30; \"\/><\/p>\n<p>\n        ELEGANT: De flotte rommene inne i Bygd\u00f8 kongsg\u00e5rd er lyse og stuene, som ligger p\u00e5 rekke og rad, vender vestover ut mot parkanlegget. Foto: Se og H\u00f8r\n    <\/p>\n<p>Kongefamilien er kjent for \u00e5 v\u00e6re tett sammensveiset, og b\u00e5de barn, barnebarn og den n\u00e6rmeste kretsen har rykket sammen rundt henne.\u00a0<\/p>\n<p>P\u00e5 Bygd\u00f8 Kongsg\u00e5rd f\u00e5r de f\u00f8rst og fremst mulighet til \u00e5 v\u00e6re en familie\u00a0 i sorg, og st\u00f8tte hverandre.\u00a0<\/p>\n<p>        HVA SKJER N\u00c5: Etter en konges bortgang oppst\u00e5r det mange sp\u00f8rsm\u00e5l, v\u00e5r kongehusekspert Caroline Vagle svarer opp de mest stilte sp\u00f8rsm\u00e5lene. Video og Foto: NTB \/ Se og H\u00f8r \/\/ Programleder: Caroline Vagle<\/p>\n<p>Sl\u00e5r ring om dronningen<\/p>\n<p>Samlingen kom bare timer etter at kong Harald d\u00f8de p\u00e5 Rikshospitalet fredag morgen.\u00a0<\/p>\n<p><a href=\"https:\/\/www.seher.no\/kongelig\/her-var-sonja-da-beskjeden-kom\/85072688\" rel=\"nofollow noopener\" target=\"_blank\">Dronning Sonja mottok d\u00f8dsbudskapet p\u00e5 kongsg\u00e5rden<\/a>, og dro s\u00e5 til Rikshospitalet, hvor hennes s\u00f8nn &#8211; Norges nye kong Haakon &#8211; ventet.<\/p>\n<p>        <img loading=\"lazy\" decoding=\"async\" src=\"https:\/\/www.europesays.com\/no\/wp-content\/uploads\/2026\/08\/85075840.webp\" width=\"667\" height=\"627\" alt=\"\" class=\"\" style=\"--aspect-ratio-image: 1.06; \"\/><\/p>\n<p>\n        YNDET STED: Kong Harald og dronning Sonja fotografert med prins Sverre Magnus, kong Haakon, dronning Mette-Marit og kronprinsesse Ingrid Alexandra. Foto: Simen L\u00f8vberg Sund, Det kongelige hoff\n    <\/p>\n<p>Kongefamiliens medlemmer kom en etter en til Rikshospitalet.\u00a0<\/p>\n<p>Prins Sverre Magnus (20), kronprinsesse Ingrid (22), dronning Mette-Marit (53) og prinsesse M\u00e4rthas (54) datter Leah Behn (21), var blant familiemedlemmene som ble observert ved sykehuset.<\/p>\n<p>Trolig var flere av dem samlet p\u00e5 kongsg\u00e5rden rundt dronning Sonja, som har mistet den viktigste personen i sitt liv.<\/p>\n<p>    <a itemprop=\"url\" href=\"https:\/\/www.seher.no\/kongelig\/bryter-tausheten\/85074913\" rel=\"nofollow noopener\" target=\"_blank\"><\/p>\n<p>        <img loading=\"lazy\" decoding=\"async\" src=\"https:\/\/www.europesays.com\/no\/wp-content\/uploads\/2026\/08\/85075363.webp\" width=\"147\" height=\"98\" alt=\"\" class=\"lazyload\" style=\"--aspect-ratio-image: 1.50; \"\/><\/p>\n<p>        Bryter tausheten<\/p>\n<p>    <\/a><\/p>\n<p class=\"font-weight-bold m-font-weight-bold\" data-lab-font_weight=\"font-weight-bold\">For familien er dette f\u00f8rst og fremst et dypt personlig tap.\u00a0<\/p>\n<p class=\"font-weight-light m-font-weight-light\" data-lab-font_weight=\"font-weight-light\">Sonja har mistet ektemannen hun har delt livet med i n\u00e6rmere seks ti\u00e5r, mens barna har mistet sin far og barnebarna sin bestefar.<\/p>\n<p>        HVA SKJER N\u00c5?: Kong Harald er d\u00f8d \u2013 Vil vi da se mer av kronprinsesse Ingrid Alexandra? Se og H\u00f8rs kongehusekspert Caroline Vagle svarer. Video og Foto: NTB \/ Se og H\u00f8r \/\/ Programleder: Caroline Vagle<\/p>\n<p>At s\u00e5 mange biler var samlet ved Bygd\u00f8 Kongsg\u00e5rd, vitner om at den n\u00e6rmeste kretsen har rykket tett sammen rundt dronning Sonja i timene etter d\u00f8dsfallet.<\/p>\n<p>Familien f\u00e5r dermed anledning til \u00e5 v\u00e6re sammen i sorgen, p\u00e5 et rolig sted hvor ogs\u00e5 kong Harald trivdes s\u00e5 godt.<\/p>\n<p>    <a itemprop=\"url\" href=\"https:\/\/www.seher.no\/kongelig\/denne-dagen-har-jeg-gruet-meg-til\/85070016\" rel=\"nofollow noopener\" target=\"_blank\"><\/p>\n<p>        <img loading=\"lazy\" decoding=\"async\" src=\"https:\/\/www.europesays.com\/no\/wp-content\/uploads\/2026\/08\/85070531.webp\" width=\"180\" height=\"81\" alt=\"\" class=\"lazyload\" style=\"--aspect-ratio-image: 2.22; \"\/><\/p>\n<p>        Denne dagen har jeg gruet meg til<\/p>\n<p>    <\/a><\/p>\n<p>Haakon i statsr\u00e5d<\/p>\n<p>Samtidig m\u00e5tte kong Haakon og kronprinsesse Ingrid Alexandra ivareta de formelle pliktene som f\u00f8lger umiddelbart etter et tronskifte.<\/p>\n<p class=\"font-weight-bold m-font-weight-bold\" data-lab-font_weight=\"font-weight-bold\">Etter statsr\u00e5d kj\u00f8rte slottets limousin med registreringsnummer \u00abA2\u00bb\u00a0 fra Slottet til Bygd\u00f8 kongsg\u00e5rd med det r\u00f8de kongeflagget p\u00e5 panseret.<\/p>\n<p>        <img loading=\"lazy\" decoding=\"async\" src=\"https:\/\/www.europesays.com\/no\/wp-content\/uploads\/2026\/08\/85075993.webp\" width=\"667\" height=\"561\" alt=\"\" class=\"\" style=\"--aspect-ratio-image: 1.19; \"\/><\/p>\n<p>\n        KLEDD I SORT: Kronprinsesse Ingrid Alexandra fikk kondolanser av regjeringens medlemmer. Foto: NTB\n    <\/p>\n<p>I baksetet satt Haakon og kronprinsessen, fortsatt alvorstynget.\u00a0<\/p>\n<p>Det er ventet at kong Haakon vil adressere folket. De neste dagene vil det ogs\u00e5 v\u00e6re flere programpunkter i forbindelse med Haralds bortgang.<\/p>\n<p>        <img loading=\"lazy\" decoding=\"async\" src=\"https:\/\/www.europesays.com\/no\/wp-content\/uploads\/2026\/08\/85077258.webp\" width=\"667\" height=\"501\" alt=\"\" class=\"\" style=\"--aspect-ratio-image: 1.33; \"\/><\/p>\n<p>\n        MED KONGEFLAGGET: Bilen har Norges kongelige flagg p\u00e5 panseret. Det er r\u00f8dt med den norske l\u00f8ven i gull, og brukes for \u00e5 markere at kongen er til stede i kj\u00f8ret\u00f8yet. Foto: Se og H\u00f8r\n    <\/p>\n<p>        <img loading=\"lazy\" decoding=\"async\" src=\"https:\/\/www.europesays.com\/no\/wp-content\/uploads\/2026\/08\/85077218.webp\" width=\"667\" height=\"447\" alt=\"\" class=\"\" style=\"--aspect-ratio-image: 1.49; \"\/><\/p>\n<p>\n        GJENSYN: Kong Haakon og kronprinsesse Ingrid Alexandra ble gjenforent med kongefamilien p\u00e5 Bygd\u00f8 kongsg\u00e5rd. Denne dagen vil de minnes resten av livet. Foto: Se og H\u00f8r\n    <\/p>\n<p>Kong Haralds barnebarn Leah Behn var den siste som ankom i en sort bil, tydelig preget etter \u00e5 ha mistet bestefar.<\/p>\n<p>        <img loading=\"lazy\" decoding=\"async\" src=\"https:\/\/www.europesays.com\/no\/wp-content\/uploads\/2026\/08\/85077415.webp\" width=\"667\" height=\"494\" alt=\"\" class=\"\" style=\"--aspect-ratio-image: 1.35; \"\/><\/p>\n<p>\n        MED SJ\u00c5F\u00d8R: Leah Behn, kledd i sort, sluttet seg til resten av familien rundt klokken 14. Foto: Se og H\u00f8r\n    <\/p>\n<p>Ogs\u00e5 prinsesse M\u00e4rtha og Ari Behns yngste datter Emma Tallulah Behn ankom Bygd\u00f8y.<\/p>\n","protected":false},"excerpt":{"rendered":"Kong Harald er d\u00f8d: Barn og barnebarn samlet seg hjemme hos dronning Sonja p\u00e5 Bygd\u00f8 kongsg\u00e5rd for \u00e5&hellip;\n","protected":false},"author":2,"featured_media":337162,"comment_status":"","ping_status":"","sticky":false,"template":"","format":"standard","meta":{"footnotes":"","_share_on_mastodon":"0"},"categories":[5],"tags":[20,21,2592,26098,1560,4104,24,25,15,19,26072,26069,76,26099,22,23,4447,17,18,13,30,28,29,14,16,402,26,27],"class_list":["post-337161","post","type-post","status-publish","format-standard","has-post-thumbnail","category-overskrifter","tag-breaking-news","tag-breakingnews","tag-den-norske-kongefamilien","tag-dronning-mette-marit","tag-dronning-sonja","tag-eksklusivt","tag-featured-news","tag-featurednews","tag-headlines","tag-hovedoppslag","tag-kong-haakon","tag-kong-harald-dod","tag-kongelig","tag-kronprinsesse-ingrid-alexandra","tag-latest-news","tag-latestnews","tag-leah-behn","tag-main-news","tag-mainnews","tag-news","tag-no","tag-norge","tag-norway","tag-nyheter","tag-overskrifter","tag-prins-sverre-magnus","tag-top-stories","tag-topstories"],"share_on_mastodon":{"url":"https:\/\/pubeurope.com\/@no\/117177622369954456","error":""},"_links":{"self":[{"href":"https:\/\/www.europesays.com\/no\/wp-json\/wp\/v2\/posts\/337161","targetHints":{"allow":["GET"]}}],"collection":[{"href":"https:\/\/www.europesays.com\/no\/wp-json\/wp\/v2\/posts"}],"about":[{"href":"https:\/\/www.europesays.com\/no\/wp-json\/wp\/v2\/types\/post"}],"author":[{"embeddable":true,"href":"https:\/\/www.europesays.com\/no\/wp-json\/wp\/v2\/users\/2"}],"replies":[{"embeddable":true,"href":"https:\/\/www.europesays.com\/no\/wp-json\/wp\/v2\/comments?post=337161"}],"version-history":[{"count":0,"href":"https:\/\/www.europesays.com\/no\/wp-json\/wp\/v2\/posts\/337161\/revisions"}],"wp:featuredmedia":[{"embeddable":true,"href":"https:\/\/www.europesays.com\/no\/wp-json\/wp\/v2\/media\/337162"}],"wp:attachment":[{"href":"https:\/\/www.europesays.com\/no\/wp-json\/wp\/v2\/media?parent=337161"}],"wp:term":[{"taxonomy":"category","embeddable":true,"href":"https:\/\/www.europesays.com\/no\/wp-json\/wp\/v2\/categories?post=337161"},{"taxonomy":"post_tag","embeddable":true,"href":"https:\/\/www.europesays.com\/no\/wp-json\/wp\/v2\/tags?post=337161"}],"curies":[{"name":"wp","href":"https:\/\/api.w.org\/{rel}","templated":true}]}}