{"id":337243,"date":"2026-08-29T09:05:17","date_gmt":"2026-08-29T09:05:17","guid":{"rendered":"https:\/\/www.europesays.com\/no\/337243\/"},"modified":"2026-08-29T09:05:17","modified_gmt":"2026-08-29T09:05:17","slug":"dronning-sonja-slottet-dette-blir-sonjas-nye-rolle","status":"publish","type":"post","link":"https:\/\/www.europesays.com\/no\/337243\/","title":{"rendered":"Dronning Sonja, Slottet | Dette blir Sonjas nye rolle"},"content":{"rendered":"\n<p>(<a href=\"www.nettavisen.no\" rel=\"Follow\">Nettavisen<\/a>): Fredag morgen kom nyheten om at kong Harald hadde sovnet stille inn etter en periode med sykdom. S\u00f8nnen hans og Norges nye monark, kong Haakon VIII, har varslet at dronning Sonja beholder sin dronningtittel.<\/p>\n<p>Selv om Sonja, som nylig fylte 89 \u00e5r, n\u00e5 g\u00e5r inn i en ny fase i livet, forventer Nettavisens kongehuseksperter at hun p\u00e5 ingen m\u00e5te vil forsvinne fra offentligheten.\u00a0<\/p>\n<p>De peker p\u00e5 at hun vil bli en uvurderlig st\u00f8tte for det nye kongeparet, s\u00e6rlig i en tid der det er f\u00e5 arbeidende medlemmer i kongefamilien.<\/p>\n<p>\u2013 Alle vil se p\u00e5 henne som en stor ressurs videre for den nye kongen og det nye kongeparet. Kronprinsesse Mette-Marit har nylig v\u00e6rt gjennom en alvorlig transplantasjon, og barna til det nye kongeparet er studenter og vil bruke tid p\u00e5 studier framover, sier kongehusekspert Per Gunnar Sv\u00e6ren til Nettavisen.<\/p>\n<p>Forventer at hun fullf\u00f8rer<\/p>\n<p>Dronning Sonja og kong Harald bestemte tidlig i tiden sin som kongepar at de skulle bes\u00f8ke alle landets kommuner. Samlet har de bes\u00f8kt hele 353 av Norges 357 kommuner.<\/p>\n<p>De fire siste bes\u00f8kene, til Rindal og H\u00f8ylandet i Tr\u00f8ndelag og Siljan og Nissedal i Telemark, var planlagt i l\u00f8pet av h\u00f8sten.<\/p>\n<p>Kongehuset meldte torsdag at alle hendelser i kalenderen til dronning Sonja var avlyst.\u00a0<\/p>\n<p>Sjefredakt\u00f8r i Nettavisen, Frode Hansen, forventer likevel at Sonja p\u00e5 sikt fullf\u00f8rer m\u00e5let om \u00e5 bes\u00f8ke de fire gjenst\u00e5ende kommunene.<\/p>\n<p>\u2013 Kong Harald regjerte aldri alene. Sonja sto hele veien ved hans side. De fordelte oppgaver, de diskuterte, de reiste landet rundt sammen. Vi regner jo med at Sonja fullf\u00f8rer det oppdraget de startet sammen, sier Hansen til Nettavisen.<\/p>\n<p>    Kjempet for sin egen plass <\/p>\n<p>Det var aldri noen selvf\u00f8lge at Sonja skulle f\u00e5 den posisjonen hun har i dag. Hun har siden 1991 v\u00e6rt dronning i Norge, men veien dit var lang og krevende.<\/p>\n<p>Da hun og Harald giftet seg 29. august 1968, var Sonja Norges f\u00f8rste kronprinsesse uten adelig bakgrunn. Hun m\u00f8tte betydelig motstand fra hoffet den f\u00f8rste tiden, og det gikk om lag 20 \u00e5r f\u00f8r hun i det hele tatt fikk sitt eget kontor p\u00e5 Slottet.<\/p>\n<p>\u2013 Harald hadde de konstitusjonelle pliktene, men Sonja skapte samtidig en moderne og selvstendig dronningrolle, fremhever Hansen.<\/p>\n<p>Nettavisens kongehusekspert Tove Taalesen trekker frem et klassisk eksempel p\u00e5 hvordan Sonja utfordret normene.<\/p>\n<p>\u2013 Da hun ble dronning, insisterte hun p\u00e5 \u00e5 v\u00e6re med p\u00e5 Stortingets h\u00f8ytidelige \u00e5pning. Det var en stor diskusjon om hun skulle f\u00e5 lov til det eller ikke, men i dag er hun en helt naturlig del av den tradisjonen, sier hun.<\/p>\n<p>    Sl\u00e5r tilbake mot rykter <\/p>\n<p>Taalesen, som tidligere har jobbet ved hoffet, mener kong Harald aldri hadde blitt den kongen han var uten dronning Sonja ved sin side. Hun sl\u00e5r samtidig ned p\u00e5 oppfatningen enkelte har hatt om dronningen gjennom \u00e5rene.<\/p>\n<p>\u2013 Jeg blir alltid litt provosert n\u00e5r jeg h\u00f8rer vandrehistoriene om at Sonja skal v\u00e6re s\u00e5 vanskelig. Det som kjennetegner dronning Sonja, er at hun er tydelig. Hun vet hvordan hun \u00f8nsker \u00e5 ha det, og som regel har hun rett. N\u00e5r kvinner er bestemte, f\u00e5r de fort et stempel p\u00e5 seg for \u00e5 v\u00e6re sjefete, sier Taalesen.<\/p>\n<p>Hun mener dronningens presisjonsniv\u00e5 og grundighet har r\u00f8tter tilbake til den ti\u00e5rslange ventetiden f\u00f8r forlovelsen ble godkjent.<\/p>\n<p>\u2013 Det handler nok om at hun i mange \u00e5r f\u00f8lte at hun aldri var god nok til \u00e5 gifte seg med kronprins Harald. Det har gjort at hun har overkompensert, alltid er utrolig godt forberedt og overleverer hver eneste gang, sier Taalesen og legger til:<\/p>\n<p>\u2013 De som m\u00f8ter henne vet at hun er varm, menneskelig og har masse empati. Hun er s\u00e5 lettr\u00f8rt at t\u00e5rene nesten triller hver gang hun holder tale eller m\u00f8ter mennesker.<\/p>\n","protected":false},"excerpt":{"rendered":"(Nettavisen): Fredag morgen kom nyheten om at kong Harald hadde sovnet stille inn etter en periode med sykdom.&hellip;\n","protected":false},"author":2,"featured_media":337244,"comment_status":"","ping_status":"","sticky":false,"template":"","format":"standard","meta":{"footnotes":"","_share_on_mastodon":"0"},"categories":[5],"tags":[36,20,21,1560,24,25,15,19,1222,22,23,17,18,13,30,28,29,14,16,404,1510,26,27],"class_list":["post-337243","post","type-post","status-publish","format-standard","has-post-thumbnail","category-overskrifter","tag-art","tag-breaking-news","tag-breakingnews","tag-dronning-sonja","tag-featured-news","tag-featurednews","tag-headlines","tag-hovedoppslag","tag-kongefamilien","tag-latest-news","tag-latestnews","tag-main-news","tag-mainnews","tag-news","tag-no","tag-norge","tag-norway","tag-nyheter","tag-overskrifter","tag-slottet","tag-story","tag-top-stories","tag-topstories"],"share_on_mastodon":{"url":"https:\/\/pubeurope.com\/@no\/117178002500432391","error":""},"_links":{"self":[{"href":"https:\/\/www.europesays.com\/no\/wp-json\/wp\/v2\/posts\/337243","targetHints":{"allow":["GET"]}}],"collection":[{"href":"https:\/\/www.europesays.com\/no\/wp-json\/wp\/v2\/posts"}],"about":[{"href":"https:\/\/www.europesays.com\/no\/wp-json\/wp\/v2\/types\/post"}],"author":[{"embeddable":true,"href":"https:\/\/www.europesays.com\/no\/wp-json\/wp\/v2\/users\/2"}],"replies":[{"embeddable":true,"href":"https:\/\/www.europesays.com\/no\/wp-json\/wp\/v2\/comments?post=337243"}],"version-history":[{"count":0,"href":"https:\/\/www.europesays.com\/no\/wp-json\/wp\/v2\/posts\/337243\/revisions"}],"wp:featuredmedia":[{"embeddable":true,"href":"https:\/\/www.europesays.com\/no\/wp-json\/wp\/v2\/media\/337244"}],"wp:attachment":[{"href":"https:\/\/www.europesays.com\/no\/wp-json\/wp\/v2\/media?parent=337243"}],"wp:term":[{"taxonomy":"category","embeddable":true,"href":"https:\/\/www.europesays.com\/no\/wp-json\/wp\/v2\/categories?post=337243"},{"taxonomy":"post_tag","embeddable":true,"href":"https:\/\/www.europesays.com\/no\/wp-json\/wp\/v2\/tags?post=337243"}],"curies":[{"name":"wp","href":"https:\/\/api.w.org\/{rel}","templated":true}]}}