{"id":337257,"date":"2026-08-29T09:24:15","date_gmt":"2026-08-29T09:24:15","guid":{"rendered":"https:\/\/www.europesays.com\/no\/337257\/"},"modified":"2026-08-29T09:24:15","modified_gmt":"2026-08-29T09:24:15","slug":"kyivs-guvernor-27-drept-i-russisk-angrep-mot-butsja-i-natt","status":"publish","type":"post","link":"https:\/\/www.europesays.com\/no\/337257\/","title":{"rendered":"Kyivs guvern\u00f8r: 27 drept i russisk angrep mot Butsja i natt"},"content":{"rendered":"\n<p class=\"_lead_145nj_2 _lead_6fko5_53 layout-component text-serif-m layout-normal text-serif-l layout-component layout-wide layout-padded _wide_17hqh_1 layout-padded\">En lokal ordf\u00f8rer er blant de omkomne etter droneangrep mot Butsja-distriktet.<\/p>\n<ul aria-hidden=\"true\" class=\"_images_ntbth_112\">\n<li><a class=\"_link_ntbth_117\" href=\"https:\/\/www.vg.no\/forfatter\/isak-loeve-pilskog-loe\" style=\"z-index:1\" title=\"Isak L\u00f8ve Pilskog Loe\" rel=\"nofollow noopener\" target=\"_blank\"><img alt=\"Bilde av Isak L\u00f8ve Pilskog Loe\" class=\"_image_ntbth_93\" fetchpriority=\"low\" loading=\"lazy\" decoding=\"async\" itemprop=\"image\"  src=\"https:\/\/www.europesays.com\/no\/wp-content\/uploads\/2026\/08\/1787995452_781_8b0354e3-bf53-460c-9c1c-790321a0c923.jpeg\"  width=\"480\"\/><\/a><\/li>\n<\/ul>\n<p> Oppdatert l\u00f8rdag 29. august kl. 10:49     <\/p>\n<p class=\"_paragraph_145nj_4 _paragraph_6fko5_10 layout-component text-serif-m layout-normal text-serif-m layout-padded\">Det melder guvern\u00f8ren i Kyiv oblast, Tymur Tkatsjenko, i en rekke oppdateringer fra \u00e5stedet.<\/p>\n<p class=\"_paragraph_145nj_4 _paragraph_6fko5_10 layout-component text-serif-m layout-normal text-serif-m layout-padded\">If\u00f8lge guvern\u00f8ren er s\u00e5 mange som 27 personer bekreftet omkommet etter det han beskriver som et russisk angrep mot Butsja-distriktet, vest for hovedstaden Kyiv. Han advarer om at tallet kan stige.<\/p>\n<p class=\"_paragraph_145nj_4 _paragraph_6fko5_10 layout-component text-serif-m layout-normal text-serif-m layout-padded\">\u2013 Dessverre vet vi per n\u00e5 om 27 personer som har mistet livet. Og dette tallet er kanskje ikke endelig, skriver Tkatsjenko.<\/p>\n<p>Aktiver kart<\/p>\n<p class=\"_paragraph_145nj_4 _paragraph_6fko5_10 layout-component text-serif-m layout-normal text-serif-m layout-padded\">Blant de drepte er Taras Didytsj, som ledet lokalsamfunnet Dmytriv.<\/p>\n<p class=\"_paragraph_145nj_4 _paragraph_6fko5_10 layout-component text-serif-m layout-normal text-serif-m layout-padded\">\u2013 Taras Tarasovitsj var blant de f\u00f8rste som dro til \u00e5stedet og opps\u00f8kte befolkningen. Dette er et stort tap for regionen v\u00e5r, skriver guvern\u00f8ren.<\/p>\n<p>42 skadet<\/p>\n<p class=\"_paragraph_145nj_4 _paragraph_6fko5_10 layout-component text-serif-m layout-normal text-serif-m layout-padded\">If\u00f8lge guvern\u00f8ren er 42 personer skadet, blant dem fire barn. Syv av de skadede er innlagt p\u00e5 sykehus.<\/p>\n<p class=\"_paragraph_145nj_4 _paragraph_6fko5_10 layout-component text-serif-m layout-normal text-serif-m layout-padded\">N\u00f8detater jobber fremdeles p\u00e5 stedet med \u00e5 slukke branner, rive konstruksjoner og lete etter overlevende. <\/p>\n<p class=\"_paragraph_145nj_4 _paragraph_6fko5_10 layout-component text-serif-m layout-normal text-serif-m layout-padded\">Rundt 50 boliger skal v\u00e6re skadet i varierende grad.<\/p>\n<p class=\"_paragraph_145nj_4 _paragraph_6fko5_10 layout-component text-serif-m layout-normal text-serif-m layout-padded\">Totalt 381 personer, deriblant 59 barn, er evakuert fra det angrepsrammede omr\u00e5det. Det er opprettet en operativ kommandosentral i landsbyen Dmytrivka, hvor beboerne f\u00e5r varm mat og psykologisk hjelp.<\/p>\n<p>Aktiver kart<\/p>\n<p class=\"_paragraph_145nj_4 _paragraph_6fko5_10 layout-component text-serif-m layout-normal text-serif-m layout-padded\">Guvern\u00f8ren opplyser at russiske styrker fortsetter \u00e5 angripe Kyiv-regionen med angrepsdroner.<\/p>\n<p class=\"_paragraph_145nj_4 _paragraph_6fko5_10 layout-component text-serif-m layout-normal text-serif-m layout-padded\">\u2013 Det viktigste akkurat n\u00e5 er \u00e5 hjelpe folk og s\u00f8rge for at de er trygge, skriver Tkatsjenko.<\/p>\n<p>    <img decoding=\"async\" alt=\"Tips oss illustrasjon\" src=\"https:\/\/www.europesays.com\/no\/wp-content\/uploads\/2026\/08\/1787995455_768_pssst-small.webp\"\/>    <\/p>\n<p class=\"title-serif-s\">Har du tips?<\/p>\n<p class=\"text-sans-m\">Send oss informasjon, bilder eller video.<\/p>\n<p>  <a href=\"https:\/\/www.vg.no\/tips-oss\" rel=\"nofollow noopener\" target=\"_blank\"> Tips oss <\/a>      <\/p>\n","protected":false},"excerpt":{"rendered":"En lokal ordf\u00f8rer er blant de omkomne etter droneangrep mot Butsja-distriktet. Oppdatert l\u00f8rdag 29. august kl. 10:49 Det&hellip;\n","protected":false},"author":2,"featured_media":337258,"comment_status":"","ping_status":"","sticky":false,"template":"","format":"standard","meta":{"footnotes":"","_share_on_mastodon":"0"},"categories":[12],"tags":[31,20,21,24,25,15,22,23,13,30,28,29,14,16,26,27,42,43,44,45],"class_list":["post-337257","post","type-post","status-publish","format-standard","has-post-thumbnail","category-verden","tag-breaking","tag-breaking-news","tag-breakingnews","tag-featured-news","tag-featurednews","tag-headlines","tag-latest-news","tag-latestnews","tag-news","tag-no","tag-norge","tag-norway","tag-nyheter","tag-overskrifter","tag-top-stories","tag-topstories","tag-verden","tag-world","tag-world-news","tag-worldnews"],"share_on_mastodon":{"url":"https:\/\/pubeurope.com\/@no\/117178078012343638","error":""},"_links":{"self":[{"href":"https:\/\/www.europesays.com\/no\/wp-json\/wp\/v2\/posts\/337257","targetHints":{"allow":["GET"]}}],"collection":[{"href":"https:\/\/www.europesays.com\/no\/wp-json\/wp\/v2\/posts"}],"about":[{"href":"https:\/\/www.europesays.com\/no\/wp-json\/wp\/v2\/types\/post"}],"author":[{"embeddable":true,"href":"https:\/\/www.europesays.com\/no\/wp-json\/wp\/v2\/users\/2"}],"replies":[{"embeddable":true,"href":"https:\/\/www.europesays.com\/no\/wp-json\/wp\/v2\/comments?post=337257"}],"version-history":[{"count":0,"href":"https:\/\/www.europesays.com\/no\/wp-json\/wp\/v2\/posts\/337257\/revisions"}],"wp:featuredmedia":[{"embeddable":true,"href":"https:\/\/www.europesays.com\/no\/wp-json\/wp\/v2\/media\/337258"}],"wp:attachment":[{"href":"https:\/\/www.europesays.com\/no\/wp-json\/wp\/v2\/media?parent=337257"}],"wp:term":[{"taxonomy":"category","embeddable":true,"href":"https:\/\/www.europesays.com\/no\/wp-json\/wp\/v2\/categories?post=337257"},{"taxonomy":"post_tag","embeddable":true,"href":"https:\/\/www.europesays.com\/no\/wp-json\/wp\/v2\/tags?post=337257"}],"curies":[{"name":"wp","href":"https:\/\/api.w.org\/{rel}","templated":true}]}}