{"id":337273,"date":"2026-08-29T09:36:26","date_gmt":"2026-08-29T09:36:26","guid":{"rendered":"https:\/\/www.europesays.com\/no\/337273\/"},"modified":"2026-08-29T09:36:26","modified_gmt":"2026-08-29T09:36:26","slug":"dark-matter-er-tilbake-pa-apple-tv-sesong-2-er-skrevet-forbi-romanen-martin-cid-magazine-no","status":"publish","type":"post","link":"https:\/\/www.europesays.com\/no\/337273\/","title":{"rendered":"Dark Matter er tilbake p\u00e5 Apple TV+ \u2014 sesong 2 er skrevet forbi romanen \u2013 Martin Cid Magazine NO"},"content":{"rendered":"<p>Hver versjon av livet du ikke levde, er fortsatt et liv noen lever. Blake Crouch bygde den premissen for et ti\u00e5r siden, og det er anklagen som alltid har gitt Dark Matter sitt grep: ikke fysikken i parallelle verdener, men den stille dommen som ligger begravd i dem, at personen du ble bare var ett alternativ blant tusenvis. En mann krysset virkeligheter for \u00e5 vinne familien sin tilbake. Det vanskeligere sp\u00f8rsm\u00e5let, som en andre sesong er bygget for \u00e5 stille, er om han kan stole p\u00e5 verdenen som til slutt ga dem til ham.<\/p>\n<p><img loading=\"lazy\" decoding=\"async\" alt=\"YouTube video\" width=\"480\" height=\"360\" data-pin-nopin=\"true\" nopin=\"nopin\" class=\"perfmatters-lazy\" src=\"https:\/\/www.europesays.com\/no\/wp-content\/uploads\/2026\/08\/1787996181_838_hqdefault.jpg\"\/><\/p>\n<p>Dark Matter er <a href=\"https:\/\/no.martincid.com\/?p=3102864\" rel=\"nofollow noopener\" target=\"_blank\">Apple<\/a> TV science fiction-serien basert p\u00e5 Crouchs bestselger fra 2016, og dens andre sesong bringer tilbake Joel Edgerton som Jason Dessen, Chicago-fysikeren som ble bortf\u00f8rt til en alternativ versjon av sitt eget liv, med <a href=\"https:\/\/no.martincid.com\/?p=3106896\" rel=\"nofollow noopener\" target=\"_blank\">Jennifer Connelly<\/a> som Daniela, kona han kjempet p\u00e5 tvers av verdener for \u00e5 n\u00e5. Alice Braga, Jimmi Simpson og Dayo Okeniyi vender tilbake sammen med dem, med Oakes Fegley som Dessen-s\u00f8nn og Amanda Brugel tilbake i folden. Den tilh\u00f8rer en jordn\u00e6r gren av sjangeren, n\u00e6rmere en ekteskapsthriller enn en romopera, der den spekulative enheten eksisterer for \u00e5 sette press p\u00e5 mennesker snarere enn \u00e5 imponere dem.<\/p>\n<p>Det som gj\u00f8r denne returen virkelig uvanlig, er at Crouch ikke lenger adapterer sin egen roman. Den f\u00f8rste sesongen fulgte bokens bue og endte omtrent der romanen sluttet. Den andre er noe kilden aldri inneholdt: en original historie Crouch skrev forbi siste side, som skaper, showrunner og manusforfatter, med Jacquelyn Ben-Zekry som medforfatter p\u00e5 hver av de ti episodene. Det er et sjeldnere trekk enn det h\u00f8res ut som. De fleste litter\u00e6re adaptasjoner er forsiktige forvaltere av kilden og stopper n\u00e5r den gj\u00f8r det.<\/p>\n<p>Det er ogs\u00e5 i tr\u00e5d med forfatteren som gj\u00f8r det. Crouch har brukt karrieren p\u00e5 \u00e5 bekymre seg over den samme nerven: hukommelse, identitet og maskinene som lover \u00e5 redigere dem. Recursion gjorde falske minner til en thrillermotor; Wayward Pines-trilogien, adaptert for TV i 2015, fanget karakterene i en by som ikke var det den ga seg ut for \u00e5 v\u00e6re; Upgrade strakte seg etter intelligensens biologi. Dark Matter er den reneste destillasjonen av den besettelsen, og \u00e5 gi Crouch en andre sesong uten noen bok under, er Apples satsing p\u00e5 ham som et forfattermerke snarere enn p\u00e5 en enkelt tittel.<\/p>\n<p>Dette trekket tvinger ogs\u00e5 frem en spesifikk sammenligning. Historien om parallelle verdener p\u00e5 TV har en tendens til \u00e5 dele seg i to leirer. P\u00e5 den ene siden sitter puslespillboksene, Devs og den kj\u00f8lig deterministiske Primer-slekten, som bel\u00f8nner seeren for \u00e5 dekode et system. P\u00e5 den andre siden sitter karakterstudiene, serier som Counterpart, som behandler multiverset som et moralsk instrument, en m\u00e5te \u00e5 sette et menneske opp mot versjonen av seg selv som valgte annerledes. Dark Matter har alltid tilh\u00f8rt den andre leiren, og en selvforfattet andre sesong er et veddem\u00e5l p\u00e5 at speilet fortsatt har noe \u00e5 vise n\u00e5r bokens handling er brukt opp.<\/p>\n<p>Det veddem\u00e5let omformer seriens kontrakt med publikum. Den f\u00f8rste sesongen stilte et rent, fremadrettet sp\u00f8rsm\u00e5l: kan Jason komme hjem. Svaret kom med romanens slutt, og det stengte den motoren ned. En andre sesong kan ikke bare starte jakten p\u00e5 nytt, s\u00e5 l\u00f8ftet skifter fra en ytre reise til en indre erosjon. Hjem er ikke lenger destinasjonen; det er tingen som kan tapes fra innsiden, stille, av menneskene som kjempet hardest for \u00e5 n\u00e5 det.<\/p>\n<p>Det offisielle oppsettet holder innsatsen innenfor hjemmet, noe som er der serien alltid har v\u00e6rt sterkest. Dessen-familien har sl\u00e5tt seg til ro i et liv som endelig ser trygt ut, helt til, i Crouchs rammeverk, det utenkelige tvinger dem til \u00e5 flykte igjen. Jasons besettelse av Boksen blir dypere p\u00e5 den ene siden; Danielas paranoia utvides p\u00e5 den andre, og presser henne mot et bristepunkt som truer den skj\u00f8re stabiliteten de bl\u00f8dde for. Andre steder, lover synopsisen, sl\u00e5r Amanda og Ryan seg sammen i et desperat fors\u00f8k p\u00e5 \u00e5 finne veien hjem.<\/p>\n<p>Under maskinvaren er angsten hverdagslig og treffer beinet. Dark Matter tar den sv\u00e6rt samtidige frykten for at ethvert liv du forplikter deg til, er en stille avkall p\u00e5 alle de andre, og flytter den inn i den eldste forpliktelsesenheten som finnes. Boksen er en maskin for anger. Den gj\u00f8r mistanken, kjent for ethvert langt ekteskap, om at personen over bordet sakte blir en fremmed, bokstavelig, og den skarpere frykten under, av ikke lenger \u00e5 v\u00e6re sikker p\u00e5 hvilken versjon av dem, eller av deg selv, du lever med.<\/p>\n<p>Det er ogs\u00e5 en industriell logikk bak returen. Dark Matter kommer som en del av Apples jevne satsing p\u00e5 science fiction som slippes ukentlig, i stedet for p\u00e5 \u00e9n gang, i selskapet det n\u00e5 holder med Foundation, Silo og Severance. Produsert av Sony Pictures Television, er det den typen forfatterdrevet, middels stor sci-fi som plattformen har gjort til sitt varemerke: voksen, id\u00e9-f\u00f8rst, bygget for \u00e5 diskuteres uke for uke i stedet for \u00e5 slukes i l\u00f8pet av en helg.<\/p>\n<p>Alt dette sirkler rundt sp\u00f8rsm\u00e5let serien aldri har \u00f8nsket \u00e5 svare p\u00e5, og kanskje er klok nok til \u00e5 la v\u00e6re: hvis hver vei du ikke tok er virkelig et sted, hva er det egentlig et menneske beskytter n\u00e5r de kjemper for \u00e5 beholde det ene livet de har, og kan en mann satt sammen av sine egne anger noen gang slutte \u00e5 flykte fra dem? En selvskrevet andre sesong trenger ikke \u00e5 l\u00f8se det. Den m\u00e5 holde sp\u00f8rsm\u00e5let i live uten romanen \u00e5 st\u00f8tte seg p\u00e5.<\/p>\n<p>Hva du b\u00f8r vite f\u00f8r Dark Matter sesong 2<\/p>\n<p>Er den basert p\u00e5 romanen? Den f\u00f8rste sesongen adapterte Crouchs bok fra 2016; den andre er en original oppf\u00f8lgerhistorie han skrev utover den, uten noen trykt kilde \u00e5 f\u00f8lge. Hvem er med? Joel Edgerton og Jennifer Connelly leder, sammen med Alice Braga, Jimmi Simpson, Dayo Okeniyi, Oakes Fegley og Amanda Brugel.<\/p>\n<p>Dark Matter returnerer med en andre sesong p\u00e5 ti episoder p\u00e5 Apple TV, produsert av Sony Pictures Television, med nye episoder ukentlig p\u00e5 fredager frem til 30. oktober 2026, og sesongstart i slutten av august.<\/p>\n<p>Skuespillere<img loading=\"lazy\" decoding=\"async\" width=\"421\" height=\"632\" data-id=\"3183132\" alt=\"Joel Edgerton som Jason Dessen \/ Jason2\" class=\"wp-image-3183132 perfmatters-lazy\" src=\"https:\/\/www.europesays.com\/no\/wp-content\/uploads\/2026\/08\/r2TTDZ8cG5wrZqx7Drz1M95S9z3.jpg\"  data-\/>Joel Edgerton \u2014 Jason Dessen \/ Jason2<img loading=\"lazy\" decoding=\"async\" width=\"300\" height=\"450\" data-id=\"3106906\" alt=\"Jennifer Connelly som Daniela Dessen\" class=\"wp-image-3106906 perfmatters-lazy\" src=\"https:\/\/www.europesays.com\/no\/wp-content\/uploads\/2026\/08\/wdmcJagSRJ65AuJ4IUCzuHAdvgy.jpg\"\/>Jennifer Connelly \u2014 Daniela Dessen<img loading=\"lazy\" decoding=\"async\" width=\"421\" height=\"632\" data-id=\"3120397\" alt=\"Alice Braga som Dr. Amanda Lucas\" class=\"wp-image-3120397 perfmatters-lazy\" src=\"https:\/\/www.europesays.com\/no\/wp-content\/uploads\/2026\/08\/d9JdgvUiqyWuGQLmozNfGZOpIBz.jpg\"  data-\/>Alice Braga \u2014 Dr. Amanda Lucas<img loading=\"lazy\" decoding=\"async\" width=\"422\" height=\"632\" data-id=\"3183133\" alt=\"Jimmi Simpson som Ryan Holder\" class=\"wp-image-3183133 perfmatters-lazy\" src=\"https:\/\/www.europesays.com\/no\/wp-content\/uploads\/2026\/08\/gerE8VqXfFyAs3QhbUlwEuZllKq.jpg\"  data-\/>Jimmi Simpson \u2014 Ryan Holder<img loading=\"lazy\" decoding=\"async\" width=\"421\" height=\"632\" data-id=\"3120401\" alt=\"Dayo Okeniyi som Leighton Vance\" class=\"wp-image-3120401 perfmatters-lazy\" src=\"https:\/\/www.europesays.com\/no\/wp-content\/uploads\/2026\/08\/8m4ZIuzVBDjFbJFLXebc4iwv27o.jpg\"  data-\/>Dayo Okeniyi \u2014 Leighton Vance<img loading=\"lazy\" decoding=\"async\" width=\"421\" height=\"632\" data-id=\"3183134\" alt=\"Oakes Fegley som Charlie Dessen\" class=\"wp-image-3183134 perfmatters-lazy\" src=\"https:\/\/www.europesays.com\/no\/wp-content\/uploads\/2026\/08\/jDiuzOh12xmrkwtnZWBPEEjpNva.jpg\"  data-\/>Oakes Fegley \u2014 Charlie Dessen<img loading=\"lazy\" decoding=\"async\" width=\"421\" height=\"632\" data-id=\"3133684\" alt=\"Amanda Brugel som Blair Caplan\" class=\"wp-image-3133684 perfmatters-lazy\" src=\"https:\/\/www.europesays.com\/no\/wp-content\/uploads\/2026\/08\/3W1RR8CzP5uk6sFt92i1QyjGLRT.jpg\"  data-\/>Amanda Brugel \u2014 Blair Caplan<img loading=\"lazy\" decoding=\"async\" width=\"421\" height=\"631\" data-id=\"3183135\" alt=\"Aina Brei'Yon som Dawn Lawrence\" class=\"wp-image-3183135 perfmatters-lazy\" src=\"https:\/\/www.europesays.com\/no\/wp-content\/uploads\/2026\/08\/AjKcqTIjjaKEQdYbst5rY3bhUJY.jpg\"  data-\/>Aina Brei&#8217;Yon \u2014 Dawn Lawrence<img loading=\"lazy\" decoding=\"async\" width=\"421\" height=\"632\" data-id=\"3183136\" alt=\"Tiff Abreu som Mindy\" class=\"wp-image-3183136 perfmatters-lazy\" src=\"https:\/\/www.europesays.com\/no\/wp-content\/uploads\/2026\/08\/iKTgxdWRzr71lwptBE8VsbQS3BP.jpg\"  data-\/>Tiff Abreu \u2014 Mindy<\/p>\n<p class=\"wp-block-paragraph\" style=\"font-size:.75em;color:#666;margin-top:4px\">Foto: The Movie Database (TMDB)<\/p>\n<p class=\"mcm-tags\">Tagger: <a class=\"mcm-tag\" href=\"https:\/\/no.martincid.com\/tag\/sci-fi-no\/\" rel=\"tag nofollow noopener\" target=\"_blank\">science fiction<\/a>, <a class=\"mcm-tag\" href=\"https:\/\/no.martincid.com\/tag\/apple-tv-no\/\" rel=\"tag nofollow noopener\" target=\"_blank\">Apple TV+<\/a>, <a class=\"mcm-tag\" href=\"https:\/\/no.martincid.com\/tag\/dark-matter-no\/\" rel=\"tag nofollow noopener\" target=\"_blank\">Dark Matter<\/a>, <a class=\"mcm-tag\" href=\"https:\/\/no.martincid.com\/tag\/jennifer-connelly-no\/\" rel=\"tag nofollow noopener\" target=\"_blank\">Jennifer Connelly<\/a>, <a class=\"mcm-tag\" href=\"https:\/\/no.martincid.com\/tag\/blake-crouch-no\/\" rel=\"tag nofollow noopener\" target=\"_blank\">Blake Crouch<\/a>, <a class=\"mcm-tag\" href=\"https:\/\/no.martincid.com\/tag\/joel-edgerton-no\/\" rel=\"tag nofollow noopener\" target=\"_blank\">Joel Edgerton<\/a><\/p>\n","protected":false},"excerpt":{"rendered":"Hver versjon av livet du ikke levde, er fortsatt et liv noen lever. Blake Crouch bygde den premissen&hellip;\n","protected":false},"author":2,"featured_media":337274,"comment_status":"","ping_status":"","sticky":false,"template":"","format":"standard","meta":{"footnotes":"","_share_on_mastodon":"0"},"categories":[57],"tags":[30,28,29,65,63,64,66,70,69,67,68],"class_list":["post-337273","post","type-post","status-publish","format-standard","has-post-thumbnail","category-vitenskap-og-teknologi","tag-no","tag-norge","tag-norway","tag-science","tag-science-and-technology","tag-scienceandtechnology","tag-technology","tag-teknologi","tag-vitenskap","tag-vitenskap-og-teknologi","tag-vitenskapteknologi"],"share_on_mastodon":{"url":"https:\/\/pubeurope.com\/@no\/117178125514586692","error":""},"_links":{"self":[{"href":"https:\/\/www.europesays.com\/no\/wp-json\/wp\/v2\/posts\/337273","targetHints":{"allow":["GET"]}}],"collection":[{"href":"https:\/\/www.europesays.com\/no\/wp-json\/wp\/v2\/posts"}],"about":[{"href":"https:\/\/www.europesays.com\/no\/wp-json\/wp\/v2\/types\/post"}],"author":[{"embeddable":true,"href":"https:\/\/www.europesays.com\/no\/wp-json\/wp\/v2\/users\/2"}],"replies":[{"embeddable":true,"href":"https:\/\/www.europesays.com\/no\/wp-json\/wp\/v2\/comments?post=337273"}],"version-history":[{"count":0,"href":"https:\/\/www.europesays.com\/no\/wp-json\/wp\/v2\/posts\/337273\/revisions"}],"wp:featuredmedia":[{"embeddable":true,"href":"https:\/\/www.europesays.com\/no\/wp-json\/wp\/v2\/media\/337274"}],"wp:attachment":[{"href":"https:\/\/www.europesays.com\/no\/wp-json\/wp\/v2\/media?parent=337273"}],"wp:term":[{"taxonomy":"category","embeddable":true,"href":"https:\/\/www.europesays.com\/no\/wp-json\/wp\/v2\/categories?post=337273"},{"taxonomy":"post_tag","embeddable":true,"href":"https:\/\/www.europesays.com\/no\/wp-json\/wp\/v2\/tags?post=337273"}],"curies":[{"name":"wp","href":"https:\/\/api.w.org\/{rel}","templated":true}]}}