{"id":337279,"date":"2026-08-29T09:40:27","date_gmt":"2026-08-29T09:40:27","guid":{"rendered":"https:\/\/www.europesays.com\/no\/337279\/"},"modified":"2026-08-29T09:40:27","modified_gmt":"2026-08-29T09:40:27","slug":"vinje-trafikk-alvorlig-trafikkulykke-i-vinje","status":"publish","type":"post","link":"https:\/\/www.europesays.com\/no\/337279\/","title":{"rendered":"Vinje, Trafikk | Alvorlig trafikkulykke i Vinje"},"content":{"rendered":"\n<p><b>VINJE: <\/b>S\u00f8r-\u00d8st politidistrikt melder l\u00f8rdag formiddag at n\u00f8detatene har rykket ut til en alvorlig trafikkulykke p\u00e5 Haukeli.\u00a0<\/p>\n<p><b>\u2013 Det er meldt om at det er en motorsykkel og bil involvert og f\u00f8rer av motorsykkel framst\u00e5r livl\u00f8s, opplyser operasjonsleder St\u00e5le Olstad Fuglaas klokken 10.38.<\/b><\/p>\n<p>If\u00f8lge Vegtrafikksentralen er E 134 stengt i begge retninger.\u00a0<\/p>\n<p><b>\u2013 Det er fare for at veien blir stengt i en lengre periode. Skal du kj\u00f8re \u00d8st-Vest m\u00e5 du velge alternative ruter, skriver de p\u00e5 X.<\/b><\/p>\n<p><b>\u2013 Ulykken har skjedd p\u00e5 grensen mellom S\u00f8r-\u00d8st og Vest politidistrikt s\u00e5 det var lang kj\u00f8revei for alle til ulykkesstedet, sier operasjonslederen til NTB.<\/b><\/p>\n<p>Han sier de har f\u00e5tt mange telefoner om ulykken, og at det meldes om d\u00e5rlig v\u00e6r i fjellet.<\/p>\n<p><b>\u2013 Veien vil bli stengt lenge, sier han. <br \/><\/b><\/p>\n<p>If\u00f8lge Vegvesenet sitt kart har ulykken skjedd i dette omr\u00e5det:\u00a0<\/p>\n<p>Saken oppdateres. <\/p>\n","protected":false},"excerpt":{"rendered":"VINJE: S\u00f8r-\u00d8st politidistrikt melder l\u00f8rdag formiddag at n\u00f8detatene har rykket ut til en alvorlig trafikkulykke p\u00e5 Haukeli.\u00a0 \u2013&hellip;\n","protected":false},"author":2,"featured_media":337280,"comment_status":"","ping_status":"","sticky":false,"template":"","format":"standard","meta":{"footnotes":"","_share_on_mastodon":"0"},"categories":[5],"tags":[36,20,21,24,25,15480,15,19,22,23,17,18,13,30,28,29,14,16,1510,26,27,224,3127],"class_list":["post-337279","post","type-post","status-publish","format-standard","has-post-thumbnail","category-overskrifter","tag-art","tag-breaking-news","tag-breakingnews","tag-featured-news","tag-featurednews","tag-haukeli","tag-headlines","tag-hovedoppslag","tag-latest-news","tag-latestnews","tag-main-news","tag-mainnews","tag-news","tag-no","tag-norge","tag-norway","tag-nyheter","tag-overskrifter","tag-story","tag-top-stories","tag-topstories","tag-trafikk","tag-vinje"],"share_on_mastodon":{"url":"https:\/\/pubeurope.com\/@no\/117178140512092865","error":""},"_links":{"self":[{"href":"https:\/\/www.europesays.com\/no\/wp-json\/wp\/v2\/posts\/337279","targetHints":{"allow":["GET"]}}],"collection":[{"href":"https:\/\/www.europesays.com\/no\/wp-json\/wp\/v2\/posts"}],"about":[{"href":"https:\/\/www.europesays.com\/no\/wp-json\/wp\/v2\/types\/post"}],"author":[{"embeddable":true,"href":"https:\/\/www.europesays.com\/no\/wp-json\/wp\/v2\/users\/2"}],"replies":[{"embeddable":true,"href":"https:\/\/www.europesays.com\/no\/wp-json\/wp\/v2\/comments?post=337279"}],"version-history":[{"count":0,"href":"https:\/\/www.europesays.com\/no\/wp-json\/wp\/v2\/posts\/337279\/revisions"}],"wp:featuredmedia":[{"embeddable":true,"href":"https:\/\/www.europesays.com\/no\/wp-json\/wp\/v2\/media\/337280"}],"wp:attachment":[{"href":"https:\/\/www.europesays.com\/no\/wp-json\/wp\/v2\/media?parent=337279"}],"wp:term":[{"taxonomy":"category","embeddable":true,"href":"https:\/\/www.europesays.com\/no\/wp-json\/wp\/v2\/categories?post=337279"},{"taxonomy":"post_tag","embeddable":true,"href":"https:\/\/www.europesays.com\/no\/wp-json\/wp\/v2\/tags?post=337279"}],"curies":[{"name":"wp","href":"https:\/\/api.w.org\/{rel}","templated":true}]}}