{"id":337341,"date":"2026-08-29T11:13:22","date_gmt":"2026-08-29T11:13:22","guid":{"rendered":"https:\/\/www.europesays.com\/no\/337341\/"},"modified":"2026-08-29T11:13:22","modified_gmt":"2026-08-29T11:13:22","slug":"norske-fans-i-konsertkaos-helt-sjokkerende","status":"publish","type":"post","link":"https:\/\/www.europesays.com\/no\/337341\/","title":{"rendered":"Norske fans i konsertkaos: &#8211; Helt sjokkerende"},"content":{"rendered":"<p class=\"subtitle \" style=\"\">Swedish House Mafia-konserten p\u00e5 Ullevi ble avlyst da uv\u00e6ret slo inn over G\u00f6teborg. Fem nordmenn fra Skien havnet midt i kaoset.<\/p>\n<p>\n    UTSATT: Kveldens konsert med Swedish House Mafia, er utsatt p\u00e5 grunn av uv\u00e6r. Bildet viser bandet p\u00e5 en konsert i 2022. Foto: AP\/NTB\n  <\/p>\n<p>If\u00f8lge lyndata ble det registrert over 1000 lynnedslag i omr\u00e5det, skriver <a href=\"https:\/\/www.expressen.se\/noje\/askovader-swedish-house--mafias-konsert-stoppas\/\" rel=\"nofollow noopener\" target=\"_blank\">Expressen<\/a>.\u00a0<\/p>\n<p>&#8211; Publikum buer. Det lyner p\u00e5 himmelen, sa\u00a0<a href=\"https:\/\/www.aftonbladet.se\/nojesbladet\/a\/k0bx9X\/blixtovader-over-swedish-house-maffias-konsert\" target=\"_blank\" rel=\"nofollow noopener\">Aftonbladets<\/a>\u00a0anmelder Per Magnusson, som var p\u00e5 stedet.<\/p>\n<p>Rett etter klokka 22 kom arrang\u00f8rene med f\u00f8lgende beskjed over h\u00f8yttaleranlegget:<\/p>\n<p>&#8211; Mine damer og herrer. Evakuering p\u00e5g\u00e5r. Ikke l\u00f8p. F\u00f8lg anvisningene fra personalet.<\/p>\n<p>Bandet kommenterte selv hendelsen p\u00e5 Instagram fredag kveld.<\/p>\n<p>&#8211; Dette gj\u00f8r vondt. Vi vet at mange har reist langt, ventet lenge, og det finnes ingenting vi kan skrive for \u00e5 gj\u00f8re det mindre tungt, skriver de blant annet.<\/p>\n<p>&#8211; Helt sjokkerende\t<\/p>\n<p>Blant dem som hadde reist langt, var en gruppe p\u00e5 fem nordmenn fra Skien.<\/p>\n<p>&#8211; Det var helt sjokkerende. Det var ikke greit, det vi var gjennom n\u00e5, sier Hilde Karine Johansen til Dagbladet.<\/p>\n<p>Dagbladet snakker med Johansen, s\u00f8nnen Isak og Marte Grimsrud etter at de har kommet seg trygt tilbake til Airbnb-en.<\/p>\n<p>&#8211; Det var helt sykt, sier Grimsrud om v\u00e6ret.<\/p>\n<p>        <img loading=\"lazy\" decoding=\"async\" src=\"https:\/\/www.europesays.com\/no\/wp-content\/uploads\/2026\/08\/85079998.webp\" width=\"667\" height=\"381\" alt=\"\" class=\"\" style=\"--aspect-ratio-image: 1.75; \"\/><\/p>\n<p>\n        SKUFFET: Den norske gjengen hadde reist fra Skien for \u00e5 se Swedish House Mafia. Konserten ble avlyst p\u00e5 grunn av uv\u00e6ret. Foto: Privat\n    <\/p>\n<p>De tre er imidlertid ogs\u00e5 kritiske til hvordan situasjonen ble h\u00e5ndtert inne p\u00e5 stadion.<\/p>\n<p>Etter at den siste oppvarmings-DJ-en var ferdig, forteller de at de ble sittende lenge uten informasjon, samtidig som lynet slo stadig hyppigere over stadion.<\/p>\n<p>&#8211; Vi skj\u00f8nte da at det kom til \u00e5 bli avlyst. V\u00e6ret ble verre og verre, og vi ble klissv\u00e5te, sier Grimsrud.<\/p>\n<p>Etter hvert begynte publikum gradvis \u00e5 forlate stadion.<\/p>\n<p>De tre nordmennene, i likhet med flere publikummere som har uttalt seg til svenske medier, reagerer s\u00e6rlig p\u00e5 mangelen p\u00e5 informasjon fra arrang\u00f8ren.<\/p>\n<p>Beskjeden om \u00e5 forlate stadion kom ikke f\u00f8r klokka 22.\u00a0<\/p>\n<p>Da hadde de aller fleste allerede forlatt stadion, forteller nordmennene til Dagbladet.<\/p>\n<p>        <img loading=\"lazy\" decoding=\"async\" src=\"https:\/\/www.europesays.com\/no\/wp-content\/uploads\/2026\/08\/85080003.webp\" width=\"667\" height=\"381\" alt=\"\" class=\"\" style=\"--aspect-ratio-image: 1.75; \"\/><\/p>\n<p>\n        UV\u00c6R: Lynet slo over Ullevi mens publikum ventet p\u00e5 Swedish House Mafia. Kort tid senere ble konserten avlyst. Foto: Privat\n    <\/p>\n<p>&#8211; Pengene tilbake\t<\/p>\n<p>Swedish House Mafia har senere opplyst at de setter opp en gratiskonsert i G\u00f6teborg sentrum klokka 14.30 l\u00f8rdag.<\/p>\n<p>Det begeistrer imidlertid ikke alle.<\/p>\n<p>&#8211; Det er jo problematisk for oss som har betalt for billetter. Og s\u00e5 skal de sette opp en gratiskonsert midt i G\u00f6teborg. Vi kommer jo aldri til \u00e5 f\u00e5 plass der, sier Isak Johansen.<\/p>\n<p>For den norske gjengen blir det i stedet hjemreise.<\/p>\n<p class=\"italic m-italic\" data-lab-italic=\"italic\">&#8211; Hva forventer dere n\u00e5 fra arrang\u00f8ren?<\/p>\n<p>&#8211; Pengene tilbake. Det er den eneste l\u00f8sningen, tenker jeg.<\/p>\n<p>Bandet opplyser p\u00e5 Instagram at de som har kj\u00f8pt billetter, vil f\u00e5 informasjon fra Live Nation om hva som gjelder for den avlyste konserten.<\/p>\n<p>L\u00f8rdagens konsert p\u00e5 Ullevi g\u00e5r som planlagt.<\/p>\n","protected":false},"excerpt":{"rendered":"Swedish House Mafia-konserten p\u00e5 Ullevi ble avlyst da uv\u00e6ret slo inn over G\u00f6teborg. Fem nordmenn fra Skien havnet&hellip;\n","protected":false},"author":2,"featured_media":337342,"comment_status":"","ping_status":"","sticky":false,"template":"","format":"standard","meta":{"footnotes":"","_share_on_mastodon":"0"},"categories":[5],"tags":[20,21,24,25,15,19,2539,22,23,17,18,13,30,28,29,14,16,26,27],"class_list":["post-337341","post","type-post","status-publish","format-standard","has-post-thumbnail","category-overskrifter","tag-breaking-news","tag-breakingnews","tag-featured-news","tag-featurednews","tag-headlines","tag-hovedoppslag","tag-innenriks","tag-latest-news","tag-latestnews","tag-main-news","tag-mainnews","tag-news","tag-no","tag-norge","tag-norway","tag-nyheter","tag-overskrifter","tag-top-stories","tag-topstories"],"share_on_mastodon":{"url":"https:\/\/pubeurope.com\/@no\/117178506258374178","error":""},"_links":{"self":[{"href":"https:\/\/www.europesays.com\/no\/wp-json\/wp\/v2\/posts\/337341","targetHints":{"allow":["GET"]}}],"collection":[{"href":"https:\/\/www.europesays.com\/no\/wp-json\/wp\/v2\/posts"}],"about":[{"href":"https:\/\/www.europesays.com\/no\/wp-json\/wp\/v2\/types\/post"}],"author":[{"embeddable":true,"href":"https:\/\/www.europesays.com\/no\/wp-json\/wp\/v2\/users\/2"}],"replies":[{"embeddable":true,"href":"https:\/\/www.europesays.com\/no\/wp-json\/wp\/v2\/comments?post=337341"}],"version-history":[{"count":0,"href":"https:\/\/www.europesays.com\/no\/wp-json\/wp\/v2\/posts\/337341\/revisions"}],"wp:featuredmedia":[{"embeddable":true,"href":"https:\/\/www.europesays.com\/no\/wp-json\/wp\/v2\/media\/337342"}],"wp:attachment":[{"href":"https:\/\/www.europesays.com\/no\/wp-json\/wp\/v2\/media?parent=337341"}],"wp:term":[{"taxonomy":"category","embeddable":true,"href":"https:\/\/www.europesays.com\/no\/wp-json\/wp\/v2\/categories?post=337341"},{"taxonomy":"post_tag","embeddable":true,"href":"https:\/\/www.europesays.com\/no\/wp-json\/wp\/v2\/tags?post=337341"}],"curies":[{"name":"wp","href":"https:\/\/api.w.org\/{rel}","templated":true}]}}