{"id":337367,"date":"2026-08-29T12:13:18","date_gmt":"2026-08-29T12:13:18","guid":{"rendered":"https:\/\/www.europesays.com\/no\/337367\/"},"modified":"2026-08-29T12:13:18","modified_gmt":"2026-08-29T12:13:18","slug":"odd-borlaug-109-kong-harald-var-god-for-noreg","status":"publish","type":"post","link":"https:\/\/www.europesays.com\/no\/337367\/","title":{"rendered":"Odd Borlaug (109): \u2013 Kong Harald var god for Noreg"},"content":{"rendered":"\n<p class=\"_lead_145nj_2 _lead_6fko5_53 layout-component text-serif-m layout-normal text-serif-l layout-component layout-normal layout-padded layout-padded\">Sogningen Odd Borlaug (109) trur tronskiftet vil g\u00e5 heilt fint.<\/p>\n<p><img alt=\"SPORTSFISKAR: Odd Borlaug (109) har i mange \u00e5r vore ein ivrig sportsfiskar - som kong Harald var det. Biletet er teke attmed elva Vikja i Vik i Sogn. Foto: Morten Jacobsen\" class=\"_image_jw3bv_65 layout-component layout-wide\" data-fullscreen- data-track-element-type=\"Article image fullscreen\" data-track-name=\"ImageFullscreen\" fetchpriority=\"high\" decoding=\"sync\" loading=\"eager\" height=\"4032\" itemprop=\"image\"  src=\"https:\/\/www.europesays.com\/no\/wp-content\/uploads\/2026\/08\/8fbaf716-c448-3e50-8d64-9b1bee58b320.jpeg\"  style=\"object-position:0% 0%\" width=\"3024\"\/>SPORTSFISKAR: Odd Borlaug (109) har i mange \u00e5r vore ein ivrig sportsfiskar &#8211; som kong Harald var det. Biletet er teke attmed elva Vikja i Vik i Sogn. Foto: Morten Jacobsen<\/p>\n<ul aria-hidden=\"true\" class=\"_images_ntbth_112\">\n<li><a class=\"_link_ntbth_117\" href=\"https:\/\/www.vg.no\/forfatter\/frank-ertesvaag\" style=\"z-index:1\" title=\"Frank Ertesv\u00e5g\" rel=\"nofollow noopener\" target=\"_blank\"><img alt=\"Bilde av Frank Ertesv\u00e5g\" class=\"_image_ntbth_93\" fetchpriority=\"low\" loading=\"lazy\" decoding=\"async\" itemprop=\"image\"  src=\"https:\/\/www.europesays.com\/no\/wp-content\/uploads\/2026\/08\/1788005595_342_77e9adab-9419-475b-b494-fe98c1a693d1.jpeg\"  width=\"480\"\/><\/a><\/li>\n<\/ul>\n<p> L\u00f8rdag 29. august kl. 13:33     <\/p>\n<p class=\"_paragraph_145nj_4 _paragraph_6fko5_10 layout-component text-serif-m layout-normal text-serif-m layout-padded\">\u2013 Eg har vel tent dei alle tre &#8211; b\u00e5de den f\u00f8rre kong Haakon, kong Olav og <a href=\"https:\/\/www.vg.no\/tag\/kong-harald?utm_source=vg-article&amp;utm_medium=auto-tagger&amp;utm_campaign=xrbnXX\" class=\"_link_145nj_39\" rel=\"nofollow noopener\" target=\"_blank\">kong Harald<\/a>, seier Odd til VG. <\/p>\n<p class=\"_paragraph_145nj_4 _paragraph_6fko5_10 layout-component text-serif-m layout-normal text-serif-m layout-padded\">Mannen fr\u00e5 Vik i Sogn er klar i toppen. Han har lenge vore Norges eldste mann, og vart den nest eldste personen i landet d\u00e5 <a href=\"https:\/\/www.vg.no\/nyheter\/i\/m0v4vO\/lina-anundsen-er-doed-111-aar-gammel\" data-track-element-type=\"Link\" data-track-id=\"link:m0v4vO\" class=\"_link_145nj_39\" rel=\"nofollow noopener\" target=\"_blank\">Lina Anundsen (111) sovna stille inn<\/a> p\u00e5 helse- og omsorgssenteret i Siljan 2. august.<\/p>\n<p class=\"_paragraph_145nj_4 _paragraph_6fko5_10 layout-component text-serif-m layout-normal text-serif-m layout-padded\">Borlaug, som fylte 109 \u00e5r den 31. mars har f\u00f8lgd n\u00f8ye med i media om Kong Harald sin bortgang dei siste dagane.<\/p>\n<p><img decoding=\"async\" alt=\"Bilde av Odd Borlaug (109)\" class=\"_image_148z4_25\" height=\"30\" itemprop=\"image\" loading=\"lazy\"  src=\"https:\/\/www.europesays.com\/no\/wp-content\/uploads\/2026\/08\/1655a3d7-d351-395e-b068-8554a5e3ae68.jpeg\"  width=\"40\"\/><strong class=\"_name_148z4_34 title-serif-xs\">Odd Borlaug (109)<\/strong><\/p>\n<p class=\"_paragraph_145nj_4 text-sans-m _description_148z4_39\">Norges eldste mann. Norges nest eldste person. Fr\u00e5 Feios, bur no i Vik i Sogn. Siste attlevande representant for H\u00e6ren sine soldatar fr\u00e5 felttoget i 1940.<\/p>\n<p class=\"_paragraph_145nj_4 _paragraph_6fko5_10 layout-component text-serif-m layout-normal text-serif-m layout-padded\">Han tykkjer det er trist at kongen gjennom dei siste 35 \u00e5ra er borte. <\/p>\n<p class=\"_paragraph_145nj_4 _paragraph_6fko5_10 layout-component text-serif-m layout-normal text-serif-m layout-padded\">\u2013 Eg er nok litt sorgtung no. Men n\u00e5r det er sagt, har eg berre godt \u00e5 seie om b\u00e5de han kong Harald og dei to kongane f\u00f8rut. Dei tente landet sitt godt, vurderer Odd.<\/p>\n<p><img alt=\"\u00d8VSTKOMMANDERANDE: Kong Harald m\u00f8tte vernepliktige fr\u00e5 Jarfjord grensestasjon p\u00e5 grensa til Russland i mars 2023.  Foto: Jan Langhaug \/ NTB\" class=\"_image_jw3bv_65 layout-component layout-normal\" data-fullscreen- data-track-element-type=\"Article image fullscreen\" data-track-name=\"ImageFullscreen\" decoding=\"async\" loading=\"lazy\" height=\"2432\" itemprop=\"image\"  src=\"https:\/\/www.europesays.com\/no\/wp-content\/uploads\/2026\/08\/9867390c-ba25-3a53-b375-ab2c55062618.jpeg\"  style=\"object-position:0% 0%\" width=\"3648\"\/>\u00d8VSTKOMMANDERANDE: Kong Harald m\u00f8tte vernepliktige fr\u00e5 Jarfjord grensestasjon p\u00e5 grensa til Russland i mars 2023.  Foto: Jan Langhaug \/ NTB<\/p>\n<p class=\"_paragraph_145nj_4 _paragraph_6fko5_10 layout-component text-serif-m layout-normal text-serif-m layout-padded\">\u2013 Kong Harald vart no kjend for sitt gode hum\u00f8r &#8211; samt at han synte medkjensle til dei som trengde det i heile landet, legg han til.<\/p>\n<p class=\"_paragraph_145nj_4 _paragraph_6fko5_10 layout-component text-serif-m layout-normal text-serif-m layout-padded\">Borlaug er 20 \u00e5r eldre enn kong Harald vart. <\/p>\n<p>Ikkje sj\u00f8lvsagt<\/p>\n<p class=\"_paragraph_145nj_4 _paragraph_6fko5_10 layout-component text-serif-m layout-normal text-serif-m layout-padded\">Odd er likevel audmjuk rundt sin eigen alder. Han veit at det langtifr\u00e5 er sj\u00f8lvsagt at ein er klar i hovudet og f\u00e5r behalde helsa nokon lunde n\u00e5r ein er 109 \u00e5r og fem m\u00e5nader gamal.<\/p>\n<p class=\"_paragraph_145nj_4 _paragraph_6fko5_10 layout-component text-serif-m layout-normal text-serif-m layout-padded\">Han er dessutan nett ferdig med \u00abein kur\u00bb for litt d\u00e5rleg helse den siste tida.<\/p>\n<p><img alt=\"NY KONGE: Kong Haakon den 8. avbilda saman med kronprinsesse Ingrid Alexandra - d\u00e5 Haakon var kronprins og dottera prinsesse p\u00e5 Bardufoss i 2025.  Foto: Heiko Junge \/ NTB\" class=\"_image_jw3bv_65 layout-component layout-normal\" data-fullscreen- data-track-element-type=\"Article image fullscreen\" data-track-name=\"ImageFullscreen\" decoding=\"async\" loading=\"lazy\" height=\"5167\" itemprop=\"image\"  src=\"https:\/\/www.europesays.com\/no\/wp-content\/uploads\/2026\/08\/fc1e5e98-6cab-3599-9c39-ed83b840178d.jpeg\"  style=\"object-position:0% 0%\" width=\"7746\"\/>NY KONGE: Kong Haakon den 8. avbilda saman med kronprinsesse Ingrid Alexandra &#8211; d\u00e5 Haakon var kronprins og dottera prinsesse p\u00e5 Bardufoss i 2025.  Foto: Heiko Junge \/ NTB<\/p>\n<p class=\"_paragraph_145nj_4 _paragraph_6fko5_10 layout-component text-serif-m layout-normal text-serif-m layout-padded\">\u2013 Kva trur du om Haakon den 8. som ny konge?<\/p>\n<p class=\"_paragraph_145nj_4 _paragraph_6fko5_10 layout-component text-serif-m layout-normal text-serif-m layout-padded\"><strong class=\"_strong_145nj_25\">\u2013 Han blir heilt sikkert like bra som kongane f\u00f8r han, svarar Borlaug.<\/strong><\/p>\n<p class=\"_paragraph_145nj_4 _paragraph_6fko5_10 layout-component text-serif-m layout-normal text-serif-m layout-padded\"> Han har ikkje lyst til \u00e5 peike ut nokon som betre og meir skikka enn dei andre.<\/p>\n<p><img alt=\"FEKK MEDALJE: Odd Borlaug fekk H\u00e6ren sin fortenestemedalje i 2023. D\u00e5 var Kong Harald \u00f8vstkommanderande i Forsvaret.  Foto: Forsvaret\" class=\"_image_jw3bv_65 layout-component layout-normal\" data-fullscreen- data-track-element-type=\"Article image fullscreen\" data-track-name=\"ImageFullscreen\" decoding=\"async\" loading=\"lazy\" height=\"1366\" itemprop=\"image\"  src=\"https:\/\/www.europesays.com\/no\/wp-content\/uploads\/2026\/08\/8c09a174-a122-35e4-aa3c-2ef0955c42aa.jpeg\"  style=\"object-position:0% 0%\" width=\"2048\"\/>FEKK MEDALJE: Odd Borlaug fekk H\u00e6ren sin fortenestemedalje i 2023. D\u00e5 var Kong Harald \u00f8vstkommanderande i Forsvaret.  Foto: Forsvaret<\/p>\n<p class=\"_paragraph_145nj_4 _paragraph_6fko5_10 layout-component text-serif-m layout-normal text-serif-m layout-padded\">Odd Borlaug tenestegjorde under krigsutbrotet v\u00e5ren 1940 i det norske Forsvaret sin fjerde brigade under kamphandlingane i Valdres. For tre \u00e5r sidan fekk han H\u00e6ren sin fortenestemedalje.  D\u00e5 var kong Harald den <a href=\"https:\/\/www.forsvaretsforum.no\/historie-kong-harald-kongehuset\/soldaten-harald\/368921\" class=\"_link_145nj_39\" rel=\"nofollow noopener\" target=\"_blank\">\u00f8vstkommanderande i Forsvaret<\/a>.<\/p>\n<p class=\"_paragraph_145nj_4 _paragraph_6fko5_10 layout-component text-serif-m layout-normal text-serif-m layout-padded\">Og d\u00e5 Borlaug var i kamp mot tyske styrkar aust for Fagernes for 86 \u00e5r sidan &#8211; var det kong Haakon den 7. som hadde kommandoen. <\/p>\n<p>Viktige datoar<\/p>\n<p class=\"_paragraph_145nj_4 _paragraph_6fko5_10 _paragraph_1kitn_11 layout-component text-serif-m layout-normal text-sans-m layout-padded\"><strong class=\"_strong_145nj_25\">Borlaug vart f\u00f8dd i 1917. D\u00e5 hadde Haakon VII vore konge sidan 1905.<\/strong><\/p>\n<ul class=\"_list_145nj_3 _list_6fko5_9 _list_1kitn_10 _unordered_145nj_106 layout-component text-serif-m layout-normal text-sans-m layout-padded\">\n<li class=\"_item_145nj_30\">25. november 1905 &#8211; Kong Haakon den 7. g\u00e5r i land som ny konge i Norge.<\/li>\n<li class=\"_item_145nj_30\">31. mars 1917 &#8211; Odd Borlaug blir f\u00f8dd.<\/li>\n<li class=\"_item_145nj_30\">21. september 1957 &#8211; Kong Olav den 5. overtek d\u00e5 kong Haakon VII d\u00f8yr.<\/li>\n<li class=\"_item_145nj_30\">17. januar 1991<strong class=\"_strong_145nj_25\"> &#8211; <\/strong>Kong Harald den 5. overtek d\u00e5 kong Olav V d\u00f8yr.<\/li>\n<li class=\"_item_145nj_30\">28. august 2026 &#8211; Kong Haakon den 8. overtek d\u00e5 kong Harald V d\u00f8yr.<\/li>\n<\/ul>\n<p>Vis mer<\/p>\n<p class=\"_paragraph_145nj_4 _paragraph_6fko5_10 layout-component text-serif-m layout-normal text-serif-m layout-padded\">Odd Borlaug har ogs\u00e5 motteke \u00abdeltakarmedaljen 9. april 1940 til 8. mai 1945\u00bb. Som trufast soldat har han tent fleire kongar b\u00e5de under- og etter andre verdskrigen. Det er han stolt av.<\/p>\n<p class=\"_paragraph_145nj_4 _paragraph_6fko5_10 layout-component text-serif-m layout-normal text-serif-m layout-padded\">D\u00e5 han fekk sp\u00f8rsm\u00e5l fr\u00e5 lokalavisa <a href=\"https:\/\/www.sognavis.no\/odd-borlaug-106-tildelt-haren-si-fortenestmedalje\/s\/5-115-976080\" class=\"_link_145nj_39\" rel=\"nofollow noopener\" target=\"_blank\">Sogn Avis<\/a> i 2023 om han hugsar kampane i Valdres, svara han kort:<\/p>\n<p class=\"_paragraph_145nj_4 _paragraph_6fko5_10 layout-component text-serif-m layout-normal text-serif-m layout-padded\">\u2013 Slikt sit i &#8211; det.<\/p>\n<p class=\"_paragraph_145nj_4 _paragraph_6fko5_10 layout-component text-serif-m layout-normal text-serif-m layout-padded\">\u2013 Har du m\u00f8tt nokre av kongane v\u00e5re, sp\u00f8r VG?<\/p>\n<p class=\"_paragraph_145nj_4 _paragraph_6fko5_10 layout-component text-serif-m layout-normal text-serif-m layout-padded\">\u2013 Nei, det har eg ikkje. Men eg har nok defilertdefilertMarsjere h\u00f8gtideleg i rekke. framom to av dei. So fekk eg no helsing fr\u00e5 Kong Harald d\u00e5 eg fylte 100 \u00e5r for ni \u00e5r sidan, hugsar Odd.<\/p>\n<p>Nok merksemd<\/p>\n<p class=\"_paragraph_145nj_4 _paragraph_6fko5_10 layout-component text-serif-m layout-normal text-serif-m layout-padded\">\u2013 Du f\u00f8l med i media om tronskiftet?<\/p>\n<p class=\"_paragraph_145nj_4 _paragraph_6fko5_10 layout-component text-serif-m layout-normal text-serif-m layout-padded\">\u2013 Ja, eg sit no her og h\u00f8yrer p\u00e5 det.<\/p>\n<p><img alt=\"GENERASJONSM\u00d8TE: Odd (109) sler av ein prat med Oliver Hillestad Jacobsen (no 13) ved elveosen i Vikja for eit par \u00e5r sidan.  Foto: Morten Jacobsen\" class=\"_image_jw3bv_65 layout-component layout-normal\" data-fullscreen- data-track-element-type=\"Article image fullscreen\" data-track-name=\"ImageFullscreen\" decoding=\"async\" loading=\"lazy\" height=\"4032\" itemprop=\"image\"  src=\"https:\/\/www.europesays.com\/no\/wp-content\/uploads\/2026\/08\/27e5f580-798e-37a1-a7d8-6e2f704ed59a.jpeg\"  style=\"object-position:0% 0%\" width=\"3024\"\/>GENERASJONSM\u00d8TE: Odd (109) sler av ein prat med Oliver Hillestad Jacobsen (no 13) ved elveosen i Vikja for eit par \u00e5r sidan.  Foto: Morten Jacobsen<\/p>\n<p class=\"_paragraph_145nj_4 _paragraph_6fko5_10 layout-component text-serif-m layout-normal text-serif-m layout-padded\">Han er til liks med kong Harald kjend for \u00e5 vere ein ivrig laksefiskar. <\/p>\n<p class=\"_paragraph_145nj_4 _paragraph_6fko5_10 layout-component text-serif-m layout-normal text-serif-m layout-padded\">P\u00e5 grunn av den omtala \u00abkuren\u00bb og litt skrantande helse &#8211; har han ikkje f\u00e5tt fiska i den lokale elva \u00abVikjao\u00bb i sommar, seier han. Sj\u00f8lv om lokalavisa tidlegare i sommar melde at han var observert med fiskestong i Vik.<\/p>\n<p class=\"_paragraph_145nj_4 _paragraph_6fko5_10 layout-component text-serif-m layout-normal text-serif-m layout-padded\">Men det er uansett berre to \u00e5r sidan han synte fram b\u00e5de fiskeplass og fangst <a href=\"https:\/\/www.vg.no\/nyheter\/i\/255pVr\/odd-107-fiskar-gratis-aeresmedlem-lenger-enn-mange-trudde\" data-track-element-type=\"Link\" data-track-id=\"link:255pVr\" class=\"_link_145nj_39\" rel=\"nofollow noopener\" target=\"_blank\">her i avisa<\/a>. <\/p>\n<p>Fiska i same elva<\/p>\n<p class=\"_paragraph_145nj_4 _paragraph_6fko5_10 layout-component text-serif-m layout-normal text-serif-m layout-padded\">\u2013 Han var glad i \u00e5 fiske, kong Harald ogs\u00e5. Har de fiska i same elva?<\/p>\n<p class=\"_paragraph_145nj_4 _paragraph_6fko5_10 layout-component text-serif-m layout-normal text-serif-m layout-padded\">\u2013 Ja, begge har me fiska i Romsdalen i ei elv som heiter Eira. Elva renn ut i Eresfjorden. Det var ei god elv, og eg veit at <a href=\"https:\/\/www.nrk.no\/mr\/ingen-laks-for-kongen-1.11060484\" class=\"_link_145nj_39\" rel=\"nofollow noopener\" target=\"_blank\">kongen ogs\u00e5 fiska der<\/a>, svarar 109-\u00e5ringen.<\/p>\n<p class=\"_paragraph_145nj_4 _paragraph_6fko5_10 layout-component text-serif-m layout-normal text-serif-m layout-padded\">Han har bursdag \u00absiste dagen i mars\u00bb. Neste gong i 2027.<\/p>\n<p class=\"_paragraph_145nj_4 _paragraph_6fko5_10 layout-component text-serif-m layout-normal text-serif-m layout-padded\">\u2013 D\u00e5 blir du 110?<\/p>\n<p class=\"_paragraph_145nj_4 _paragraph_6fko5_10 layout-component text-serif-m layout-normal text-serif-m layout-padded\">\u2013 Ja, ja, dersom eg f\u00e5r oppleve det so, svarar Odd Borlaug som seinast p\u00e5 <a href=\"https:\/\/www.sognavis.no\/no-er-odd-109-nest-eldst-i-landet-og-framleis-fiskar-han-laks\/s\/5-115-1469063\" class=\"_link_145nj_39\" rel=\"nofollow noopener\" target=\"_blank\">109-\u00e5rs dagen<\/a> minna om at det ikkje er berre-berre \u00e5 bli so gamal som han er no.<\/p>\n<p class=\"_paragraph_145nj_4 _paragraph_6fko5_10 layout-component text-serif-m layout-normal text-serif-m layout-padded\">\u2013 Alderen kjem ikkje \u00e5leine.<\/p>\n","protected":false},"excerpt":{"rendered":"Sogningen Odd Borlaug (109) trur tronskiftet vil g\u00e5 heilt fint. SPORTSFISKAR: Odd Borlaug (109) har i mange \u00e5r&hellip;\n","protected":false},"author":2,"featured_media":337368,"comment_status":"","ping_status":"","sticky":false,"template":"","format":"standard","meta":{"footnotes":"","_share_on_mastodon":"0"},"categories":[10],"tags":[20,21,24,25,1903,8472,15,26105,22,23,13,30,28,29,14,16,26,27],"class_list":["post-337367","post","type-post","status-publish","format-standard","has-post-thumbnail","category-norge","tag-breaking-news","tag-breakingnews","tag-featured-news","tag-featurednews","tag-forsvaret","tag-haeren","tag-headlines","tag-kong-harald-5","tag-latest-news","tag-latestnews","tag-news","tag-no","tag-norge","tag-norway","tag-nyheter","tag-overskrifter","tag-top-stories","tag-topstories"],"share_on_mastodon":{"url":"https:\/\/pubeurope.com\/@no\/117178742801674606","error":""},"_links":{"self":[{"href":"https:\/\/www.europesays.com\/no\/wp-json\/wp\/v2\/posts\/337367","targetHints":{"allow":["GET"]}}],"collection":[{"href":"https:\/\/www.europesays.com\/no\/wp-json\/wp\/v2\/posts"}],"about":[{"href":"https:\/\/www.europesays.com\/no\/wp-json\/wp\/v2\/types\/post"}],"author":[{"embeddable":true,"href":"https:\/\/www.europesays.com\/no\/wp-json\/wp\/v2\/users\/2"}],"replies":[{"embeddable":true,"href":"https:\/\/www.europesays.com\/no\/wp-json\/wp\/v2\/comments?post=337367"}],"version-history":[{"count":0,"href":"https:\/\/www.europesays.com\/no\/wp-json\/wp\/v2\/posts\/337367\/revisions"}],"wp:featuredmedia":[{"embeddable":true,"href":"https:\/\/www.europesays.com\/no\/wp-json\/wp\/v2\/media\/337368"}],"wp:attachment":[{"href":"https:\/\/www.europesays.com\/no\/wp-json\/wp\/v2\/media?parent=337367"}],"wp:term":[{"taxonomy":"category","embeddable":true,"href":"https:\/\/www.europesays.com\/no\/wp-json\/wp\/v2\/categories?post=337367"},{"taxonomy":"post_tag","embeddable":true,"href":"https:\/\/www.europesays.com\/no\/wp-json\/wp\/v2\/tags?post=337367"}],"curies":[{"name":"wp","href":"https:\/\/api.w.org\/{rel}","templated":true}]}}