{"id":337395,"date":"2026-08-29T12:41:11","date_gmt":"2026-08-29T12:41:11","guid":{"rendered":"https:\/\/www.europesays.com\/no\/337395\/"},"modified":"2026-08-29T12:41:11","modified_gmt":"2026-08-29T12:41:11","slug":"usa-vurderer-a-bruke-falklandsoyene-som-pressmiddel-mot-storbritannia","status":"publish","type":"post","link":"https:\/\/www.europesays.com\/no\/337395\/","title":{"rendered":"USA vurderer \u00e5 bruke Falklands\u00f8yene som pressmiddel mot Storbritannia"},"content":{"rendered":"<p><strong>USA vurderer \u00e5 bruke sitt syn p\u00e5 Falklands\u00f8yene som pressmiddel for \u00e5 f\u00e5 Storbritannia til \u00e5 \u00f8ke forsvarsutgiftene, if\u00f8lge <a href=\"https:\/\/www.telegraph.co.uk\/world-news\/2026\/08\/28\/us-uk-boost-defence-spending-lose-falklands-support\/\" rel=\"nofollow noopener\" target=\"_blank\">The Telegraph<\/a>. Saken skal inng\u00e5 i en gjennomgang av Nato-landenes planer for \u00e5 n\u00e5 alliansens m\u00e5l for forsvars- og sikkerhetsutgifter.<\/strong><\/p>\n<p>En amerikansk tjenesteperson sier Storbritannia vil f\u00e5 \u00abspesiell oppmerksomhet\u00bb i gjennomgangen. Washington mener landet har potensial til \u00e5 v\u00e6re en ledende forsvarspartner, men at britenes n\u00e5v\u00e6rende plan for \u00f8kte forsvarsbevilgninger ikke g\u00e5r langt nok.<\/p>\n<p>\u2013 Vi trenger at allierte som Storbritannia trapper opp p\u00e5 store og grunnleggende omr\u00e5der, sier tjenestepersonen til avisen.<\/p>\n<p><strong>\u00d8nsker at Storbritannia bidrar mer <\/strong><\/p>\n<p>Storbritannia har suverenitet over Falklands\u00f8yene, som ogs\u00e5 Argentina gj\u00f8r krav p\u00e5. USA har offisielt en n\u00f8ytral posisjon i sp\u00f8rsm\u00e5let om suverenitet, samtidig som landet anerkjenner britisk administrasjon av \u00f8ygruppen.<\/p>\n<p>Diskusjonen kommer samtidig som USA \u00f8nsker at europeiske Nato-land og Canada skal ta et st\u00f8rre ansvar for konvensjonelt forsvar av Europa. Pentagon arbeider med en ny modell for alliansen, omtalt som Nato 3.0, mens USA gradvis retter mer av sitt milit\u00e6re fokus mot Indo-Stillehavsregionen.<\/p>\n<p>Pentagons \u00f8verste politiske r\u00e5dgiver, Elbridge Colby, har samtidig bedt europeiske allierte om \u00e5 gj\u00f8re mer for \u00e5 erstatte kapasitet som tidligere har v\u00e6rt levert av USA. Han har s\u00e6rlig etterlyst raskere investeringer i forsvarsmateriell.<\/p>\n<p>Nato-landene har forpliktet seg til \u00e5 bruke 3,5 prosent av bruttonasjonalproduktet p\u00e5 forsvar og ytterligere 1,5 prosent p\u00e5 sikkerhetsrelatert infrastruktur innen 2035. USA vurderer samtidig hvor mange amerikanske soldater som skal bli v\u00e6rende i Europa og hvor de skal v\u00e6re stasjonert.<\/p>\n<p><strong>Vil bruke Falklands\u00f8yene som pressmiddel<\/strong><\/p>\n<p>The Telegraph opplyser at et lekket Pentagon-notat tidligere i \u00e5r f\u00f8rst avsl\u00f8rte at Washington vurderte \u00e5 bruke Falklands-sp\u00f8rsm\u00e5let som diplomatisk virkemiddel. If\u00f8lge avisen p\u00e5g\u00e5r diskusjonen fortsatt.<\/p>\n<p>Storbritannias regjering har tidligere understreket at Falklands\u00f8yene er et britisk oversj\u00f8isk territorium. Samtidig kan \u00f8kt amerikansk press om britiske forsvarsutgifter f\u00e5 betydning for forholdet mellom de to Nato-allierte.<\/p>\n","protected":false},"excerpt":{"rendered":"USA vurderer \u00e5 bruke sitt syn p\u00e5 Falklands\u00f8yene som pressmiddel for \u00e5 f\u00e5 Storbritannia til \u00e5 \u00f8ke forsvarsutgiftene,&hellip;\n","protected":false},"author":2,"featured_media":337396,"comment_status":"","ping_status":"","sticky":false,"template":"","format":"standard","meta":{"footnotes":"","_share_on_mastodon":"0"},"categories":[12],"tags":[2756,20,21,55,21225,24,25,15,22,23,13,30,28,29,14,16,865,26,27,50,42,43,44,45],"class_list":["post-337395","post","type-post","status-publish","format-standard","has-post-thumbnail","category-verden","tag-argentina","tag-breaking-news","tag-breakingnews","tag-donald-trump","tag-falklandsoyene","tag-featured-news","tag-featurednews","tag-headlines","tag-latest-news","tag-latestnews","tag-news","tag-no","tag-norge","tag-norway","tag-nyheter","tag-overskrifter","tag-storbritannia","tag-top-stories","tag-topstories","tag-usa","tag-verden","tag-world","tag-world-news","tag-worldnews"],"share_on_mastodon":{"url":"https:\/\/pubeurope.com\/@no\/117178852010979462","error":""},"_links":{"self":[{"href":"https:\/\/www.europesays.com\/no\/wp-json\/wp\/v2\/posts\/337395","targetHints":{"allow":["GET"]}}],"collection":[{"href":"https:\/\/www.europesays.com\/no\/wp-json\/wp\/v2\/posts"}],"about":[{"href":"https:\/\/www.europesays.com\/no\/wp-json\/wp\/v2\/types\/post"}],"author":[{"embeddable":true,"href":"https:\/\/www.europesays.com\/no\/wp-json\/wp\/v2\/users\/2"}],"replies":[{"embeddable":true,"href":"https:\/\/www.europesays.com\/no\/wp-json\/wp\/v2\/comments?post=337395"}],"version-history":[{"count":0,"href":"https:\/\/www.europesays.com\/no\/wp-json\/wp\/v2\/posts\/337395\/revisions"}],"wp:featuredmedia":[{"embeddable":true,"href":"https:\/\/www.europesays.com\/no\/wp-json\/wp\/v2\/media\/337396"}],"wp:attachment":[{"href":"https:\/\/www.europesays.com\/no\/wp-json\/wp\/v2\/media?parent=337395"}],"wp:term":[{"taxonomy":"category","embeddable":true,"href":"https:\/\/www.europesays.com\/no\/wp-json\/wp\/v2\/categories?post=337395"},{"taxonomy":"post_tag","embeddable":true,"href":"https:\/\/www.europesays.com\/no\/wp-json\/wp\/v2\/tags?post=337395"}],"curies":[{"name":"wp","href":"https:\/\/api.w.org\/{rel}","templated":true}]}}