{"id":337417,"date":"2026-08-29T13:20:10","date_gmt":"2026-08-29T13:20:10","guid":{"rendered":"https:\/\/www.europesays.com\/no\/337417\/"},"modified":"2026-08-29T13:20:10","modified_gmt":"2026-08-29T13:20:10","slug":"mann-pafort-alvorlige-skader-i-stavanger","status":"publish","type":"post","link":"https:\/\/www.europesays.com\/no\/337417\/","title":{"rendered":"Mann p\u00e5f\u00f8rt alvorlige skader i Stavanger"},"content":{"rendered":"\n<p class=\"_lead_145nj_2 _lead_6fko5_53 layout-component text-serif-m layout-normal text-serif-l layout-component layout-wide layout-padded _wide_17hqh_1 layout-padded\">En mann er fraktet til Stavanger universitetssjukehus med alvorlige skader etter en voldshendelse natt til l\u00f8rdag.<\/p>\n<ul aria-hidden=\"true\" class=\"_images_ntbth_112\">\n<li><a class=\"_link_ntbth_117\" href=\"https:\/\/www.vg.no\/forfatter\/ingrid-storeboe\" style=\"z-index:1\" title=\"Ingrid Storeb\u00f8\" rel=\"nofollow noopener\" target=\"_blank\"><img alt=\"Bilde av Ingrid Storeb\u00f8\" class=\"_image_ntbth_93\" fetchpriority=\"low\" loading=\"lazy\" decoding=\"async\" itemprop=\"image\"  src=\"https:\/\/www.europesays.com\/no\/wp-content\/uploads\/2026\/08\/1788009610_630_b3fc896d-536d-4041-8257-79b6b2cd3323.jpeg\"  width=\"480\"\/><\/a><\/li>\n<\/ul>\n<p> Oppdatert l\u00f8rdag 29. august kl. 14:41     <\/p>\n<p class=\"_paragraph_145nj_4 _paragraph_6fko5_10 layout-component text-serif-m layout-normal text-serif-m layout-padded\">Hendelsen skjedde i like ved Klubbgata og \u00d8sterv\u00e5g, rundt klokken 02.30.<\/p>\n<p class=\"_paragraph_145nj_4 _paragraph_6fko5_10 layout-component text-serif-m layout-normal text-serif-m layout-padded\">If\u00f8lge operasjonsleder Olaug Bj\u00f8rnsen sto tre eller fire personer sammen med mannen f\u00f8r han ble p\u00e5f\u00f8rt alvorlige skader.<\/p>\n<p class=\"_paragraph_145nj_4 _paragraph_6fko5_10 layout-component text-serif-m layout-normal text-serif-m layout-padded\">Kort tid etter skal de antatte gjerningspersonene ha l\u00f8pt fra stedet.<\/p>\n<p class=\"_paragraph_145nj_4 _paragraph_6fko5_10 layout-component text-serif-m layout-normal text-serif-m layout-padded\">Politiet etterforsker saken og ber personer som kan ha sett noe eller har andre opplysninger, om \u00e5 ta kontakt p\u00e5 <strong class=\"_strong_145nj_25\">02800<\/strong>.<\/p>\n<p class=\"_paragraph_145nj_4 _paragraph_6fko5_10 layout-component text-serif-m layout-normal text-serif-m layout-padded\">De har ogs\u00e5 g\u00e5tt ut med beskrivelser av fire antatte gjerningspersoner, som skal ha v\u00e6rt if\u00f8rt ulike kombinasjoner av dongeribukser og bl\u00e5 eller gr\u00e5 overdeler.<\/p>\n","protected":false},"excerpt":{"rendered":"En mann er fraktet til Stavanger universitetssjukehus med alvorlige skader etter en voldshendelse natt til l\u00f8rdag. Oppdatert l\u00f8rdag&hellip;\n","protected":false},"author":2,"featured_media":337418,"comment_status":"","ping_status":"","sticky":false,"template":"","format":"standard","meta":{"footnotes":"","_share_on_mastodon":"0"},"categories":[10],"tags":[20,21,24,25,15,22,23,13,30,28,29,14,16,468,1306,26,27],"class_list":["post-337417","post","type-post","status-publish","format-standard","has-post-thumbnail","category-norge","tag-breaking-news","tag-breakingnews","tag-featured-news","tag-featurednews","tag-headlines","tag-latest-news","tag-latestnews","tag-news","tag-no","tag-norge","tag-norway","tag-nyheter","tag-overskrifter","tag-politiet","tag-stavanger","tag-top-stories","tag-topstories"],"share_on_mastodon":{"url":"https:\/\/pubeurope.com\/@no\/117179006069213383","error":""},"_links":{"self":[{"href":"https:\/\/www.europesays.com\/no\/wp-json\/wp\/v2\/posts\/337417","targetHints":{"allow":["GET"]}}],"collection":[{"href":"https:\/\/www.europesays.com\/no\/wp-json\/wp\/v2\/posts"}],"about":[{"href":"https:\/\/www.europesays.com\/no\/wp-json\/wp\/v2\/types\/post"}],"author":[{"embeddable":true,"href":"https:\/\/www.europesays.com\/no\/wp-json\/wp\/v2\/users\/2"}],"replies":[{"embeddable":true,"href":"https:\/\/www.europesays.com\/no\/wp-json\/wp\/v2\/comments?post=337417"}],"version-history":[{"count":0,"href":"https:\/\/www.europesays.com\/no\/wp-json\/wp\/v2\/posts\/337417\/revisions"}],"wp:featuredmedia":[{"embeddable":true,"href":"https:\/\/www.europesays.com\/no\/wp-json\/wp\/v2\/media\/337418"}],"wp:attachment":[{"href":"https:\/\/www.europesays.com\/no\/wp-json\/wp\/v2\/media?parent=337417"}],"wp:term":[{"taxonomy":"category","embeddable":true,"href":"https:\/\/www.europesays.com\/no\/wp-json\/wp\/v2\/categories?post=337417"},{"taxonomy":"post_tag","embeddable":true,"href":"https:\/\/www.europesays.com\/no\/wp-json\/wp\/v2\/tags?post=337417"}],"curies":[{"name":"wp","href":"https:\/\/api.w.org\/{rel}","templated":true}]}}