{"id":337429,"date":"2026-08-29T13:34:19","date_gmt":"2026-08-29T13:34:19","guid":{"rendered":"https:\/\/www.europesays.com\/no\/337429\/"},"modified":"2026-08-29T13:34:19","modified_gmt":"2026-08-29T13:34:19","slug":"jens-stoltenberg-forteller-om-kong-harald","status":"publish","type":"post","link":"https:\/\/www.europesays.com\/no\/337429\/","title":{"rendered":"Jens Stoltenberg forteller om kong Harald"},"content":{"rendered":"\n<ul class=\"_list_145nj_3 _list_64s2r_85 _unordered_145nj_106 text-sans-m\">\n<li class=\"_item_145nj_30\">Jens Stoltenberg minnes kong Harald som en n\u00e6r venn og fortrolig samtalepartner.<\/li>\n<li class=\"_item_145nj_30\">Kong Harald var skeptisk til \u00e5 skille kirke og stat og ville godkjenne kronprins Haakons ekteskap.<\/li>\n<li class=\"_item_145nj_30\">Stoltenberg sier kongens 2016-tale om mangfold er en av de viktigste noensinne.<\/li>\n<\/ul>\n<p>Vis mer <\/p>\n<p class=\"_paragraph_145nj_4 _paragraph_6fko5_10 layout-component text-serif-m layout-normal text-serif-m layout-padded\">Stoltenberg setter seg ned med VG l\u00f8rdag dagen etter <a href=\"https:\/\/www.vg.no\/tag\/kong-harald?utm_source=vg-article&amp;utm_medium=auto-tagger&amp;utm_campaign=n1bzba\" class=\"_link_145nj_39\" rel=\"nofollow noopener\" target=\"_blank\">kong Harald<\/a> d\u00f8de og vi fikk en ny konge.<\/p>\n<p class=\"_paragraph_145nj_4 _paragraph_6fko5_10 layout-component text-serif-m layout-normal text-serif-m layout-padded\">Han var statsminister fra 2000 til 2001 og fra 2005 til 2013.<\/p>\n<p class=\"_paragraph_145nj_4 _paragraph_6fko5_10 layout-component text-serif-m layout-normal text-serif-m layout-padded\">Stoltenberg forteller om:<\/p>\n<ul class=\"_list_145nj_3 _list_6fko5_9 _unordered_145nj_106 layout-component text-serif-m layout-normal text-serif-m layout-padded\">\n<li class=\"_item_145nj_30\">At kong Harald ble en venn, som han pratet i fortrolighet med.<\/li>\n<li class=\"_item_145nj_30\">Om da kong Harald nektet \u00e5 v\u00e6re med p\u00e5 \u00e5 skille kirke og stat.<\/li>\n<li class=\"_item_145nj_30\">Og om bakgrunnssamtalene kongen ville ha for \u00e5 f\u00e5 godkjent at kronprins Haakon skulle f\u00e5 gifte seg med Mette-Marit.<\/li>\n<\/ul>\n<p class=\"_paragraph_145nj_4 _paragraph_6fko5_10 layout-component text-serif-m layout-normal text-serif-m layout-padded\">Stoltenberg har v\u00e6rt med i nasjonalpolitikken siden 1985, da han ble AUF-lederAUF-lederAUF st\u00e5r for Arbeidernes Ungdomsfylking, som er ungdomsorganisasjonen til Arbeiderpartiet.. Han har opplevd tre konger: Olav, Harald og Haakon, n\u00e5 konge, som han har kjent i alle \u00e5r som kronprins.<\/p>\n<p class=\"_paragraph_145nj_4 _paragraph_6fko5_10 layout-component text-serif-m layout-normal text-serif-m layout-padded\">\u2013 Jeg har jobbet i regjeringsapparatet for tre konger. Jeg ble utnevnt av kong Olav i statsr\u00e5d som statssekret\u00e6r i 1990. Jeg rakk aldri \u00e5 komme tett p\u00e5 ham, sier Stoltenberg.<\/p>\n<p><img alt=\"Tre generasjoner samlet foran Skaugum. Kong Olav, prins Haakon og kronprins Harald, i september 1982.  Foto: Erik Thorberg \/ NTB\" class=\"_image_jw3bv_65 layout-component layout-normal\" data-fullscreen- data-track-element-type=\"Article image fullscreen\" data-track-name=\"ImageFullscreen\" decoding=\"async\" loading=\"lazy\" height=\"1985\" itemprop=\"image\"  src=\"https:\/\/www.europesays.com\/no\/wp-content\/uploads\/2026\/08\/51a76f65-b821-3459-bee7-a6206f954a31.jpeg\"  style=\"object-position:0% 0%\" width=\"2789\"\/>Tre generasjoner samlet foran Skaugum. Kong Olav, prins Haakon og kronprins Harald, i september 1982.  Foto: Erik Thorberg \/ NTB<\/p>\n<p class=\"_paragraph_145nj_4 _paragraph_6fko5_10 layout-component text-serif-m layout-normal text-serif-m layout-padded\">\u2013 Kong Olav var ogs\u00e5 en elsket konge, men det g\u00e5r vel an \u00e5 si at han var litt mer konservativ og gammeldags enn sin s\u00f8nn, Harald?<\/p>\n<p class=\"_paragraph_145nj_4 _paragraph_6fko5_10 layout-component text-serif-m layout-normal text-serif-m layout-padded\">\u2013 Ja, det tror jeg er riktig sagt, men de har begge reflektert sin tid. Kong Olav var konge i en annen tid enn det kong Harald har v\u00e6rt:<\/p>\n<p class=\"_paragraph_145nj_4 _paragraph_6fko5_10 layout-component text-serif-m layout-normal text-serif-m layout-padded\">\u2013 Under kong Harald har Norge opplevd store forandringer, med innvandring, europeisk integrering, med internett og digitalisering, som har forandret samfunnet v\u00e5rt, som ikke var der da han ble konge i 1991.<\/p>\n<p class=\"_paragraph_145nj_4 _paragraph_6fko5_10 layout-component text-serif-m layout-normal text-serif-m layout-padded\">Han legger til:<\/p>\n<p class=\"_paragraph_145nj_4 _paragraph_6fko5_10 layout-component text-serif-m layout-normal text-serif-m layout-padded\">\u2013 Han har forent tradisjon med moderne tanker, hvor mangfold og toleranse har v\u00e6rt sentralt i hans virke med \u00abAlt for Norge\u00bb som motto.<\/p>\n<p class=\"_paragraph_145nj_4 _paragraph_6fko5_10 layout-component text-serif-m layout-normal text-serif-m layout-padded\"><strong class=\"_strong_145nj_25\">Les Stoltenbergs minneord: <\/strong><a href=\"https:\/\/www.vg.no\/nyheter\/i\/wAbJyM\/et-samlingsmerke-er-borte\" data-track-element-type=\"Link\" data-track-id=\"link:wAbJyM\" class=\"_link_145nj_39\" rel=\"nofollow noopener\" target=\"_blank\">\u00abEt samlingsmerke er borte\u00bb<\/a><\/p>\n<p><img alt=\"Stoltenberg tok imot VG i Finansdepartementet l\u00f8rdag formiddag.  Foto: Gisle Oddstad \/ VG\" class=\"_image_jw3bv_65 layout-component layout-normal\" data-fullscreen- data-track-element-type=\"Article image fullscreen\" data-track-name=\"ImageFullscreen\" decoding=\"async\" loading=\"lazy\" height=\"5464\" itemprop=\"image\"  src=\"https:\/\/www.europesays.com\/no\/wp-content\/uploads\/2026\/08\/0fa2b071-c841-3238-b11f-4d7b6a4a475b.jpeg\"  style=\"object-position:0% 0%\" width=\"8192\"\/>Stoltenberg tok imot VG i Finansdepartementet l\u00f8rdag formiddag.  Foto: Gisle Oddstad \/ VG<\/p>\n<p class=\"_paragraph_145nj_4 _paragraph_6fko5_10 layout-component text-serif-m layout-normal text-serif-m layout-padded\">Stoltenberg sier det p\u00e5 en enest\u00e5ende m\u00e5te ble sammenfattet i kongens tale under en hagefest i Slottsparken 1. september 2016, hvor han blant annet sa:<\/p>\n<p class=\"_paragraph_145nj_4 _paragraph_6fko5_10 layout-component text-serif-m layout-normal text-serif-m layout-padded\">\u00abNordmenn er jenter som er glad i jenter, gutter som er glad i gutter, og jenter og gutter som er glad i hverandre.\u00bb<\/p>\n<p class=\"_paragraph_145nj_4 _paragraph_6fko5_10 layout-component text-serif-m layout-normal text-serif-m layout-padded\">\u00abNordmenn tror p\u00e5 Gud, Allah, Altet og Ingenting.\u00bb<\/p>\n<p class=\"_paragraph_145nj_4 _paragraph_6fko5_10 layout-component text-serif-m layout-normal text-serif-m layout-padded\">\u00abMed andre ord: Norge er dere. Norge er oss.\u00bb<\/p>\n<p><img alt=\"Kong Harald hilser p\u00e5 statsminister Erna Solberg som var en av mange som kom til slottsparken for \u00e5 h\u00f8re talen.  Foto: Lise \u00c5serud \/ NTB\" class=\"_image_jw3bv_65 layout-component layout-normal\" data-fullscreen- data-track-element-type=\"Article image fullscreen\" data-track-name=\"ImageFullscreen\" decoding=\"async\" loading=\"lazy\" height=\"3648\" itemprop=\"image\"  src=\"https:\/\/www.europesays.com\/no\/wp-content\/uploads\/2026\/08\/11496a5b-6b61-3e7f-a90e-89a7c8f98b19.jpeg\"  style=\"object-position:0% 0%\" width=\"5472\"\/>Kong Harald hilser p\u00e5 statsminister Erna Solberg som var en av mange som kom til slottsparken for \u00e5 h\u00f8re talen.  Foto: Lise \u00c5serud \/ NTB<\/p>\n<p class=\"_paragraph_145nj_4 _paragraph_6fko5_10 layout-component text-serif-m layout-normal text-serif-m layout-padded\">\u2013 Er det en av de beste talene som noensinne er holdt i Norge?<\/p>\n<p class=\"_paragraph_145nj_4 _paragraph_6fko5_10 layout-component text-serif-m layout-normal text-serif-m layout-padded\">\u2013 Det er i hvert fall en av de viktigste, fordi han gjennom ord klarte \u00e5 formidle hvem vi skal v\u00e6re, et land som har plass til flere og som viser mer toleranse, uavhengig av kj\u00f8nn, religion og legning.<\/p>\n<p class=\"_paragraph_145nj_4 _paragraph_6fko5_10 layout-component text-serif-m layout-normal text-serif-m layout-padded\">\u2013 N\u00e5r kongen sier det, s\u00e5 f\u00e5r det en annen betydning.<\/p>\n<p><img alt=\"Lett servering.  Foto: Gisle Oddstad \/ VG\" class=\"_image_jw3bv_65 layout-component layout-normal\" data-fullscreen- data-track-element-type=\"Article image fullscreen\" data-track-name=\"ImageFullscreen\" decoding=\"async\" loading=\"lazy\" height=\"4236\" itemprop=\"image\"  src=\"https:\/\/www.europesays.com\/no\/wp-content\/uploads\/2026\/08\/7b79c467-6b1c-3d54-97f9-78d3be065fcb.jpeg\"  style=\"object-position:0% 0%\" width=\"6130\"\/>Lett servering.  Foto: Gisle Oddstad \/ VG<\/p>\n<p class=\"_paragraph_145nj_4 _paragraph_6fko5_10 layout-component text-serif-m layout-normal text-serif-m layout-padded\">\u2013 Det var ikke helt politisk n\u00f8ytralt?<\/p>\n<p class=\"_paragraph_145nj_4 _paragraph_6fko5_10 layout-component text-serif-m layout-normal text-serif-m layout-padded\">\u2013 Jeg vil si at det ikke var verdimessig n\u00f8ytralt. Det er en viktig balansegang kongefamilien hele tiden m\u00e5 gj\u00f8re. De skal ikke v\u00e6re politiske. Det er viktig, men det kan ikke v\u00e6re helt uten verdimessig forankring.<\/p>\n<p class=\"_paragraph_145nj_4 _paragraph_6fko5_10 layout-component text-serif-m layout-normal text-serif-m layout-padded\">Men Stoltenberg sier at det hadde v\u00e6rt et problematisk budskap bare f\u00e5 \u00e5r f\u00f8r.<\/p>\n<p class=\"_paragraph_145nj_4 _paragraph_6fko5_10 layout-component text-serif-m layout-normal text-serif-m layout-padded\">\u2013 Da ville en slik tale bli oppfattet mye mer politisk. Jeg husker ti \u00e5r tidligere da jeg var statsminister og vi fremmet forslaget om ekteskap for likekj\u00f8nnedeekteskap for likekj\u00f8nnedeMellom menn eller mellom kvinner.. Det var omstridt, det var stor motstand og ikke \u00e5penbart at vi skulle f\u00e5 flertall for det i Stortinget:<\/p>\n<p class=\"_paragraph_145nj_4 _paragraph_6fko5_10 layout-component text-serif-m layout-normal text-serif-m layout-padded\">\u2013 Vi fors\u00f8kte \u00e5 fjerne blasfemiparagrafenblasfemiparagrafenEn tidligere lov i Norge som gjorde det straffbart \u00e5 krenke religion eller religi\u00f8se symboler.. Det var veldig vanskelig.<\/p>\n<p class=\"_paragraph_145nj_4 _paragraph_6fko5_10 layout-component text-serif-m layout-normal text-serif-m layout-padded\">\u2013 Du sier at den talen ikke kunne v\u00e6rt holdt ti \u00e5r tidligere?<\/p>\n<p class=\"_paragraph_145nj_4 _paragraph_6fko5_10 layout-component text-serif-m layout-normal text-serif-m layout-padded\">\u2013 Ja, jeg tror det hadde v\u00e6rt veldig vanskelig \u00e5 holdt den talen ti \u00e5r f\u00f8r. Noen merkesteiner m\u00e5tte flyttes og ble flyttet.<\/p>\n<p><img alt=\"Foto: Gisle Oddstad \/ VG\" class=\"_image_jw3bv_65 layout-component layout-normal\" data-fullscreen- data-track-element-type=\"Article image fullscreen\" data-track-name=\"ImageFullscreen\" decoding=\"async\" loading=\"lazy\" height=\"5464\" itemprop=\"image\"  src=\"https:\/\/www.europesays.com\/no\/wp-content\/uploads\/2026\/08\/2cc84feb-3607-3a2e-ac0c-4b388c12bb3d.jpeg\"  style=\"object-position:0% 0%\" width=\"8192\"\/>Foto: Gisle Oddstad \/ VG<\/p>\n<p class=\"_paragraph_145nj_4 _paragraph_6fko5_10 layout-component text-serif-m layout-normal text-serif-m layout-padded\">Vi g\u00e5r videre til den fremste dragkampen mellom kongen og Stoltenberg da han var statsminister.<\/p>\n<p class=\"_paragraph_145nj_4 _paragraph_6fko5_10 layout-component text-serif-m layout-normal text-serif-m layout-padded\">\u2013 Det var statskirkereformen jeg jobbet tettest politisk med kong Harald, sier han.<\/p>\n<p class=\"_paragraph_145nj_4 _paragraph_6fko5_10 layout-component text-serif-m layout-normal text-serif-m layout-padded\">Etter 500 \u00e5r ville et flertall fjerne statskirkenstatskirken En kirke som er offisielt knyttet til staten og ofte har spesielle privilegier eller plikter. Et flertall p\u00e5 Stortinget opphevet statskirken., ved \u00e5 skille stat og kirke.<\/p>\n<p class=\"_paragraph_145nj_4 _paragraph_6fko5_10 layout-component text-serif-m layout-normal text-serif-m layout-padded\">Men kongen var skeptisk.<\/p>\n<p class=\"_paragraph_145nj_4 _paragraph_6fko5_10 layout-component text-serif-m layout-normal text-serif-m layout-padded\">\u2013 Du skriver i din bok at da dette ble kjent ble det \u00f8kt motstand i Stortinget mot reformen?<\/p>\n<p class=\"_paragraph_145nj_4 _paragraph_6fko5_10 layout-component text-serif-m layout-normal text-serif-m layout-padded\">\u2013 Ja, vi var redde for \u00e5 ikke f\u00e5 det 2\/3-dels flertallet som kreves, s\u00e5 kirkeminister Trond Giske og jeg m\u00e5tte finne et kompromiss.<\/p>\n<p><img alt=\"Foto: Kristian Helgesen \/ VG\" class=\"_image_jw3bv_65 layout-component layout-normal\" data-fullscreen- data-track-element-type=\"Article image fullscreen\" data-track-name=\"ImageFullscreen\" decoding=\"async\" loading=\"lazy\" height=\"2804\" itemprop=\"image\"  src=\"https:\/\/www.europesays.com\/no\/wp-content\/uploads\/2026\/08\/bd205ebb-add4-3276-a002-2a6b494bb1d4.jpeg\"  style=\"object-position:0% 0%\" width=\"4000\"\/>Foto: Kristian Helgesen \/ VG<\/p>\n<p class=\"_paragraph_145nj_4 _paragraph_6fko5_10 layout-component text-serif-m layout-normal text-serif-m layout-padded\">\u2013 B\u00e5de Giske og jeg hadde samtaler med kongen. Kongen argumenterte med at han var kirkens overhode i kraft av \u00e5 v\u00e6re statens overhode og at det st\u00e5r i grunnloven at religionen til statsoverhodet skal v\u00e6re evangelisk-lutherskevangelisk-lutherskEn retning innen kristendommen som f\u00f8lger l\u00e6ren til Martin Luther og er vanlig i Norge. tro.<\/p>\n<p class=\"_paragraph_145nj_4 _paragraph_6fko5_10 layout-component text-serif-m layout-normal text-serif-m layout-padded\">Han forteller om en dragkamp, mellom en konge og en statsminister.<\/p>\n<p class=\"_paragraph_145nj_4 _paragraph_6fko5_10 layout-component text-serif-m layout-normal text-serif-m layout-padded\">\u2013 Dette var et omr\u00e5de hvor kongen egentlig ikke skulle mene noe, det var et politisk sp\u00f8rsm\u00e5l. Han ble likevel lyttet til og l\u00f8sningen ble en som ikke fremst\u00e5r som \u00e5penbart logisk, men politikk er ikke alltid logisk:<\/p>\n<p class=\"_paragraph_145nj_4 _paragraph_6fko5_10 layout-component text-serif-m layout-normal text-serif-m layout-padded\">\u2013 At staten ikke lenger har en religion, men at statsoverhodet har en grunnlovsfestet religion. Det er en norsk l\u00f8sning. Det krevde noen samtaler og var den saken hvor kongen overfor meg tydelig har markert et politisk standpunkt.<\/p>\n<p><img alt=\"Foto: Gisle Oddstad \/ VG\" class=\"_image_jw3bv_65 layout-component layout-normal\" data-fullscreen- data-track-element-type=\"Article image fullscreen\" data-track-name=\"ImageFullscreen\" decoding=\"async\" loading=\"lazy\" height=\"5464\" itemprop=\"image\"  src=\"https:\/\/www.europesays.com\/no\/wp-content\/uploads\/2026\/08\/c629940d-48de-3d6f-a69e-ec1dd0822264.jpeg\"  style=\"object-position:0% 0%\" width=\"7700\"\/>Foto: Gisle Oddstad \/ VG<\/p>\n<p class=\"_paragraph_145nj_4 _paragraph_6fko5_10 layout-component text-serif-m layout-normal text-serif-m layout-padded\">I boken skriver Stoltenberg ogs\u00e5 om en motsatt problemstilling, hvor kongen s\u00f8kte r\u00e5d hos statsministeren.<\/p>\n<p class=\"_paragraph_145nj_4 _paragraph_6fko5_10 layout-component text-serif-m layout-normal text-serif-m layout-padded\">Kongen viste til at \u00abMette-Marit hadde et barn fra f\u00f8r, at hun hadde v\u00e6rt med p\u00e5 utagerende festing, og kunne ha gjort ting hun ikke var s\u00e5 stolt av.\u00bb<\/p>\n<p class=\"_paragraph_145nj_4 _paragraph_6fko5_10 layout-component text-serif-m layout-normal text-serif-m layout-padded\">\u2013 Du forsikret kongen om at det gikk bra?<\/p>\n<p class=\"_paragraph_145nj_4 _paragraph_6fko5_10 layout-component text-serif-m layout-normal text-serif-m layout-padded\">\u2013 Jeg var glad for at han ville samtale om det. Jeg ble egentlig ikke overrasket fordi jeg visste at det var veldig mange runder f\u00f8r han kunne f\u00e5 gifte seg med Sonja. Han var veldig opptatt av at hans s\u00f8nn ikke skulle oppleve det han hadde opplevd, hvor det var stor motstand i regjeringen mot at han kunne gifte seg med Sonja.<\/p>\n<p><img alt=\"Kongen og statsministeren var enig om ikke \u00e5 st\u00e5 i veien for kj\u00e6rligheten. Denne kj\u00e6rligheten.  Foto: Anne Elisabeth N\u00e6ss \/ VG\" class=\"_image_jw3bv_65 layout-component layout-normal\" data-fullscreen- data-track-element-type=\"Article image fullscreen\" data-track-name=\"ImageFullscreen\" decoding=\"async\" loading=\"lazy\" height=\"2048\" itemprop=\"image\"  src=\"https:\/\/www.europesays.com\/no\/wp-content\/uploads\/2026\/08\/eb456a03-806d-366f-958a-718781b440a3.jpeg\"  style=\"object-position:0% 0%\" width=\"3072\"\/>Kongen og statsministeren var enig om ikke \u00e5 st\u00e5 i veien for kj\u00e6rligheten. Denne kj\u00e6rligheten.  Foto: Anne Elisabeth N\u00e6ss \/ VG<\/p>\n<p class=\"_paragraph_145nj_4 _paragraph_6fko5_10 layout-component text-serif-m layout-normal text-serif-m layout-padded\">\u2013 S\u00e5 sier alts\u00e5 kongen, med hans lune humor: \u00abMen akkurat n\u00e5r det gjelder denne paragrafen om at kongen m\u00e5 godkjenne kronprinsens ekteskap, vil jeg mene at kongen faktisk er kongen, det vil si meg \u2013 og ikke deg.\u00bb<\/p>\n<p class=\"_paragraph_145nj_4 _paragraph_6fko5_10 layout-component text-serif-m layout-normal text-serif-m layout-padded\">Han fortsetter:<\/p>\n<p class=\"_paragraph_145nj_4 _paragraph_6fko5_10 layout-component text-serif-m layout-normal text-serif-m layout-padded\">\u2013 Vi lo og jeg sa meg helt enig. Der satt to eldre menn og diskuterte kj\u00e6rligheten til et yngre par, og det var ingen tvil hos oss begge \u2013 at kj\u00e6rligheten vinner. <\/p>\n<p class=\"_paragraph_145nj_4 _paragraph_6fko5_10 layout-component text-serif-m layout-normal text-serif-m layout-padded\">Kong Harald og statsminister Stoltenberg har m\u00f8ttes i statsr\u00e5d nesten ukentlig, men en gang i m\u00e5neden m\u00f8ttes de til en uoffisiell prat.<\/p>\n<p><img alt=\"Fotballglede.  Foto: Marius Knutsen \/ VG\" class=\"_image_jw3bv_65 layout-component layout-normal\" data-fullscreen- data-track-element-type=\"Article image fullscreen\" data-track-name=\"ImageFullscreen\" decoding=\"async\" loading=\"lazy\" height=\"3264\" itemprop=\"image\"  src=\"https:\/\/www.europesays.com\/no\/wp-content\/uploads\/2026\/08\/daaf95de-87fa-3aa4-b295-e83c3db14821.jpeg\"  style=\"object-position:0% 0%\" width=\"4896\"\/>Fotballglede.  Foto: Marius Knutsen \/ VG<\/p>\n<p class=\"_paragraph_145nj_4 _paragraph_6fko5_10 layout-component text-serif-m layout-normal text-serif-m layout-padded\">\u2013 Prater dere om fortrolige ting?<\/p>\n<p class=\"_paragraph_145nj_4 _paragraph_6fko5_10 layout-component text-serif-m layout-normal text-serif-m layout-padded\">\u2013 De samtalene har handlet om alt fra storpolitikk til kj\u00e6rlighet og jakthistorier. Det som preget samtalene var at han var utrolig kunnskapsrik. Han har truffet mennesker i hele landet og de fremste ekspertene, som ga ham en enest\u00e5ende innsikt i hva som r\u00f8rte seg. <\/p>\n<p class=\"_paragraph_145nj_4 _paragraph_6fko5_10 layout-component text-serif-m layout-normal text-serif-m layout-padded\">\u2013 Vil du si at dere ble venner da dere var s\u00e5 tette gjennom mange \u00e5r?<\/p>\n<p class=\"_paragraph_145nj_4 _paragraph_6fko5_10 layout-component text-serif-m layout-normal text-serif-m layout-padded\">\u2013 Han ble en venn i den forstand at vi m\u00f8ttes jevnlig over flere ti\u00e5r og snakket ogs\u00e5 om personlige forhold, om og med mine foreldre, som han kjente godt. Min far satte stor pris p\u00e5 at han kom i min mors bisettelse i 2012. Det ble en blanding av jobb og private forhold.<\/p>\n<p class=\"_paragraph_145nj_4 _paragraph_6fko5_10 layout-component text-serif-m layout-normal text-serif-m layout-padded\">\u2013 M\u00f8ttes dere i andre sammenhenger enn de offisielle, alts\u00e5 privat?<\/p>\n<p class=\"_paragraph_145nj_4 _paragraph_6fko5_10 layout-component text-serif-m layout-normal text-serif-m layout-padded\">\u2013 Ja, men jeg vil ikke si at vi var en del av omgangskretsen til kongen. Ved noen anledninger spiste Ingrid og jeg p\u00e5 slottet, ogs\u00e5 sammen med mine foreldre. Og vi m\u00f8ttes hos felles venner og noen ganger privat. Ogs\u00e5 da jeg ble Nato-sjef inviterte han oss til sammenkomster. <\/p>\n<p class=\"_paragraph_145nj_4 _paragraph_6fko5_10 layout-component text-serif-m layout-normal text-serif-m layout-padded\">\u2013 Han blir fremstilt som \u00e5pen, smart, lun og morsom. Var han aldri sur og lite omgjengelig?<\/p>\n<p class=\"_paragraph_145nj_4 _paragraph_6fko5_10 layout-component text-serif-m layout-normal text-serif-m layout-padded\">\u2013 Jeg opplevde han aldri sur. Jeg er sikker p\u00e5 at alle mennesker er det. Men at noen er flinkere enn andre \u00e5 skjule det. Det er det som gjorde han s\u00e5 enest\u00e5ende: Han var opph\u00f8yet og n\u00e6r, folkelig, men alltid verdig. <\/p>\n<p><img alt=\"Foto: Gisle Oddstad \/ VG\" class=\"_image_jw3bv_65 layout-component layout-normal\" data-fullscreen- data-track-element-type=\"Article image fullscreen\" data-track-name=\"ImageFullscreen\" decoding=\"async\" loading=\"lazy\" height=\"7701\" itemprop=\"image\"  src=\"https:\/\/www.europesays.com\/no\/wp-content\/uploads\/2026\/08\/b47d55b5-40f7-3ad7-9c44-e6ec6431da2b.jpeg\"  style=\"object-position:0% 0%\" width=\"5462\"\/>Foto: Gisle Oddstad \/ VG<\/p>\n<p class=\"_paragraph_145nj_4 _paragraph_6fko5_10 layout-component text-serif-m layout-normal text-serif-m layout-padded\">\u2013 Kongefamilien har v\u00e6rt gjennom flere kriser de siste \u00e5rene, som har slitt p\u00e5 tilliten og det har blitt stilt sp\u00f8rsm\u00e5l ved monarkiets fremtid. Skj\u00f8nner du det?<\/p>\n<p class=\"_paragraph_145nj_4 _paragraph_6fko5_10 layout-component text-serif-m layout-normal text-serif-m layout-padded\">\u2013 I et demokrati er det naturlig diskusjon. Monarki  Monarki En styreform der en konge eller dronning er statsoverhode.er en historisk paradoksal statsform vi sannsynligvis ikke hadde valgt i dag. <\/p>\n<p class=\"_paragraph_145nj_4 _paragraph_6fko5_10 layout-component text-serif-m layout-normal text-serif-m layout-padded\">\u2013 Arv av posisjoner, som et monarki er, fremst\u00e5r som litt gammeldags?<\/p>\n<p class=\"_paragraph_145nj_4 _paragraph_6fko5_10 layout-component text-serif-m layout-normal text-serif-m layout-padded\">\u2013 Ja, det er gammeldags og ikke i tr\u00e5d med v\u00e5r tenkning i dag, men samtidig er det en ordning som fungerer. Vi har v\u00e6rt heldige og hatt veldig gode konger og kongsemner. N\u00e5 har kong Haakon blitt konge og kronprinsesse Ingrid Alexandra fremst\u00e5r som et veldig imponerende menneske.<\/p>\n<p class=\"_paragraph_145nj_4 _paragraph_6fko5_10 layout-component text-serif-m layout-normal text-serif-m layout-padded\">\u2013 Jeg er veldig skeptisk til \u00e5 begynne \u00e5 endre noe som i teorien kanskje ikke fungerer, men som fungerer i praksis. Det er store teoretiske og prinsipielle betenkeligheter med et monarki, men det er en ordning som fungerer godt i Norge. <\/p>\n<ul class=\"_gallery_1qa3s_23\" tabindex=\"0\">\n<li class=\"_item_1qa3s_37\" data-index=\"0\"><img decoding=\"async\" class=\"_image_foru8_23 _articleGallery_foru8_39\" data-fullscreen- width=\"3984\" height=\"2656\" itemprop=\"image\" loading=\"lazy\"  src=\"https:\/\/www.europesays.com\/no\/wp-content\/uploads\/2026\/08\/8a72baa3-3aca-3019-a7fe-c0dd45f7c484.jpeg\"  style=\"object-position:50% 50%;aspect-ratio:var(--gallery-aspect-ratio, 16 \/ 9)\"\/>Foto: Mattis Sandblad \/ VG<\/li>\n<li class=\"_item_1qa3s_37\" data-index=\"1\"><img decoding=\"async\" class=\"_image_foru8_23 _articleGallery_foru8_39\" data-fullscreen- width=\"8256\" height=\"5504\" itemprop=\"image\" loading=\"lazy\"  src=\"https:\/\/www.europesays.com\/no\/wp-content\/uploads\/2026\/08\/838ddee3-f248-37f6-a5dd-47f9805a4cce.jpeg\"  style=\"object-position:50% 50%;aspect-ratio:var(--gallery-aspect-ratio, 16 \/ 9)\"\/>Foto: G\u00f8ran Bohlin \/ VG<\/li>\n<li class=\"_item_1qa3s_37\" data-index=\"2\"><img decoding=\"async\" class=\"_image_foru8_23 _articleGallery_foru8_39\" data-fullscreen- width=\"8256\" height=\"5504\" itemprop=\"image\" loading=\"lazy\"  src=\"https:\/\/www.europesays.com\/no\/wp-content\/uploads\/2026\/08\/56cdee69-e0cf-3ba5-bd70-9f752aa968f3.jpeg\"  style=\"object-position:50% 50%;aspect-ratio:var(--gallery-aspect-ratio, 16 \/ 9)\"\/>Foto: G\u00f8ran Bohlin \/ VG<\/li>\n<\/ul>\n<p>Foto: Mattis Sandblad \/ VG<\/p>\n<p class=\"_paragraph_145nj_4 _paragraph_6fko5_10 layout-component text-serif-m layout-normal text-serif-m layout-padded\">\u2013 Tror du kong Haakon blir konge livet ut?<\/p>\n<p class=\"_paragraph_145nj_4 _paragraph_6fko5_10 layout-component text-serif-m layout-normal text-serif-m layout-padded\">\u2013 Ja, det tror jeg. Jeg har stor respekt for ham. Og de krisene du nevnte er vonde og har v\u00e6rt en belastning b\u00e5de for institusjonen og for menneskene. Men det har ogs\u00e5 vist styrken hos dem som har st\u00e5tt midt opp i det:<\/p>\n<p class=\"_paragraph_145nj_4 _paragraph_6fko5_10 layout-component text-serif-m layout-normal text-serif-m layout-padded\">\u2013 Jeg kan ikke tenke meg noen som er mer forberedt og som har fremst\u00e5tt som med mer tyngde som fremtidig konge, enn kong Haakon.<\/p>\n<p><img alt=\"De m\u00f8ttes p\u00e5 mange arenaer.  Foto: Berit Roald \/ NTB\" class=\"_image_jw3bv_65 layout-component layout-normal\" data-fullscreen- data-track-element-type=\"Article image fullscreen\" data-track-name=\"ImageFullscreen\" decoding=\"async\" loading=\"lazy\" height=\"1359\" itemprop=\"image\"  src=\"https:\/\/www.europesays.com\/no\/wp-content\/uploads\/2026\/08\/c2dae026-fc01-3ea0-9262-0b057c132d87.jpeg\"  style=\"object-position:0% 0%\" width=\"2580\"\/>De m\u00f8ttes p\u00e5 mange arenaer.  Foto: Berit Roald \/ NTB<\/p>\n<p class=\"_paragraph_145nj_4 _paragraph_6fko5_10 layout-component text-serif-m layout-normal text-serif-m layout-padded\">Stoltenberg sier at monarkiets viktighet ble vist etter 22. juli.<\/p>\n<p class=\"_paragraph_145nj_4 _paragraph_6fko5_10 layout-component text-serif-m layout-normal text-serif-m layout-padded\">\u2013 Da viste kong Harald, kronprins Haakon og kronprinsesse Mette-Marit hvor viktig de er i et land i sorg. Da trenger vi dem ekstra mye. Vi s\u00e5 det under og etter 2. verdenskrig, vi har sett det under naturkatastrofer.<\/p>\n<p><img alt=\"Foto: Mattis Sandblad \/ VG\" class=\"_image_jw3bv_65 layout-component layout-normal\" data-fullscreen- data-track-element-type=\"Article image fullscreen\" data-track-name=\"ImageFullscreen\" decoding=\"async\" loading=\"lazy\" height=\"1362\" itemprop=\"image\"  src=\"https:\/\/www.europesays.com\/no\/wp-content\/uploads\/2026\/08\/dd0d657d-c2a1-3a8f-b9ae-6589477e21ec.jpeg\"  style=\"object-position:0% 0%\" width=\"1824\"\/>Foto: Mattis Sandblad \/ VG<\/p>\n<p class=\"_paragraph_145nj_4 _paragraph_6fko5_10 layout-component text-serif-m layout-normal text-serif-m layout-padded\">Han sier at det var litt tilfeldig at kongen, kronprinsen og kronprinsesse Mette-Marit kom til Sundvolden hvor p\u00e5r\u00f8rende fortvilet fors\u00f8kte \u00e5 finne barna sine. <\/p>\n<p class=\"_paragraph_145nj_4 _paragraph_6fko5_10 layout-component text-serif-m layout-normal text-serif-m layout-padded\">\u2013 De kom da det ble kjent at det ikke var flere overlevende. Jeg m\u00f8tte dem f\u00f8rst og forberedte dem p\u00e5 den avgrunnen av sorg de ville m\u00f8te, at de ville m\u00f8te foreldre og p\u00e5r\u00f8rende som for f\u00e5 minutter siden hadde f\u00e5tt vite at barnet deres ikke var i live.<\/p>\n<p><img alt=\"Foto: Mattis Sandblad \/ VG\" class=\"_image_jw3bv_65 layout-component layout-normal\" data-fullscreen- data-track-element-type=\"Article image fullscreen\" data-track-name=\"ImageFullscreen\" decoding=\"async\" loading=\"lazy\" height=\"2390\" itemprop=\"image\"  src=\"https:\/\/www.europesays.com\/no\/wp-content\/uploads\/2026\/08\/57e7e5e3-ab30-3fc2-a034-0bafeae5348f.jpeg\"  style=\"object-position:0% 0%\" width=\"3009\"\/>Foto: Mattis Sandblad \/ VG<\/p>\n<p class=\"_paragraph_145nj_4 _paragraph_6fko5_10 layout-component text-serif-m layout-normal text-serif-m layout-padded\">\u2013 Den varmen og omsorgen de tre viste der, er akkurat slikt lederskap landet trenger \u00e5 oppleve.<\/p>\n<p class=\"_paragraph_145nj_4 _paragraph_6fko5_10 layout-component text-serif-m layout-normal text-serif-m layout-padded\">Han avslutter med en lun kongehistorie.<\/p>\n<p class=\"_paragraph_145nj_4 _paragraph_6fko5_10 layout-component text-serif-m layout-normal text-serif-m layout-padded\">\u2013 Kongen og jeg var sammen under 1000-\u00e5rsjubileet i FN, hvor alle verdensledere skulle samles til bilde. Jeg var statsminister og hadde f\u00e5tt et kort til \u00e5 g\u00e5 opp p\u00e5 Norges plass. Det skulle bare v\u00e6re et per land. Men det hadde kongen ogs\u00e5 f\u00e5tt:<\/p>\n<p><img alt=\"\" class=\"_image_jw3bv_65 layout-component layout-normal\" data-fullscreen- data-track-element-type=\"Article image fullscreen\" data-track-name=\"ImageFullscreen\" decoding=\"async\" loading=\"lazy\" height=\"1445\" itemprop=\"image\"  src=\"https:\/\/www.europesays.com\/no\/wp-content\/uploads\/2026\/08\/0df7a95a-59c9-3458-8cee-a433f2940151.jpeg\"  style=\"object-position:0% 0%\" width=\"3000\"\/><\/p>\n<p class=\"_paragraph_145nj_4 _paragraph_6fko5_10 layout-component text-serif-m layout-normal text-serif-m layout-padded\">\u2013 Da skj\u00f8nte jeg at jeg m\u00e5tte g\u00e5 ned, men jeg hadde lyst til \u00e5 v\u00e6re med og ble st\u00e5ende. Kongen kom og vi sto der begge da bildene ble tatt. Det var 192 statsledere p\u00e5 bildet. Bare ett land hadde f\u00e5tt to. Kongen og jeg lo godt og var enige om at det var greit, siden vi var et s\u00e5 stort land. <\/p>\n<p><img alt=\"P\u00e5 vei ut av Finansdepartementet var det mange som ville ha selfie.  Foto: Gisle Oddstad \/ VG\" class=\"_image_jw3bv_65 layout-component layout-normal\" data-fullscreen- data-track-element-type=\"Article image fullscreen\" data-track-name=\"ImageFullscreen\" decoding=\"async\" loading=\"lazy\" height=\"5464\" itemprop=\"image\"  src=\"https:\/\/www.europesays.com\/no\/wp-content\/uploads\/2026\/08\/680d170b-afa0-38f1-b366-048568822cd6.jpeg\"  style=\"object-position:0% 0%\" width=\"7854\"\/>P\u00e5 vei ut av Finansdepartementet var det mange som ville ha selfie.  Foto: Gisle Oddstad \/ VG<img alt=\"Foto: Lise \u00c5serud \/ NTB\" class=\"_image_jw3bv_65 layout-component layout-normal\" data-fullscreen- data-track-element-type=\"Article image fullscreen\" data-track-name=\"ImageFullscreen\" decoding=\"async\" loading=\"lazy\" height=\"1508\" itemprop=\"image\"  src=\"https:\/\/www.europesays.com\/no\/wp-content\/uploads\/2026\/08\/3c9b126b-9596-3460-adc4-9fba2fce3a6d.jpeg\"  style=\"object-position:0% 0%\" width=\"2262\"\/>Foto: Lise \u00c5serud \/ NTB    <\/p>\n","protected":false},"excerpt":{"rendered":"Jens Stoltenberg minnes kong Harald som en n\u00e6r venn og fortrolig samtalepartner. Kong Harald var skeptisk til \u00e5&hellip;\n","protected":false},"author":2,"featured_media":337430,"comment_status":"","ping_status":"","sticky":false,"template":"","format":"standard","meta":{"footnotes":"","_share_on_mastodon":"0"},"categories":[10],"tags":[20,21,24,25,15,240,26073,26105,22,23,13,30,28,281,29,14,16,26,27,205],"class_list":["post-337429","post","type-post","status-publish","format-standard","has-post-thumbnail","category-norge","tag-breaking-news","tag-breakingnews","tag-featured-news","tag-featurednews","tag-headlines","tag-jens-stoltenberg","tag-kong-haakon-8","tag-kong-harald-5","tag-latest-news","tag-latestnews","tag-news","tag-no","tag-norge","tag-norsk-politikk","tag-norway","tag-nyheter","tag-overskrifter","tag-top-stories","tag-topstories","tag-vgsamfunn"],"share_on_mastodon":{"url":"https:\/\/pubeurope.com\/@no\/117179060744479111","error":""},"_links":{"self":[{"href":"https:\/\/www.europesays.com\/no\/wp-json\/wp\/v2\/posts\/337429","targetHints":{"allow":["GET"]}}],"collection":[{"href":"https:\/\/www.europesays.com\/no\/wp-json\/wp\/v2\/posts"}],"about":[{"href":"https:\/\/www.europesays.com\/no\/wp-json\/wp\/v2\/types\/post"}],"author":[{"embeddable":true,"href":"https:\/\/www.europesays.com\/no\/wp-json\/wp\/v2\/users\/2"}],"replies":[{"embeddable":true,"href":"https:\/\/www.europesays.com\/no\/wp-json\/wp\/v2\/comments?post=337429"}],"version-history":[{"count":0,"href":"https:\/\/www.europesays.com\/no\/wp-json\/wp\/v2\/posts\/337429\/revisions"}],"wp:featuredmedia":[{"embeddable":true,"href":"https:\/\/www.europesays.com\/no\/wp-json\/wp\/v2\/media\/337430"}],"wp:attachment":[{"href":"https:\/\/www.europesays.com\/no\/wp-json\/wp\/v2\/media?parent=337429"}],"wp:term":[{"taxonomy":"category","embeddable":true,"href":"https:\/\/www.europesays.com\/no\/wp-json\/wp\/v2\/categories?post=337429"},{"taxonomy":"post_tag","embeddable":true,"href":"https:\/\/www.europesays.com\/no\/wp-json\/wp\/v2\/tags?post=337429"}],"curies":[{"name":"wp","href":"https:\/\/api.w.org\/{rel}","templated":true}]}}