{"id":337449,"date":"2026-08-29T13:59:16","date_gmt":"2026-08-29T13:59:16","guid":{"rendered":"https:\/\/www.europesays.com\/no\/337449\/"},"modified":"2026-08-29T13:59:16","modified_gmt":"2026-08-29T13:59:16","slug":"dronning-sonja-sto-ved-vinduet-og-sa-ut-mot-menneskene","status":"publish","type":"post","link":"https:\/\/www.europesays.com\/no\/337449\/","title":{"rendered":"Dronning Sonja sto ved vinduet og s\u00e5 ut mot menneskene"},"content":{"rendered":"\n<p class=\"_lead_145nj_2 _lead_6fko5_53 layout-component text-serif-m layout-normal text-serif-l layout-component layout-wide layout-padded _wide_17hqh_1 layout-padded\">Thea Westby fanget \u00f8yeblikket p\u00e5 kamera. <\/p>\n<p><img alt=\"Dronning Sonja st\u00e5r ved vinduet sammen med det som ser ut til \u00e5 v\u00e6re prinsesse M\u00e4rtha Louise og Maud Angelica Behn, mens folket samles p\u00e5 Slottsplassen. Foto: Thea Westby\" class=\"_image_jw3bv_65 layout-component layout-wide\" data-fullscreen- data-track-element-type=\"Article image fullscreen\" data-track-name=\"ImageFullscreen\" fetchpriority=\"high\" decoding=\"sync\" loading=\"eager\" height=\"3863\" itemprop=\"image\"  src=\"https:\/\/www.europesays.com\/no\/wp-content\/uploads\/2026\/08\/ec9d14b5-2b78-320b-90f3-445d77d90bd6.jpeg\"  style=\"object-position:0% 0%\" width=\"5150\"\/>Dronning Sonja st\u00e5r ved vinduet sammen med det som ser ut til \u00e5 v\u00e6re prinsesse M\u00e4rtha Louise og Maud Angelica Behn, mens folket samles p\u00e5 Slottsplassen. Foto: Thea Westby<\/p>\n<ul aria-hidden=\"true\" class=\"_images_ntbth_112\">\n<li><a class=\"_link_ntbth_117\" href=\"https:\/\/www.vg.no\/forfatter\/ingrid-storeboe\" style=\"z-index:1\" title=\"Ingrid Storeb\u00f8\" rel=\"nofollow noopener\" target=\"_blank\"><img alt=\"Bilde av Ingrid Storeb\u00f8\" class=\"_image_ntbth_93\" fetchpriority=\"low\" loading=\"lazy\" decoding=\"async\" itemprop=\"image\"  src=\"https:\/\/www.europesays.com\/no\/wp-content\/uploads\/2026\/08\/1788011954_945_b3fc896d-536d-4041-8257-79b6b2cd3323.jpeg\"  width=\"480\"\/><\/a><\/li>\n<\/ul>\n<p> Oppdatert l\u00f8rdag 29. august kl. 15:47    <\/p>\n<ul class=\"_list_145nj_3 _list_64s2r_85 _unordered_145nj_106 text-sans-m\">\n<li class=\"_item_145nj_30\">Thea Westby fanget Dronning Sonja, prinsesse M\u00e4rtha Louise og Maud Angelica Behn i et vindu p\u00e5 Slottet mens de s\u00e5 ut p\u00e5 folk som samlet seg.<\/li>\n<li class=\"_item_145nj_30\">Kongehusekspert Trond Nor\u00e9n Isaksen mener at kongefamilien m\u00e5 dele sorgen med hele landet, noe de b\u00e5de kan finne utfordrende og st\u00f8ttende.<\/li>\n<li class=\"_item_145nj_30\">Slottsplassen blir et samlingspunkt for nordmenn b\u00e5de i glede og sorg, spesielt n\u00e5 som de s\u00f8rger over kong Harald.<\/li>\n<\/ul>\n<p>Vis mer <\/p>\n<p class=\"_paragraph_145nj_4 _paragraph_6fko5_10 layout-component text-serif-m layout-normal text-serif-m layout-padded\">L\u00f8rdag ettermiddag fortsatte mennesker \u00e5 str\u00f8mme til Slottsplassen for \u00e5 legge ned blomster, tenne lys og minnes kong Harald.<\/p>\n<p class=\"_paragraph_145nj_4 _paragraph_6fko5_10 layout-component text-serif-m layout-normal text-serif-m layout-padded\">Blant dem var Thea Westby (29), som hadde tatt turen sammen med familien.<\/p>\n<p class=\"_paragraph_145nj_4 _paragraph_6fko5_10 layout-component text-serif-m layout-normal text-serif-m layout-padded\">S\u00e5 fikk hun \u00f8ye p\u00e5 noe i et av vinduene p\u00e5 Slottet.<\/p>\n<p class=\"_paragraph_145nj_4 _paragraph_6fko5_10 layout-component text-serif-m layout-normal text-serif-m layout-padded\"><strong class=\"_strong_145nj_25\">Like etter klokken 14 fanget hun \u00f8yeblikket p\u00e5 kamera: Dronning Sonja sto ved vinduet og s\u00e5 ut mot menneskene som hadde samlet seg p\u00e5 plassen.<\/strong><\/p>\n<p class=\"_paragraph_145nj_4 _paragraph_6fko5_10 layout-component text-serif-m layout-normal text-serif-m layout-padded\">Ved siden av henne sto to personer som ser ut til \u00e5 v\u00e6re prinsesse M\u00e4rtha Louise og Maud Angelica Behn.<\/p>\n<p><img alt=\"Foto: Thea Westby\" class=\"_image_jw3bv_65 layout-component layout-normal\" data-fullscreen- data-track-element-type=\"Article image fullscreen\" data-track-name=\"ImageFullscreen\" decoding=\"async\" loading=\"lazy\" height=\"8064\" itemprop=\"image\"  src=\"https:\/\/www.europesays.com\/no\/wp-content\/uploads\/2026\/08\/af0f19a2-1619-3d40-8d0e-7bfa16a712fe.jpeg\"  style=\"object-position:0% 0%\" width=\"5175\"\/>Foto: Thea Westby<\/p>\n<p class=\"_paragraph_145nj_4 _paragraph_6fko5_10 layout-component text-serif-m layout-normal text-serif-m layout-padded\"><strong class=\"_strong_145nj_25\">\u2013 Det var fint \u00e5 se at de f\u00e5r det med seg og ser at vi er samlet, sier Westby til VG.<\/strong><\/p>\n<p class=\"_paragraph_145nj_4 _paragraph_6fko5_10 layout-component text-serif-m layout-normal text-serif-m layout-padded\">Da VG snakker med henne, st\u00e5r hun fortsatt blant menneskene p\u00e5 Slottsplassen.<\/p>\n<p class=\"_paragraph_145nj_4 _paragraph_6fko5_10 layout-component text-serif-m layout-normal text-serif-m layout-padded\">\u2013 Det er en stille og behagelig stemning her n\u00e5, sier hun.<\/p>\n<p><img alt=\"Slottsplassen l\u00f8rdag 29. august.  Foto: Line_Moller \/ VG\" class=\"_image_jw3bv_65 layout-component layout-normal\" data-fullscreen- data-track-element-type=\"Article image fullscreen\" data-track-name=\"ImageFullscreen\" decoding=\"async\" loading=\"lazy\" height=\"5186\" itemprop=\"image\"  src=\"https:\/\/www.europesays.com\/no\/wp-content\/uploads\/2026\/08\/c3387154-bf91-3cdc-b9bf-bf24328bc72c.jpeg\"  style=\"object-position:0% 0%\" width=\"7759\"\/>Slottsplassen l\u00f8rdag 29. august.  Foto: Line_Moller \/ VG\u2013 M\u00e5 dele sorgen med et helt folk<\/p>\n<p class=\"_paragraph_145nj_4 _paragraph_6fko5_10 layout-component text-serif-m layout-normal text-serif-m layout-padded\">Kongehusekspert Trond Nor\u00e9n Isaksen har sett bildene Westby tok.<\/p>\n<p class=\"_paragraph_145nj_4 _paragraph_6fko5_10 layout-component text-serif-m layout-normal text-serif-m layout-padded\">Han mener \u00f8yeblikket viser noe av det s\u00e6regne ved kongefamiliens sorg.<\/p>\n<p class=\"_paragraph_145nj_4 _paragraph_6fko5_10 layout-component text-serif-m layout-normal text-serif-m layout-padded\"><strong class=\"_strong_145nj_25\">\u2013 I motsetning til oss andre m\u00e5 kongefamilien dele sorgen med et helt folk. Det kan v\u00e6re vanskelig \u00e5 m\u00e5tte v\u00e6re i offentligheten i s\u00e5 vonde stunder, men samtidig vet jeg at de opplever det som en st\u00f8tte at folket slutter opp om dem, sier Isaksen til VG l\u00f8rdag. <\/strong><\/p>\n<p><img decoding=\"async\" alt=\"Bilde av Trond Nor\u00e9n Isaksen\" class=\"_image_148z4_25\" height=\"27\" itemprop=\"image\" loading=\"lazy\"  src=\"https:\/\/www.europesays.com\/no\/wp-content\/uploads\/2026\/08\/fdfeb8f2-c312-332d-93fa-d38548f166ae.jpeg\"  width=\"40\"\/><strong class=\"_name_148z4_34 title-serif-xs\">Trond Nor\u00e9n Isaksen<\/strong><\/p>\n<p class=\"_paragraph_145nj_4 _paragraph_6fko5_10 layout-component text-serif-m layout-normal text-serif-m layout-padded\">Han trekker frem Slottsplassen som et sted nordmenn samles i b\u00e5de glede og sorg.<\/p>\n<p class=\"_paragraph_145nj_4 _paragraph_6fko5_10 layout-component text-serif-m layout-normal text-serif-m layout-padded\">\u2013 Ingen kan unng\u00e5 \u00e5 bli r\u00f8rt av det som skjer p\u00e5 Slottsplassen n\u00e5. Slottsplassen er Norges midtpunkt, hvor folket s\u00f8ker sammen i glede og sorg, sier Isaksen. <\/p>\n<p class=\"_paragraph_145nj_4 _paragraph_6fko5_10 layout-component text-serif-m layout-normal text-serif-m layout-padded\">Isaksen viser til kontrasten mellom sommerens folkefest og synet som m\u00f8ter kongefamilien n\u00e5.<\/p>\n<p class=\"_paragraph_145nj_4 _paragraph_6fko5_10 layout-component text-serif-m layout-normal text-serif-m layout-padded\"><strong class=\"_strong_145nj_25\">Fredag kveld samlet et kor seg p\u00e5 Slottsplassen for \u00e5 synge. I vinduene p\u00e5 Slottet kunne man se flere som hadde samlet seg for \u00e5 lytte &#8211; se video: <\/strong><\/p>\n<p class=\"_paragraph_145nj_4 _paragraph_6fko5_10 layout-component text-serif-m layout-normal text-serif-m layout-padded\">\u2013 Tidligere i sommer samlet nordmenn seg der i euforisk glede under fotball-VM. N\u00e5 n\u00e5r sommeren er p\u00e5 hell, samles vi der igjen, denne gangen i oppriktig sorg over en elsket konge, sier Isaksen. <\/p>\n<p class=\"_paragraph_145nj_4 _paragraph_6fko5_10 layout-component text-serif-m layout-normal text-serif-m layout-padded\">Han tror synet utenfor vinduet betyr mye for familien.<\/p>\n<p class=\"_paragraph_145nj_4 _paragraph_6fko5_10 layout-component text-serif-m layout-normal text-serif-m layout-padded\">\u2013 Jeg tviler ikke p\u00e5 at familien opplever det som en st\u00f8tte at folket s\u00e5 tydelig viser hvor mye kong Harald betydde for oss, sier Isaksen. <\/p>\n","protected":false},"excerpt":{"rendered":"Thea Westby fanget \u00f8yeblikket p\u00e5 kamera. Dronning Sonja st\u00e5r ved vinduet sammen med det som ser ut til&hellip;\n","protected":false},"author":2,"featured_media":337450,"comment_status":"","ping_status":"","sticky":false,"template":"","format":"standard","meta":{"footnotes":"","_share_on_mastodon":"0"},"categories":[10],"tags":[20,21,1560,24,25,15,26073,26105,22,23,13,30,28,29,14,16,26,27],"class_list":["post-337449","post","type-post","status-publish","format-standard","has-post-thumbnail","category-norge","tag-breaking-news","tag-breakingnews","tag-dronning-sonja","tag-featured-news","tag-featurednews","tag-headlines","tag-kong-haakon-8","tag-kong-harald-5","tag-latest-news","tag-latestnews","tag-news","tag-no","tag-norge","tag-norway","tag-nyheter","tag-overskrifter","tag-top-stories","tag-topstories"],"share_on_mastodon":{"url":"https:\/\/pubeurope.com\/@no\/117179159121148460","error":""},"_links":{"self":[{"href":"https:\/\/www.europesays.com\/no\/wp-json\/wp\/v2\/posts\/337449","targetHints":{"allow":["GET"]}}],"collection":[{"href":"https:\/\/www.europesays.com\/no\/wp-json\/wp\/v2\/posts"}],"about":[{"href":"https:\/\/www.europesays.com\/no\/wp-json\/wp\/v2\/types\/post"}],"author":[{"embeddable":true,"href":"https:\/\/www.europesays.com\/no\/wp-json\/wp\/v2\/users\/2"}],"replies":[{"embeddable":true,"href":"https:\/\/www.europesays.com\/no\/wp-json\/wp\/v2\/comments?post=337449"}],"version-history":[{"count":0,"href":"https:\/\/www.europesays.com\/no\/wp-json\/wp\/v2\/posts\/337449\/revisions"}],"wp:featuredmedia":[{"embeddable":true,"href":"https:\/\/www.europesays.com\/no\/wp-json\/wp\/v2\/media\/337450"}],"wp:attachment":[{"href":"https:\/\/www.europesays.com\/no\/wp-json\/wp\/v2\/media?parent=337449"}],"wp:term":[{"taxonomy":"category","embeddable":true,"href":"https:\/\/www.europesays.com\/no\/wp-json\/wp\/v2\/categories?post=337449"},{"taxonomy":"post_tag","embeddable":true,"href":"https:\/\/www.europesays.com\/no\/wp-json\/wp\/v2\/tags?post=337449"}],"curies":[{"name":"wp","href":"https:\/\/api.w.org\/{rel}","templated":true}]}}