{"id":337499,"date":"2026-08-29T15:28:22","date_gmt":"2026-08-29T15:28:22","guid":{"rendered":"https:\/\/www.europesays.com\/no\/337499\/"},"modified":"2026-08-29T15:28:22","modified_gmt":"2026-08-29T15:28:22","slug":"kong-harald-stortinget-aslaug-spurte-kongen-om-et-godt-rad","status":"publish","type":"post","link":"https:\/\/www.europesays.com\/no\/337499\/","title":{"rendered":"Kong Harald, Stortinget | \u00c5slaug spurte kongen om et godt r\u00e5d:"},"content":{"rendered":"\n<p>&#8211; Kong Harald var veldig god p\u00e5 smalltalk og \u00e5 gj\u00f8re det utrolig uformelt. Jeg har v\u00e6rt heldig og f\u00e5tt prate med ham tre-fire ganger etter middager p\u00e5 Slottet. Den samtalen jeg husker best fant sted p\u00e5 st\u00e5ende kaffe og avec etter at vi hadde f\u00e5tt servert selvskutt elg til middag. Like f\u00f8r slottsmiddagen hadde jeg og min mann Dagfinn snakket om jakt og at jeg syntes han skulle bli med p\u00e5 et jaktlag &#8211; og jeg fortalte til kongen at mannen min strittet litt imot og spurte hvordan jeg skulle klare \u00e5 overtale ham. \u00abDu m\u00e5 bare f\u00e5 ham med p\u00e5 \u00e9n tur, s\u00e5 er det gjort. For da f\u00e5r han oppleve kameratskapet &#8211; det er det som gj\u00f8r jakta s\u00e5 spesiell\u00bb. Og det fikk han rett i, forteller tidligere stortingsrepresentant \u00c5slaug Sem-Jacobsen.\u00a0<\/p>\n<p>Hun er trolig er den i Notodden som har m\u00f8tt Kong Harald og Dronning Sonja flest ganger gjennom sine to perioder p\u00e5 Stortinget.\u00a0<\/p>\n<p>   <img decoding=\"async\" width=\"5787\" height=\"4220\" fetchpriority=\"low\"  loading=\"lazy\"  src=\"https:\/\/www.europesays.com\/no\/wp-content\/uploads\/2026\/08\/ssdd.jpg\" alt=\"\" class=\"brick-c-cFOWSL\" style=\"--brick-image-ratio: 5787 \/ 4220;\"\/><\/p>\n<p>      SLOTTSMIDDAG: \u00c5slaug Sem-Jacobsen p\u00e5 vei inn til stortingsmiddagen p\u00e5 Slottet i oktober 2024, sammen med Hans Inge Myrvold. Det er en \u00e5rlig tradisjon at statsr\u00e5der, stortingsrepresentanter og representanter fra det offentlige Norge inviteres til middag av kongeparet.<br \/>\n      Foto: Stian Lysberg Solum \/ NTB\n    <\/p>\n<p>  Talen som overrasket og gledet<\/p>\n<p>Gjennom de siste dagene har hun fulgt med p\u00e5 nyhetene og merket at hennes kolleger hos Westcontrol Berget ogs\u00e5 har fulgt med p\u00e5 situasjonen.\u00a0<\/p>\n<p>&#8211; Det vi s\u00e5 p\u00e5 Slottsplassen torsdag, da flere og flere tok turen dit med blomster, opplever jeg som at det norske folk vet at blomster er et sterkt symbol og at de vil hedre et menneske de setter pris p\u00e5. Kong Harald m\u00e5 v\u00e6re ett av de mest respekterte menneskene i dette landet. Han har evnet \u00e5 forst\u00e5 folket og v\u00e6re p\u00e5 v\u00e5rt niv\u00e5, til tross for sin posisjon, og brukt sin rolle til \u00e5 l\u00f8fte gode, viktige verdier. Kong Harald har definitivt hatt en p\u00e5virkningskraft p\u00e5 det norske folk, sier \u00c5slaug.\u00a0<\/p>\n<p>Hun tror talen hans under kongeparets hagefest i 2016 kommer til \u00e5 bli husket i sv\u00e6rt lang tid &#8211; alts\u00e5 den om at nordmenn er jenter som er glad i jenter, gutter som er glad i gutter og jenter som er glad i hverandre. Nordmenn tror p\u00e5 Gud, Allah, Altet og Ingenting..<\/p>\n<p>&#8211; At en slik tale kommer fra landets konge er blitt langt merke til internasjonalt. Hans egen kamp for kj\u00e6rligheten har nok ogs\u00e5 gjort ham ekstremt tolerant og \u00e5pen p\u00e5 det omr\u00e5det, mener \u00c5slaug.\u00a0<\/p>\n<p>   <img decoding=\"async\" width=\"8640\" height=\"5760\" fetchpriority=\"low\"  loading=\"lazy\"  src=\"https:\/\/www.europesays.com\/no\/wp-content\/uploads\/2026\/08\/NTB_8mpgMsRncOk_1.jpg\" alt=\"\" class=\"brick-c-cFOWSL\" style=\"--brick-image-ratio: 8640 \/ 5760;\"\/><\/p>\n<p>      BER\u00d8RER EN HEL NASJON: Blomster p\u00e5 Slottsplassen denne uken.<br \/>\n      Foto: Cornelius Poppe \/ NTB\n    <\/p>\n<p>  Kongens humor<\/p>\n<p>Hun kommer til \u00e5 huske kongens humor og glimt i \u00f8ye.\u00a0<\/p>\n<p>&#8211; Han var jo s\u00e5 morsom. Det har aldri skjedd at vi ikke gapskrattet av hans taler p\u00e5 stortingsmiddagene p\u00e5 Slottet. Kongen hadde mye selvironi og galgenhumor. Jeg satt en gang ved siden av en av hans n\u00e6rmeste kolleger, som blant annet bisto med \u00e5 skrive taler. Da spurte jeg om det var han som fant p\u00e5 disse sp\u00f8kene, men da fortalte han at morsomhetene trengte ikke Kongen tips til &#8211; dem kom av seg selv, forteller \u00c5slaug, som fulgte nyhetene om kongens helse med tristhet.\u00a0<\/p>\n<p>Hennes tanker g\u00e5r til familien.\u00a0<\/p>\n","protected":false},"excerpt":{"rendered":"&#8211; Kong Harald var veldig god p\u00e5 smalltalk og \u00e5 gj\u00f8re det utrolig uformelt. Jeg har v\u00e6rt heldig&hellip;\n","protected":false},"author":2,"featured_media":337500,"comment_status":"","ping_status":"","sticky":false,"template":"","format":"standard","meta":{"footnotes":"","_share_on_mastodon":"0"},"categories":[5],"tags":[36,20,21,26111,24,25,15,19,2590,22,23,17,18,13,30,28,29,14,16,333,1510,26,27],"class_list":["post-337499","post","type-post","status-publish","format-standard","has-post-thumbnail","category-overskrifter","tag-art","tag-breaking-news","tag-breakingnews","tag-det-kongelige-slott","tag-featured-news","tag-featurednews","tag-headlines","tag-hovedoppslag","tag-kong-harald","tag-latest-news","tag-latestnews","tag-main-news","tag-mainnews","tag-news","tag-no","tag-norge","tag-norway","tag-nyheter","tag-overskrifter","tag-stortinget","tag-story","tag-top-stories","tag-topstories"],"share_on_mastodon":{"url":"https:\/\/pubeurope.com\/@no\/117179509249632842","error":""},"_links":{"self":[{"href":"https:\/\/www.europesays.com\/no\/wp-json\/wp\/v2\/posts\/337499","targetHints":{"allow":["GET"]}}],"collection":[{"href":"https:\/\/www.europesays.com\/no\/wp-json\/wp\/v2\/posts"}],"about":[{"href":"https:\/\/www.europesays.com\/no\/wp-json\/wp\/v2\/types\/post"}],"author":[{"embeddable":true,"href":"https:\/\/www.europesays.com\/no\/wp-json\/wp\/v2\/users\/2"}],"replies":[{"embeddable":true,"href":"https:\/\/www.europesays.com\/no\/wp-json\/wp\/v2\/comments?post=337499"}],"version-history":[{"count":0,"href":"https:\/\/www.europesays.com\/no\/wp-json\/wp\/v2\/posts\/337499\/revisions"}],"wp:featuredmedia":[{"embeddable":true,"href":"https:\/\/www.europesays.com\/no\/wp-json\/wp\/v2\/media\/337500"}],"wp:attachment":[{"href":"https:\/\/www.europesays.com\/no\/wp-json\/wp\/v2\/media?parent=337499"}],"wp:term":[{"taxonomy":"category","embeddable":true,"href":"https:\/\/www.europesays.com\/no\/wp-json\/wp\/v2\/categories?post=337499"},{"taxonomy":"post_tag","embeddable":true,"href":"https:\/\/www.europesays.com\/no\/wp-json\/wp\/v2\/tags?post=337499"}],"curies":[{"name":"wp","href":"https:\/\/api.w.org\/{rel}","templated":true}]}}