{"id":337519,"date":"2026-08-29T15:59:12","date_gmt":"2026-08-29T15:59:12","guid":{"rendered":"https:\/\/www.europesays.com\/no\/337519\/"},"modified":"2026-08-29T15:59:12","modified_gmt":"2026-08-29T15:59:12","slug":"kong-harald-v-har-flere-avtaler-pa-slottet-lordag","status":"publish","type":"post","link":"https:\/\/www.europesays.com\/no\/337519\/","title":{"rendered":"Kong Harald V har flere avtaler p\u00e5 Slottet l\u00f8rdag"},"content":{"rendered":"\n<p class=\"_lead_145nj_2 _lead_6fko5_53 layout-component text-serif-m layout-normal text-serif-l layout-component layout-wide layout-padded _wide_17hqh_1 layout-padded\">Kong Haakon har flere avtaler p\u00e5 Slottet l\u00f8rdag ettermiddag.<\/p>\n<p><img alt=\" Foto: Mattis Sandblad \/ VG\" class=\"_image_jw3bv_65 layout-component layout-wide\" data-fullscreen- data-track-element-type=\"Article image fullscreen\" data-track-name=\"ImageFullscreen\" fetchpriority=\"high\" decoding=\"sync\" loading=\"eager\" height=\"2656\" itemprop=\"image\"  src=\"https:\/\/www.europesays.com\/no\/wp-content\/uploads\/2026\/08\/d6b7d1b7-5173-39f9-a4bf-6854e6ab06d3.jpeg\"  style=\"object-position:0% 0%\" width=\"3984\"\/> Foto: Mattis Sandblad \/ VGRapporterer fra Slottet, Skaugum og VGs kontorer Oppdatert l\u00f8rdag 29. august kl. 17:57     <\/p>\n<p class=\"_paragraph_145nj_4 _paragraph_6fko5_10 layout-component text-serif-m layout-normal text-serif-m layout-padded\">Tre biler kj\u00f8rte ut av portene p\u00e5 Skaugum klokken 15.10. Norges nye konge satt i baksetet p\u00e5 en av dem.<\/p>\n<p class=\"_paragraph_145nj_4 _paragraph_6fko5_10 layout-component text-serif-m layout-normal text-serif-m layout-padded\">Under en halvtime senere var han fremme p\u00e5 Slottet.<\/p>\n<p class=\"_paragraph_145nj_4 _paragraph_6fko5_10 layout-component text-serif-m layout-normal text-serif-m layout-padded\">Etter <a href=\"https:\/\/www.vg.no\/tag\/kong-harald?utm_source=vg-article&amp;utm_medium=auto-tagger&amp;utm_campaign=vrbLvj\" class=\"_link_145nj_39\" rel=\"nofollow noopener\" target=\"_blank\">kong Haralds<\/a> d\u00f8d fredag, er det flere planlagte m\u00f8ter den nye kongen skal gjennom. Det starter han med allerede l\u00f8rdag ettermiddag. Han skal ha<a href=\"https:\/\/www.vg.no\/nyheter\/i\/GxqXeV\/kongen-holder-kondolanseaudienser-i-morgen\" data-track-element-type=\"Link\" data-track-id=\"link:GxqXeV\" class=\"_link_145nj_39\" rel=\"nofollow noopener\" target=\"_blank\"> tre audienser p\u00e5 Slottet<\/a>. <\/p>\n<p class=\"_paragraph_145nj_4 _paragraph_6fko5_10 layout-component text-serif-m layout-normal text-serif-m layout-padded\">Det er korte m\u00f8ter, hvor tre personer skal gi sine kondolanser til kongen. De tre er: <\/p>\n<ol class=\"_list_145nj_3 _list_6fko5_9 _ordered_145nj_79 layout-component text-serif-m layout-normal text-serif-m layout-padded\">\n<li class=\"_item_145nj_30\">Stortingspresident Masud Gharahkhani<\/li>\n<li class=\"_item_145nj_30\">H\u00f8yesterettsjustitiariusH\u00f8yesterettsjustitiariuslederen av Norges h\u00f8yesterett Toril Marie \u00d8ie <\/li>\n<li class=\"_item_145nj_30\">PresesPresesden \u00f8verste lederen for biskopene i Den norske kirke for Den norske kirke Olav Fykse Tveit <\/li>\n<\/ol>\n<p class=\"_paragraph_145nj_4 _paragraph_6fko5_10 layout-component text-serif-m layout-normal text-serif-m layout-padded\">Audiensene ble gjennomf\u00f8rt mellom klokken 17.30 og 18.00. <\/p>\n<p class=\"_paragraph_145nj_4 _paragraph_6fko5_10 layout-component text-serif-m layout-normal text-serif-m layout-padded\">De tre bes\u00f8kende skrev ogs\u00e5 under protokoll. <\/p>\n<ul class=\"_gallery_1qa3s_23\" tabindex=\"0\">\n<li class=\"_item_1qa3s_37\" data-index=\"0\"><img decoding=\"async\" class=\"_image_foru8_23 _articleGallery_foru8_39\" data-fullscreen- width=\"6542\" height=\"4364\" itemprop=\"image\" loading=\"lazy\"  src=\"https:\/\/www.europesays.com\/no\/wp-content\/uploads\/2026\/08\/42b25883-e9b7-38e9-b2ef-611dfa7e5943.jpeg\"  style=\"object-position:50% 50%;aspect-ratio:var(--gallery-aspect-ratio, 16 \/ 9)\"\/>Foto: Amanda Pedersen Giske  \/ NTB<\/li>\n<li class=\"_item_1qa3s_37\" data-index=\"1\"><img decoding=\"async\" class=\"_image_foru8_23 _articleGallery_foru8_39\" data-fullscreen- width=\"8005\" height=\"5339\" itemprop=\"image\" loading=\"lazy\"  src=\"https:\/\/www.europesays.com\/no\/wp-content\/uploads\/2026\/08\/b405e535-30b5-3c90-b8ec-d092f20dd78c.jpeg\"  style=\"object-position:50% 50%;aspect-ratio:var(--gallery-aspect-ratio, 16 \/ 9)\"\/>Foto: Amanda Pedersen Giske  \/ NTB<\/li>\n<li class=\"_item_1qa3s_37\" data-index=\"2\"><img decoding=\"async\" class=\"_image_foru8_23 _articleGallery_foru8_39\" data-fullscreen- width=\"8192\" height=\"5464\" itemprop=\"image\" loading=\"lazy\"  src=\"https:\/\/www.europesays.com\/no\/wp-content\/uploads\/2026\/08\/4fa50c5a-53bb-319d-aa62-6b66f3812e25.jpeg\"  style=\"object-position:50% 50%;aspect-ratio:var(--gallery-aspect-ratio, 16 \/ 9)\"\/>Foto: Amanda Pedersen Giske  \/ NTB<\/li>\n<\/ul>\n<p>Foto: Amanda Pedersen Giske  \/ NTB<\/p>\n<p class=\"_paragraph_145nj_4 _paragraph_6fko5_10 layout-component text-serif-m layout-normal text-serif-m layout-padded\"><strong class=\"_strong_145nj_25\">Kronprinsesse Ingrid Alexandra deltar ogs\u00e5 p\u00e5 audiensene. <\/strong><\/p>\n<p class=\"_paragraph_145nj_4 _paragraph_6fko5_10 layout-component text-serif-m layout-normal text-serif-m layout-padded\">L\u00f8rdag like f\u00f8r klokken 18 er ogs\u00e5 statsminister Jonas Gahr St\u00f8re p\u00e5 Slottet. <\/p>\n<p class=\"_paragraph_145nj_4 _paragraph_6fko5_10 layout-component text-serif-m layout-normal text-serif-m layout-padded\">Han skal p\u00e5 syning, melder Statsministerens kontor: <\/p>\n<p class=\"_paragraph_145nj_4 _paragraph_6fko5_10 layout-component text-serif-m layout-normal text-serif-m layout-padded\">\u00abSyning er ein tradisjon i samband med eit tronskifte. Den representerer regjeringa si markering av, og respekt for, overgangen fr\u00e5 avd\u00f8de Kong Harald V til ny regent, Kong Haakon VIII\u00bb, skriver de i en pressemelding. <\/p>\n<p class=\"_paragraph_145nj_4 _paragraph_6fko5_10 layout-component text-serif-m layout-normal text-serif-m layout-padded\">Kong Haakon skal ogs\u00e5\u00a0<a href=\"https:\/\/www.vg.no\/nyheter\/i\/V6pE5l\/kong-haakon-skal-tale-til-folket-klokken-19-00\" data-track-element-type=\"Link\" data-track-id=\"link:V6pE5l\" class=\"_link_145nj_39\" rel=\"nofollow noopener\" target=\"_blank\">tale til folket<\/a>\u00a0for f\u00f8rste gang som monark l\u00f8rdag kveld. Talen blir sendt 19.00, ogs\u00e5 p\u00e5 VG.<\/p>\n<p class=\"_paragraph_145nj_4 _paragraph_6fko5_10 layout-component text-serif-m layout-normal text-serif-m layout-padded\">Talen vil ikke v\u00e6re direktesendt, melder Slottet. <\/p>\n","protected":false},"excerpt":{"rendered":"Kong Haakon har flere avtaler p\u00e5 Slottet l\u00f8rdag ettermiddag. Foto: Mattis Sandblad \/ VGRapporterer fra Slottet, Skaugum og&hellip;\n","protected":false},"author":2,"featured_media":337520,"comment_status":"","ping_status":"","sticky":false,"template":"","format":"standard","meta":{"footnotes":"","_share_on_mastodon":"0"},"categories":[5],"tags":[20,21,24,25,15,19,26073,26105,22,23,17,18,13,30,28,29,14,16,404,26,27],"class_list":["post-337519","post","type-post","status-publish","format-standard","has-post-thumbnail","category-overskrifter","tag-breaking-news","tag-breakingnews","tag-featured-news","tag-featurednews","tag-headlines","tag-hovedoppslag","tag-kong-haakon-8","tag-kong-harald-5","tag-latest-news","tag-latestnews","tag-main-news","tag-mainnews","tag-news","tag-no","tag-norge","tag-norway","tag-nyheter","tag-overskrifter","tag-slottet","tag-top-stories","tag-topstories"],"share_on_mastodon":{"url":"https:\/\/pubeurope.com\/@no\/117179630443610437","error":""},"_links":{"self":[{"href":"https:\/\/www.europesays.com\/no\/wp-json\/wp\/v2\/posts\/337519","targetHints":{"allow":["GET"]}}],"collection":[{"href":"https:\/\/www.europesays.com\/no\/wp-json\/wp\/v2\/posts"}],"about":[{"href":"https:\/\/www.europesays.com\/no\/wp-json\/wp\/v2\/types\/post"}],"author":[{"embeddable":true,"href":"https:\/\/www.europesays.com\/no\/wp-json\/wp\/v2\/users\/2"}],"replies":[{"embeddable":true,"href":"https:\/\/www.europesays.com\/no\/wp-json\/wp\/v2\/comments?post=337519"}],"version-history":[{"count":0,"href":"https:\/\/www.europesays.com\/no\/wp-json\/wp\/v2\/posts\/337519\/revisions"}],"wp:featuredmedia":[{"embeddable":true,"href":"https:\/\/www.europesays.com\/no\/wp-json\/wp\/v2\/media\/337520"}],"wp:attachment":[{"href":"https:\/\/www.europesays.com\/no\/wp-json\/wp\/v2\/media?parent=337519"}],"wp:term":[{"taxonomy":"category","embeddable":true,"href":"https:\/\/www.europesays.com\/no\/wp-json\/wp\/v2\/categories?post=337519"},{"taxonomy":"post_tag","embeddable":true,"href":"https:\/\/www.europesays.com\/no\/wp-json\/wp\/v2\/tags?post=337519"}],"curies":[{"name":"wp","href":"https:\/\/api.w.org\/{rel}","templated":true}]}}